{"id":405555,"date":"2018-11-30T00:00:33","date_gmt":"2018-11-30T06:00:33","guid":{"rendered":"https:\/\/www.diarioimagen.net\/?p=405555"},"modified":"2018-11-30T02:48:54","modified_gmt":"2018-11-30T08:48:54","slug":"fin-de-semana-historico-mexico-sera-otro-desde-el-lunes","status":"publish","type":"post","link":"https:\/\/www.diarioimagen.net\/?p=405555","title":{"rendered":"Fin de semana hist\u00f3rico; M\u00e9xico ser\u00e1 otro desde el lunes"},"content":{"rendered":"<h2>La Retaguardia<\/h2>\n<h5>Adriana Moreno Cordero<\/h5>\n<p>&nbsp;<\/p>\n<ul>\n<li><strong><em>L\u00f3pez Obrador, tranquilo y confiado<\/em><\/strong><\/li>\n<li><strong><em>A Mart\u00ednez C\u00e1zares ya no le queda \u201csangre azul\u201d<\/em><\/strong><\/li>\n<\/ul>\n<p>&nbsp;<\/p>\n<p>&nbsp;<\/p>\n<p>El fin de semana que viene ser\u00e1 coyuntural y recordado por muchos a\u00f1os. En este sentido, no es osado se\u00f1alar que a partir de que <strong>Andr\u00e9s Manuel L\u00f3pez Obrador<\/strong> se convierta en presidente Constitucional, M\u00e9xico ser\u00e1 otro.<\/p>\n<p>Sin embargo y pese a que el tabasque\u00f1o pasar\u00e1 a la historia como el Jefe del Ejecutivo que ha llegado con mayor n\u00famero de votos, diversos analistas coinciden en se\u00f1alar que a\u00fan antes de asumir, AMLO empez\u00f3 a gobernar y eso le reditu\u00f3 en desencanto e incertidumbre, que por lo dem\u00e1s, a pulso los legisladores morenistas han sabido sembrar la v\u00edspera de este 1 de diciembre y eso, constituye un serio factor de riesgo.<\/p>\n<p>No obstante, se puede observar a L\u00f3pez Obrador muy tranquilo y relajado, sabedor de que a\u00fan es baj\u00edsimo el \u00edndice, dij\u00e9ramos, de desencanto y confiado, (demasiado, para el gusto de algunos), en que sabr\u00e1 repuntar ese leve brote de inconformidad. \u00bfSer\u00e1?<\/p>\n<p>Llegar\u00e1 el presidente electo a Palacio Nacional el s\u00e1bado por la ma\u00f1ana y todos a la expectativa del discurso que pronunciar\u00e1 una vez que reciba la banda presidencial, especialmente porque es uno cuando est\u00e1 con \u201cel pueblo siempre sabio\u201d y otro, cuando se re\u00fane, por ejemplo con los empresarios, o el Ej\u00e9rcito.<\/p>\n<p>En este sentido, no son pocos los que pronostican que una parte de su alocuci\u00f3n ser\u00e1 le\u00edda y la otra, improvisada pero eso s\u00ed, enviar\u00e1 mensajes importantes a los diversos sectores.<\/p>\n<p>De cualquier manera, todos hacen votos para que al iniciar la semana entrante, no se repita un \u201cLunes Negro\u201d en la Bolsa Mexicana de Valores como producto de su mensaje, en el que le estar\u00e1 hablando a \u201ctirios y troyanos\u201d y lo menos que puede esperarse, es que brinde lo contrario a sus legisladores, es decir, certidumbre y confianza.<\/p>\n<p>Se supone que en el Palacio Legislativo de San L\u00e1zaro, invitados, legisladores y dem\u00e1s estar\u00e1n muy bien portados, pero lo que s\u00ed preocupa, es que los legisladores panistas ya anunciaron que habr\u00e1 protestas para denunciar y rechazar lo que consideran es el autoritarismo legislativo de Morena.<\/p>\n<p>Si comparamos \u00e9sta programada escena con lo que fue la toma de protesta de <strong>Felipe Calder\u00f3n Hinojosa<\/strong>, -que por cierto ya ni panista es-, bien podr\u00eda concluirse que ahora a los de Acci\u00f3n Nacional les toc\u00f3 estar del lado opuesto.<\/p>\n<p>Como dice un popular y sabio refr\u00e1n, \u201cno es lo mismo ser borracho que cantinero\u201d y as\u00ed como antes los del PAN defendieron de la provocaci\u00f3n y la violencia a su presidente Calder\u00f3n, ahora ser\u00e1n los de Morena los que deber\u00e1n hacer lo propio, \u00bfo no?<\/p>\n<p>No obstante, con varios pendientes llegar\u00e1 AMLO al 1 de diciembre, pues hab\u00eda dado \u201cl\u00ednea\u201d a sus legisladores para que varias importantes iniciativas estuvieran aprobadas antes de asumir los destinos del pa\u00eds como por ejemplo, la revocaci\u00f3n del mandato; la consulta p\u00fablica y la que tiene que ver con quitar el fuero, pero no ocurri\u00f3 as\u00ed, por lo que en estos temas, a lo mejor le toca navegar contracorriente<\/p>\n<p>Lo que s\u00ed, es que arribar\u00e1 con sus \u201cs\u00faper delegados\u201d aprobados y ya en sus diferentes posiciones por eso, ayer pidieron licencia <strong>V\u00edctor Castro<\/strong>, designado para Baja California Sur; <strong>Delfina G\u00f3mez<\/strong>, ex candidata moreista al Gobierno del Edomex; <strong>Gilberto Herrera<\/strong>, en Quer\u00e9taro; y <strong>Gabriel\u00a0Garc\u00eda<\/strong>, que fungir\u00e1 como coordinador general de los s\u00faper delegados. Este es otro tema que no tardar\u00e1 mucho en explotar.<\/p>\n<p style=\"text-align: center;\"><strong>Municiones<\/strong><\/p>\n<p>*** Sentida, muy sentida la despedida que en el Senado le dieron a <strong>Germ\u00e1n Mart\u00ednez C\u00e1zares<\/strong> que, como es bien sabido, se va a ocupar la direcci\u00f3n general del IMSS. Emocionado casi hasta las l\u00e1grimas, sus ex compa\u00f1eros de bancada, es decir, los panistas, pudieron comprobar que a su ex l\u00edder ya no le queda nada de la \u201csangre azul\u201d que caracteriza a los albicelestes.<\/p>\n<p>Con la camisa de Morena tatuada en la piel, Mart\u00ednez C\u00e1zares habl\u00f3 de los hospitales \u201cde\u00a0 los dos Santa Fe\u201d; el de Quiroga, Michoac\u00e1n y el de la exclusiva zona ubicada muy poniente de la CDMX.<\/p>\n<p>En uno de los nosocomios atienden a la clase pudiente, mientras que en el otro, situado donde naci\u00f3 \u00e9l, en Michoac\u00e1n, con una serie de deficiencias y en el que solo se cuenta con una ambulancia, cuyas llaves tiene una enfermera. Con la voz quebrada, el exl\u00edder del PAN, hoy flamante morenista, asumi\u00f3 el compromiso de abrir la puerta de acceso a la salud de todos los mexicanos: \u201ces una deuda social que quiero contribuir a saldar\u201d, dijo. Se\u00f1al\u00f3 adem\u00e1s que el IMSS \u201cno es un consorcio que pueda operar al margen del respeto a los derechos humanos, ni es la caja chica para beneficiar a ning\u00fan partido pol\u00edtico\u201d.<\/p>\n<p>En fin, no se puede negar que Mart\u00ednez C\u00e1zares se ve raro enfundado en el discurso de su nuevo partido y luego de las \u201cflores\u201d que sus compa\u00f1eros senadores le prodigaron, (bueno, hasta <strong>Gustavo Enrique Madero<\/strong>), se llev\u00f3 la mano derecha al pecho, del lado del coraz\u00f3n y agradeci\u00f3. \u00bfAhora tambi\u00e9n Mart\u00ednez C\u00e1zares cre\u00e9 en \u201cel pueblo siempre sabio\u201d?<\/p>\n<p>*** \u201cAl d\u00eda de hoy ning\u00fan proyecto de dictamen aprobado por el Congreso de la Ciudad de M\u00e9xico, ha contado con un an\u00e1lisis de impacto presupuestal como lo establece la Constituci\u00f3n, por lo cual se ubica en grave omisi\u00f3n e incumplimiento de la misma, denunci\u00f3 el diputado del PRD, <strong>V\u00edctor Hugo Lobo Rom\u00e1n<\/strong>.<\/p>\n<p>Asimismo, consider\u00f3 urgente aprobar la integraci\u00f3n de la Oficina Presupuestal como lo establece el Art\u00edculo 29 de la Carta Magna, que tiene como prop\u00f3sito fundamental vigilar la correcta aplicaci\u00f3n de los recursos p\u00fablicos que son de todos los capitalinos.<\/p>\n<p>Lobo Rom\u00e1n refiri\u00f3 que tanto el Senado de la Rep\u00fablica, como la C\u00e1mara de Diputados, cuentan con el Centro de Estudio de las Finanzas P\u00fablicas (CEFP), el cual brinda servicios de asesor\u00eda en concordancia con la Ley de Presupuesto y Responsabilidad Hacendaria. Derivado de esto, el diputado perredista propuso ante el pleno y recibi\u00f3 la aprobaci\u00f3n un\u00e1nime para crear la Unidad de Estudios y An\u00e1lisis de las Finanzas P\u00fablicas, la cual funcion\u00f3 hasta el t\u00e9rmino de la ALDF.<\/p>\n<p>*** \u00bfUna disculpa por \u201ctwitter\u201d?, esa, cualquiera la da. El caso es que el cult\u00edsimo y sobre todo decente <strong>Paco Ignacio Taibo II<\/strong>, hubiera ofrecido una disculpa p\u00fablica, sin valerse de las redes, dando la cara, pero no. El problema es que las legisladoras morenistas, al parecer, ya est\u00e1n empezando a titubear. Mientras la diputada <strong>Tatiana Clouthier<\/strong>, hasta le agradece a Taibo que se lamentara de sus vulgares dichos, la senadora <strong>Malu Micher<\/strong> dice que quiere confiar en que el se\u00f1alado y fino escritor, ya est\u00e1 arrepentido y sus disculpas fueron de todo coraz\u00f3n. No, pues s\u00ed.<\/p>\n<p><u><\/u><a href=\"mailto:morcora@gmail.com\" target=\"_blank\" rel=\"noopener\"><em>morcora@gmail.com<\/em><\/a><\/p>\n","protected":false},"excerpt":{"rendered":"<p><span style=\"color: #005497;\"><strong>Adriana Moreno Cordero<\/strong><\/span><\/p>\n","protected":false},"author":3,"featured_media":0,"comment_status":"open","ping_status":"open","sticky":false,"template":"","format":"standard","meta":{"_monsterinsights_skip_tracking":false,"_monsterinsights_sitenote_active":false,"_monsterinsights_sitenote_note":"","_monsterinsights_sitenote_category":0,"footnotes":""},"categories":[69370],"tags":[],"class_list":["post-405555","post","type-post","status-publish","format-standard","hentry","category-adriana-moreno-cordero"],"_links":{"self":[{"href":"https:\/\/www.diarioimagen.net\/index.php?rest_route=\/wp\/v2\/posts\/405555","targetHints":{"allow":["GET"]}}],"collection":[{"href":"https:\/\/www.diarioimagen.net\/index.php?rest_route=\/wp\/v2\/posts"}],"about":[{"href":"https:\/\/www.diarioimagen.net\/index.php?rest_route=\/wp\/v2\/types\/post"}],"author":[{"embeddable":true,"href":"https:\/\/www.diarioimagen.net\/index.php?rest_route=\/wp\/v2\/users\/3"}],"replies":[{"embeddable":true,"href":"https:\/\/www.diarioimagen.net\/index.php?rest_route=%2Fwp%2Fv2%2Fcomments&post=405555"}],"version-history":[{"count":0,"href":"https:\/\/www.diarioimagen.net\/index.php?rest_route=\/wp\/v2\/posts\/405555\/revisions"}],"wp:attachment":[{"href":"https:\/\/www.diarioimagen.net\/index.php?rest_route=%2Fwp%2Fv2%2Fmedia&parent=405555"}],"wp:term":[{"taxonomy":"category","embeddable":true,"href":"https:\/\/www.diarioimagen.net\/index.php?rest_route=%2Fwp%2Fv2%2Fcategories&post=405555"},{"taxonomy":"post_tag","embeddable":true,"href":"https:\/\/www.diarioimagen.net\/index.php?rest_route=%2Fwp%2Fv2%2Ftags&post=405555"}],"curies":[{"name":"wp","href":"https:\/\/api.w.org\/{rel}","templated":true}]}}