{"id":405558,"date":"2018-11-30T00:01:20","date_gmt":"2018-11-30T06:01:20","guid":{"rendered":"https:\/\/www.diarioimagen.net\/?p=405558"},"modified":"2018-11-30T02:53:25","modified_gmt":"2018-11-30T08:53:25","slug":"se-amparan-transportistas-de-cancun-por-revocacion-de-concesion-por-10-anos","status":"publish","type":"post","link":"https:\/\/www.diarioimagen.net\/?p=405558","title":{"rendered":"Se amparan transportistas de Canc\u00fan por revocaci\u00f3n de concesi\u00f3n por 10 a\u00f1os"},"content":{"rendered":"<h2>Derecho de r\u00e9plica<\/h2>\n<p>&nbsp;<\/p>\n<p>Las empresas concesionarias de transporte p\u00fablico urbano de Canc\u00fan obtuvieron la suspensi\u00f3n definitiva en un juicio de amparo contra la recomendaci\u00f3n del Congreso del estado, que pidi\u00f3 revocar la pr\u00f3rroga por 10 a\u00f1os, concedida por el gobierno de Remberto Estrada.<\/p>\n<p>En lo que se resuelve la situaci\u00f3n jur\u00eddica de las concesionarias del transporte p\u00fablico, el ayuntamiento debe respetar la aprobaci\u00f3n del anterior cabildo (2016-2018) por una d\u00e9cada m\u00e1s a las compa\u00f1\u00edas Autocar, Turic\u00fan, Maya Caribe y Bonfil.<\/p>\n<p>El pasado 24 de octubre, la XV Legislatura de Quintana Roo, solicit\u00f3 al ayuntamiento reconsiderar un nuevo procedimiento para pronunciarse acerca de la pr\u00f3rroga de la concesi\u00f3n de transporte p\u00fablico urbano de dicho municipio.<\/p>\n<p>A consideraci\u00f3n de los legisladores, la documentaci\u00f3n entregada por la administraci\u00f3n municipal 2016-2018 que aval\u00f3 dicha pr\u00f3rroga, no cumple con los elementos m\u00ednimos que permitan acreditar que se eval\u00faa la calidad del transporte.<\/p>\n<p>De acuerdo con Jorge Aguilar Osorio, secretario general del ayuntamiento de Benito Ju\u00e1rez, la administraci\u00f3n municipal fue notificada hace dos d\u00edas sobre la determinaci\u00f3n de un juzgado federal y aunque no se ha otorgado el contrato de concesi\u00f3n, el asunto debe quedar en el estado actual de ampliaci\u00f3n.<\/p>\n<p>\u201cEl cabildo anterior aprob\u00f3 la extensi\u00f3n de la concesi\u00f3n a 10 a\u00f1os, pero no hay un contrato de concesi\u00f3n, porque no se los hemos otorgado nosotros, pero sin duda hasta que no se resuelva el amparo, nosotros no podemos ir en ning\u00fan sentido.<\/p>\n<p>Aclar\u00f3 que les notificaron una suspensi\u00f3n definitiva en un amparo que los transportistas promovieron, nos lleg\u00f3 la notificaci\u00f3n de Turic\u00fan, Maya Caribe y Autocar.<\/p>\n<p>\u201cQuiere decir que ellos se ampararon en contra de la resoluci\u00f3n del Congreso, en lo que se resuelve el amparo, la autoridad federal nos ordena a nosotros que las cosas se queden en el estado en el que se encuentran\u201d.<\/p>\n<p style=\"text-align: center;\"><strong>Tr\u00e1fico de influencias y corrupci\u00f3n en juzgados civiles<\/strong><\/p>\n<p>La Fiscal Anticorrupci\u00f3n, Rosaura Antonina Villanueva Arz\u00e1palo, atrajo dos carpetas de investigaci\u00f3n en contra del diputado Juan Carlos Pereyra y la jueza Civil de Playa, Adriana Ivette Rivero Mendoza.<\/p>\n<p>Las carpetas de investigaci\u00f3n n\u00fameros 4717\/2018 y 2637\/2018, son por tr\u00e1fico de influencias, promoci\u00f3n de conductas il\u00edcitas, cohecho, alteraci\u00f3n de documentos y abuso de funciones p\u00fablicas.<\/p>\n<p>Seg\u00fan lo que relata en la carpeta de investigaci\u00f3n 4717\/2018, el afectado, Andrea Sabbia, accionista y administrador \u00fanico de la Sociedad Mercantil Giulio S.A. de C.V., denunci\u00f3 ante la fiscal\u00eda que, por medio de una llamada telef\u00f3nica, que present\u00f3 como grabaci\u00f3n, se le avis\u00f3 que el diputado Juan Carlos Pereyra hab\u00eda pagado a varias autoridades para que el juicio que lleva en contra de un tercero para el pago de una indemnizaci\u00f3n no prospere, dicho juicio est\u00e1 en manos de la jueza Civil de Playa, Adriana Ivette Rivero Mendoza; pese a tener una sentencia favorable, Andrea Sabbia asegur\u00f3 que a partir de la advertencia telef\u00f3nica, el proceso jur\u00eddico se detuvo con pretextos fuera de legalidad e insostenibles.<\/p>\n<p>Como lo fueron las Juntas de Conciliaci\u00f3n y Arbitraje de Quintana Roo, que durante a\u00f1os fueron herramienta de extorsi\u00f3n y robo hacia particulares y empresas, con juicios laborales ficticios, tal parece que lo mismo sucede en el Poder Judicial en los juzgados civiles, donde los jueces est\u00e1n a la disposici\u00f3n de defraudadores. El caso de Andrea Sabbia no es un hecho aislado.<\/p>\n<p style=\"text-align: center;\"><strong>Combate a la corrupci\u00f3n<\/strong><\/p>\n<p>Se realiz\u00f3 el Congreso Internacional \u201cGobernanza, justicia abierta y combate a la impunidad. Perspectivas desde la justicia administrativa\u201d, en el que participa el gobernador Carlos Joaqu\u00edn y 150 magistrados de justicia administrativa de todo el pa\u00eds.<\/p>\n<p>Durante este congreso se cont\u00f3 con conferencias magistrales, como la de \u201cRendici\u00f3n de cuentas y combate a la corrupci\u00f3n y a la impunidad\u201d, a cargo del doctor Alejandro Romero Gudi\u00f1o, y la de \u201cCombate a la Corrupci\u00f3n e Impunidad en las Am\u00e9ricas, la experiencia Organizaci\u00f3n de Estados Americanos\u201d, a cargo de Steven Griner.<\/p>\n<p>Tambi\u00e9n se trataron los temas gobernanza, justicia abierta, combate a la corrupci\u00f3n y a la impunidad, los cuales han sido impulsados por el gobernador Carlos Joaqu\u00edn en la actual administraci\u00f3n, como lo muestran las sanciones a malos servidores p\u00fablicos, incluso con c\u00e1rcel.<\/p>\n<p style=\"text-align: center;\"><strong>Medidas contra la corrupci\u00f3n<\/strong><\/p>\n<p>Para combatir la corrupci\u00f3n, el gobernador Carlos Joaqu\u00edn tom\u00f3 medidas, como la capacitaci\u00f3n de servidores p\u00fablicos en el Sistema Nacional Anticorrupci\u00f3n, los Comit\u00e9s de Contralor\u00eda Social y los avances en la consolidaci\u00f3n del Sistema Estatal Anticorrupci\u00f3n.<\/p>\n<p>En esta administraci\u00f3n se han llevado a cabo acciones contundentes en contra de la corrupci\u00f3n, como la detenci\u00f3n de servidores p\u00fablicos corruptos, lo que deja en claro que en Quintana Roo se ha terminado la impunidad que da\u00f1a en sus cimientos a la sociedad.<\/p>\n<p>\u201cS\u00f3lo la ciudadan\u00eda, como expresi\u00f3n concreta de la soberan\u00eda ha de ser la base del cambio y ese cambio exige definiciones sobre temas trascendentes para nuestro destino de gobernanza\u201d, expres\u00f3 el gobernador Carlos Joaqu\u00edn, durante la ceremonia inaugural del evento.<\/p>\n<p style=\"text-align: center;\"><strong>\u201cMois\u00e9s M\u00e9ndez tiene todo para ser fiscal general\u201d<\/strong><\/p>\n<p>En representaci\u00f3n del candidato a la Fiscal\u00eda General del Estado, Mois\u00e9s M\u00e9ndez, de 45 a\u00f1os de edad, el que fue su maestro, el escritor de 14 libros de derecho acusatorio y art\u00edculos de derecho procesal, Camilo Constantino, vicepresidente del Instituto Iberoamericano de Derecho Procesal, afirm\u00f3 que su disc\u00edpulo tiene m\u00e1s de 27 a\u00f1os en la procuraci\u00f3n de justicia, ya fue agente del Ministerio P\u00fablico y polic\u00eda de carrera, tiene conocimiento y cuenta con una maestr\u00eda en derecho penal y amparo y constantemente se est\u00e1 actualizando con ponentes de talla mundial.<\/p>\n<p>Destac\u00f3 que a los agentes y polic\u00edas no les ha llegado, ni les han impartido la correcta capacitaci\u00f3n y el licenciado Mois\u00e9s M\u00e9ndez conoce el sistema acusatorio; siempre se le encargaron los asuntos m\u00e1s complejos para darle soluci\u00f3n, cuenta con el perfil t\u00e9cnico especializado que requiere un fiscal para la toma de decisiones.<\/p>\n<p>Recalc\u00f3 que el licenciado M\u00e9ndez puede enfrentar toda la realidad en los temas de procuraci\u00f3n de justicia y ha sido v\u00edctima del servicio civil de carrera, que tiene en mente establecerlo para que los fiscales no queden al libre arbitrio para que sean removidos, ya que en Quintana Roo desde el 2011 debi\u00f3 de establecerse.<\/p>\n<p>Con 27 a\u00f1os en Quintana Roo, ya ha recorrido todos los municipios, no pudo estar en la conferencia de prensa, porque \u201cest\u00e1 trabajando en audiencias programadas que se qued\u00f3 a atender\u201d, destac\u00f3 el entrevistado.<\/p>\n<p>Respecto a la cl\u00e1usula de residencia, dijo que no tiene mayor problema, este es un fen\u00f3meno nacional, antes se requer\u00eda ser nativo del estado, la Suprema Corte de Justicia lo desech\u00f3 desde el 2014, ya que es inconstitucional; la primera entidad que enfrent\u00f3 eso fue Baja California Sur en el 2014, ahora s\u00f3lo se necesita ser mexicano.<\/p>\n","protected":false},"excerpt":{"rendered":"<p><span style=\"color: #005497;\"><strong>Derecho de r\u00e9plica<\/strong><\/span><\/p>\n","protected":false},"author":3,"featured_media":0,"comment_status":"open","ping_status":"open","sticky":false,"template":"","format":"standard","meta":{"_monsterinsights_skip_tracking":false,"_monsterinsights_sitenote_active":false,"_monsterinsights_sitenote_note":"","_monsterinsights_sitenote_category":0,"footnotes":""},"categories":[62907],"tags":[47840,43674],"class_list":["post-405558","post","type-post","status-publish","format-standard","hentry","category-derecho-de-replica","tag-derecho-de-replica","tag-opinion"],"_links":{"self":[{"href":"https:\/\/www.diarioimagen.net\/index.php?rest_route=\/wp\/v2\/posts\/405558","targetHints":{"allow":["GET"]}}],"collection":[{"href":"https:\/\/www.diarioimagen.net\/index.php?rest_route=\/wp\/v2\/posts"}],"about":[{"href":"https:\/\/www.diarioimagen.net\/index.php?rest_route=\/wp\/v2\/types\/post"}],"author":[{"embeddable":true,"href":"https:\/\/www.diarioimagen.net\/index.php?rest_route=\/wp\/v2\/users\/3"}],"replies":[{"embeddable":true,"href":"https:\/\/www.diarioimagen.net\/index.php?rest_route=%2Fwp%2Fv2%2Fcomments&post=405558"}],"version-history":[{"count":0,"href":"https:\/\/www.diarioimagen.net\/index.php?rest_route=\/wp\/v2\/posts\/405558\/revisions"}],"wp:attachment":[{"href":"https:\/\/www.diarioimagen.net\/index.php?rest_route=%2Fwp%2Fv2%2Fmedia&parent=405558"}],"wp:term":[{"taxonomy":"category","embeddable":true,"href":"https:\/\/www.diarioimagen.net\/index.php?rest_route=%2Fwp%2Fv2%2Fcategories&post=405558"},{"taxonomy":"post_tag","embeddable":true,"href":"https:\/\/www.diarioimagen.net\/index.php?rest_route=%2Fwp%2Fv2%2Ftags&post=405558"}],"curies":[{"name":"wp","href":"https:\/\/api.w.org\/{rel}","templated":true}]}}