{"id":405682,"date":"2018-12-03T00:08:05","date_gmt":"2018-12-03T06:08:05","guid":{"rendered":"https:\/\/www.diarioimagen.net\/?p=405682"},"modified":"2018-12-03T23:16:04","modified_gmt":"2018-12-04T05:16:04","slug":"instalan-grupo-de-coordinacion-para-la-construccion-de-la-paz-en-edomex","status":"publish","type":"post","link":"https:\/\/www.diarioimagen.net\/?p=405682","title":{"rendered":"Inicia grupo de coordinaci\u00f3n para construcci\u00f3n de la paz"},"content":{"rendered":"<ul>\n<li><em><strong>Coordinaci\u00f3n con la Federaci\u00f3n para combatir inseguridad<\/strong><\/em><\/li>\n<li><em><strong>Buscar\u00e1n que la entidad mexiquense sea ejemplo nacional en esta materia<\/strong><\/em><\/li>\n<\/ul>\n<p>&nbsp;<\/p>\n<div id=\"attachment_405683\" style=\"width: 470px\" class=\"wp-caption aligncenter\"><img loading=\"lazy\" decoding=\"async\" aria-describedby=\"caption-attachment-405683\" class=\"wp-image-405683 size-large\" src=\"https:\/\/www.diarioimagen.net\/wp-content\/uploads\/2018\/12\/DEL-MAZO3-portal-460x268.jpg\" alt=\"\" width=\"460\" height=\"268\" srcset=\"https:\/\/www.diarioimagen.net\/wp-content\/uploads\/2018\/12\/DEL-MAZO3-portal-460x268.jpg 460w, https:\/\/www.diarioimagen.net\/wp-content\/uploads\/2018\/12\/DEL-MAZO3-portal-240x140.jpg 240w, https:\/\/www.diarioimagen.net\/wp-content\/uploads\/2018\/12\/DEL-MAZO3-portal.jpg 480w\" sizes=\"auto, (max-width: 460px) 100vw, 460px\" \/><p id=\"caption-attachment-405683\" class=\"wp-caption-text\">Alfredo Del Mazo Maza encabez\u00f3 la instalaci\u00f3n del Grupo de Coordinaci\u00f3n Territorial para la Construcci\u00f3n de la Paz, en el Estado de M\u00e9xico.<\/p><\/div>\n<p>&nbsp;<\/p>\n<p><strong>Toluca, Estado de M\u00e9xico<\/strong>.- El gobernador del Estado de M\u00e9xico, Alfredo Del Mazo Maza, encabez\u00f3 ayer domingo la instalaci\u00f3n del Grupo de Coordinaci\u00f3n Territorial para la Construcci\u00f3n de la Paz, en el Estado de M\u00e9xico, en la que participaron autoridades de las fuerzas armadas, la pr\u00f3xima delegada del gobierno federal en la entidad, la senadora con licencia, Delfina G\u00f3mez \u00c1lvarez; el secretario general de Gobierno, Alejandro Ozuna Rivero; la secretaria de Seguridad estatal,\u00a0 Maribel Cervantes Guerrero, y el fiscal Alejandro G\u00f3mez S\u00e1nchez, entre otros.<\/p>\n<p>En este acto, realizado en el Palacio de Gobierno, el mandatario mexiquense extern\u00f3 la disposici\u00f3n de su administraci\u00f3n para trabajar en coordinaci\u00f3n con el gobierno de la Rep\u00fablica y asegur\u00f3 que mediante el trabajo en equipo, el Estado de M\u00e9xico ser\u00e1 ejemplo a nivel nacional en materia de coordinaci\u00f3n, para hacer frente a problemas, como la inseguridad.<\/p>\n<p>Durante esta reuni\u00f3n, Alfredo Del Mazo dio la bienvenida a Delfina G\u00f3mez \u00c1lvarez y extern\u00f3 el respaldo del gobierno del Estado de M\u00e9xico para colaborar en los proyectos de la federaci\u00f3n, para ofrecer m\u00e1s seguridad a las personas.<\/p>\n<p>Del Mazo Maza record\u00f3 que desde hace un a\u00f1o en su gobierno trabaja un grupo especializado en materia de seguridad; tambi\u00e9n exhort\u00f3 a los asistentes a este encuentro, a continuar trabajando por la seguridad de los mexiquenses, y confi\u00f3 en que estas reuniones rindan buenos resultados a la sociedad.<\/p>\n<p>En la reuni\u00f3n estuvieron tambi\u00e9n Enrique Dena Delgado, comandante de la 22 Zona Militar; Alberto Gayt\u00e1n Palos, comandante de la 37 Zona Militar y el coordinador de la Polic\u00eda Federal en la entidad, Jes\u00fas G\u00f3ngora Espinoza.<\/p>\n","protected":false},"excerpt":{"rendered":"<p>El gobernador del Estado de M\u00e9xico, Alfredo Del Mazo Maza, encabez\u00f3 ayer domingo la instalaci\u00f3n del Grupo de Coordinaci\u00f3n Territorial para la Construcci\u00f3n de la Paz, en el Estado de M\u00e9xico, en la que participaron autoridades de las fuerzas armadas, la pr\u00f3xima delegada del gobierno federal en la entidad, la senadora con licencia, Delfina G\u00f3mez \u00c1lvarez; el secretario general de Gobierno, Alejandro Ozuna Rivero; la secretaria de Seguridad estatal,  Maribel Cervantes Guerrero, y el fiscal Alejandro G\u00f3mez S\u00e1nchez, entre otros.<\/p>\n","protected":false},"author":5,"featured_media":405683,"comment_status":"open","ping_status":"open","sticky":false,"template":"","format":"standard","meta":{"_monsterinsights_skip_tracking":false,"_monsterinsights_sitenote_active":false,"_monsterinsights_sitenote_note":"","_monsterinsights_sitenote_category":0,"footnotes":""},"categories":[5],"tags":[14908,80676,43675,80677,80678,1803,80679,80680,452],"class_list":["post-405682","post","type-post","status-publish","format-standard","has-post-thumbnail","hentry","category-estado-de-mexico","tag-alejandro-ozuna-rivero","tag-construccion-de-la-paz","tag-estado-de-mexico","tag-fiscal-alejandro-gomez-sanchez","tag-general-de-gobierno","tag-inseguridad","tag-la-secretaria-de-seguridad-estatal","tag-maribel","tag-toluca"],"_links":{"self":[{"href":"https:\/\/www.diarioimagen.net\/index.php?rest_route=\/wp\/v2\/posts\/405682","targetHints":{"allow":["GET"]}}],"collection":[{"href":"https:\/\/www.diarioimagen.net\/index.php?rest_route=\/wp\/v2\/posts"}],"about":[{"href":"https:\/\/www.diarioimagen.net\/index.php?rest_route=\/wp\/v2\/types\/post"}],"author":[{"embeddable":true,"href":"https:\/\/www.diarioimagen.net\/index.php?rest_route=\/wp\/v2\/users\/5"}],"replies":[{"embeddable":true,"href":"https:\/\/www.diarioimagen.net\/index.php?rest_route=%2Fwp%2Fv2%2Fcomments&post=405682"}],"version-history":[{"count":0,"href":"https:\/\/www.diarioimagen.net\/index.php?rest_route=\/wp\/v2\/posts\/405682\/revisions"}],"wp:featuredmedia":[{"embeddable":true,"href":"https:\/\/www.diarioimagen.net\/index.php?rest_route=\/wp\/v2\/media\/405683"}],"wp:attachment":[{"href":"https:\/\/www.diarioimagen.net\/index.php?rest_route=%2Fwp%2Fv2%2Fmedia&parent=405682"}],"wp:term":[{"taxonomy":"category","embeddable":true,"href":"https:\/\/www.diarioimagen.net\/index.php?rest_route=%2Fwp%2Fv2%2Fcategories&post=405682"},{"taxonomy":"post_tag","embeddable":true,"href":"https:\/\/www.diarioimagen.net\/index.php?rest_route=%2Fwp%2Fv2%2Ftags&post=405682"}],"curies":[{"name":"wp","href":"https:\/\/api.w.org\/{rel}","templated":true}]}}