{"id":405719,"date":"2018-12-03T00:10:17","date_gmt":"2018-12-03T06:10:17","guid":{"rendered":"https:\/\/www.diarioimagen.net\/?p=405719"},"modified":"2018-12-03T02:57:11","modified_gmt":"2018-12-03T08:57:11","slug":"esfuerzos-para-agilizar-apertura-de-empresas","status":"publish","type":"post","link":"https:\/\/www.diarioimagen.net\/?p=405719","title":{"rendered":"Esfuerzos para agilizar apertura de empresas"},"content":{"rendered":"<h2>Arco Norte<\/h2>\n<h5>Jos\u00e9 Luis Monta\u00f1ez Aguilar<\/h5>\n<p>&nbsp;<\/p>\n<p><a href=\"https:\/\/www.diarioimagen.net\/?attachment_id=405811\" rel=\"attachment wp-att-405811\"><img loading=\"lazy\" decoding=\"async\" class=\"aligncenter size-large wp-image-405811\" src=\"https:\/\/www.diarioimagen.net\/wp-content\/uploads\/2018\/12\/arco-3511-460x259.jpg\" alt=\"\" width=\"460\" height=\"259\" srcset=\"https:\/\/www.diarioimagen.net\/wp-content\/uploads\/2018\/12\/arco-3511-460x259.jpg 460w, https:\/\/www.diarioimagen.net\/wp-content\/uploads\/2018\/12\/arco-3511-240x135.jpg 240w, https:\/\/www.diarioimagen.net\/wp-content\/uploads\/2018\/12\/arco-3511-235x132.jpg 235w, https:\/\/www.diarioimagen.net\/wp-content\/uploads\/2018\/12\/arco-3511-202x114.jpg 202w, https:\/\/www.diarioimagen.net\/wp-content\/uploads\/2018\/12\/arco-3511-350x196.jpg 350w, https:\/\/www.diarioimagen.net\/wp-content\/uploads\/2018\/12\/arco-3511-220x123.jpg 220w, https:\/\/www.diarioimagen.net\/wp-content\/uploads\/2018\/12\/arco-3511-237x132.jpg 237w, https:\/\/www.diarioimagen.net\/wp-content\/uploads\/2018\/12\/arco-3511.jpg 480w\" sizes=\"auto, (max-width: 460px) 100vw, 460px\" \/><\/a><\/p>\n<p>&nbsp;<\/p>\n<p>El gobierno del Estado de M\u00e9xico, a trav\u00e9s de las secretar\u00edas de Justicia y Derechos Humanos, de la Contralor\u00eda y de Desarrollo Econ\u00f3mico, firm\u00f3 un convenio con la Asociaci\u00f3n Nacional de Tiendas de Autoservicio y Departamentales, AC (ANTAD) y el Consejo de C\u00e1maras y Asociaciones Empresariales del Estado de M\u00e9xico (Concaem) con el fin de establecer las bases de colaboraci\u00f3n para desarrollar acciones conjuntas para mejorar y agilizar los tr\u00e1mites y servicios, con el fin de atraer m\u00e1s inversiones a la entidad.<\/p>\n<p>El Secretario de Justicia y Derechos Humanos, Rodrigo Espeleta, dijo que la firma de este convenio permitir\u00e1 sumar esfuerzos para garantizar la aplicaci\u00f3n de las leyes en materia de Mejora Regulatoria impulsadas por el gobernador Alfredo Del Mazo.<\/p>\n<p>\u201cEste convenio constituye un instrumento m\u00e1s que nos va a permitir avanzar en ese sentido para cumplir con nuestra ley local y por supuesto con la ley general, entonces creo que\u00a0 todo lo que podemos ir sumando que fortalezca nuestro trabajo coordinado y las metas que tenemos por obligaci\u00f3n que cumplir en ley y por el bien del desarrollo econ\u00f3mico del estado es bienvenido\u201d, manifest\u00f3.<\/p>\n<p>El acuerdo compromete a los involucrados a promover la mejora de tr\u00e1mites y servicios en la Administraci\u00f3n P\u00fablica, y a garantizar la transparencia y la rendici\u00f3n de cuentas.\u201cun convenio que habla acerca y da muestra de ese trabajo en equipo.<\/p>\n<p>El hecho de que signemos un convenio significa que el sector empresarial y el sector gubernamental, estaremos listos y dispuestos a trabajar como siempre lo hemos hecho: en equipo.<\/p>\n<p>Creo que somos un referente para el pa\u00eds\u201d, expres\u00f3 la presidenta del Concaem, Mar\u00eda de Lourdes Medina.<\/p>\n<p>Este documento permitir\u00e1, adem\u00e1s, dar seguimiento a las acciones de mejora de tr\u00e1mites y servicios implementadas para garantizar su eficacia.<\/p>\n<p>\u201cEsto viene a sumarse, a lo que desde el a\u00f1o 2015 esa reforma, que dio vida al sistema nacional anticorrupci\u00f3n y que en el estado se ha armonizado ya, tanto la constituci\u00f3n como el marco jur\u00eddico correspondiente\u201d, indic\u00f3 Javier Vargas Zempoaltecatl, secretario de la Contralor\u00eda del Estado de M\u00e9xico.<\/p>\n<p><em><a href=\"mailto:montanezaguilar@gmail.com\" target=\"_blank\" rel=\"noopener\">montanezaguilar@gmail.com<\/a><\/em><\/p>\n","protected":false},"excerpt":{"rendered":"<p><span style=\"color: #005497;\">Jos\u00e9 Luis Monta\u00f1ez Aguilar<\/span><br \/>\n<br \/>\nEl gobierno del Estado de M\u00e9xico, a trav\u00e9s de las secretar\u00edas de Justicia y Derechos Humanos, de la Contralor\u00eda y de Desarrollo Econ\u00f3mico, firm\u00f3 un convenio con la Asociaci\u00f3n Nacional de Tiendas de Autoservicio y Departamentales, AC (ANTAD) y el Consejo de C\u00e1maras y Asociaciones Empresariales del Estado de M\u00e9xico (Concaem) con el fin de establecer las bases de colaboraci\u00f3n para desarrollar acciones conjuntas para mejorar y agilizar los tr\u00e1mites y servicios, con el fin de atraer m\u00e1s inversiones a la entidad.<\/p>\n","protected":false},"author":3,"featured_media":405811,"comment_status":"open","ping_status":"open","sticky":false,"template":"","format":"standard","meta":{"_monsterinsights_skip_tracking":false,"_monsterinsights_sitenote_active":false,"_monsterinsights_sitenote_note":"","_monsterinsights_sitenote_category":0,"footnotes":""},"categories":[5],"tags":[13284,43704,43674],"class_list":["post-405719","post","type-post","status-publish","format-standard","has-post-thumbnail","hentry","category-estado-de-mexico","tag-arco-norte","tag-jose-luis-montanez-aguilar","tag-opinion"],"_links":{"self":[{"href":"https:\/\/www.diarioimagen.net\/index.php?rest_route=\/wp\/v2\/posts\/405719","targetHints":{"allow":["GET"]}}],"collection":[{"href":"https:\/\/www.diarioimagen.net\/index.php?rest_route=\/wp\/v2\/posts"}],"about":[{"href":"https:\/\/www.diarioimagen.net\/index.php?rest_route=\/wp\/v2\/types\/post"}],"author":[{"embeddable":true,"href":"https:\/\/www.diarioimagen.net\/index.php?rest_route=\/wp\/v2\/users\/3"}],"replies":[{"embeddable":true,"href":"https:\/\/www.diarioimagen.net\/index.php?rest_route=%2Fwp%2Fv2%2Fcomments&post=405719"}],"version-history":[{"count":0,"href":"https:\/\/www.diarioimagen.net\/index.php?rest_route=\/wp\/v2\/posts\/405719\/revisions"}],"wp:featuredmedia":[{"embeddable":true,"href":"https:\/\/www.diarioimagen.net\/index.php?rest_route=\/wp\/v2\/media\/405811"}],"wp:attachment":[{"href":"https:\/\/www.diarioimagen.net\/index.php?rest_route=%2Fwp%2Fv2%2Fmedia&parent=405719"}],"wp:term":[{"taxonomy":"category","embeddable":true,"href":"https:\/\/www.diarioimagen.net\/index.php?rest_route=%2Fwp%2Fv2%2Fcategories&post=405719"},{"taxonomy":"post_tag","embeddable":true,"href":"https:\/\/www.diarioimagen.net\/index.php?rest_route=%2Fwp%2Fv2%2Ftags&post=405719"}],"curies":[{"name":"wp","href":"https:\/\/api.w.org\/{rel}","templated":true}]}}