{"id":405754,"date":"2018-12-03T00:09:44","date_gmt":"2018-12-03T06:09:44","guid":{"rendered":"https:\/\/www.diarioimagen.net\/?p=405754"},"modified":"2018-12-03T03:15:59","modified_gmt":"2018-12-03T09:15:59","slug":"uaem-recibe-auto-demo-para-ingenieria-ingeingenieria","status":"publish","type":"post","link":"https:\/\/www.diarioimagen.net\/?p=405754","title":{"rendered":"UAEM recibe auto demo para Ingenier\u00eda ingeingenier\u00eda"},"content":{"rendered":"<ul>\n<li><strong><em>De la empresa suiza B\u00fchler\u00a0<\/em><\/strong><\/li>\n<\/ul>\n<p>&nbsp;<\/p>\n<div id=\"attachment_405840\" style=\"width: 470px\" class=\"wp-caption aligncenter\"><a href=\"https:\/\/www.diarioimagen.net\/?attachment_id=405840\" rel=\"attachment wp-att-405840\"><img loading=\"lazy\" decoding=\"async\" aria-describedby=\"caption-attachment-405840\" class=\"size-large wp-image-405840\" src=\"https:\/\/www.diarioimagen.net\/wp-content\/uploads\/2018\/12\/UAEM-3-460x259.jpg\" alt=\"\" width=\"460\" height=\"259\" srcset=\"https:\/\/www.diarioimagen.net\/wp-content\/uploads\/2018\/12\/UAEM-3-460x259.jpg 460w, https:\/\/www.diarioimagen.net\/wp-content\/uploads\/2018\/12\/UAEM-3-240x135.jpg 240w, https:\/\/www.diarioimagen.net\/wp-content\/uploads\/2018\/12\/UAEM-3-235x132.jpg 235w, https:\/\/www.diarioimagen.net\/wp-content\/uploads\/2018\/12\/UAEM-3-202x114.jpg 202w, https:\/\/www.diarioimagen.net\/wp-content\/uploads\/2018\/12\/UAEM-3-350x196.jpg 350w, https:\/\/www.diarioimagen.net\/wp-content\/uploads\/2018\/12\/UAEM-3-220x123.jpg 220w, https:\/\/www.diarioimagen.net\/wp-content\/uploads\/2018\/12\/UAEM-3-237x132.jpg 237w, https:\/\/www.diarioimagen.net\/wp-content\/uploads\/2018\/12\/UAEM-3.jpg 480w\" sizes=\"auto, (max-width: 460px) 100vw, 460px\" \/><\/a><p id=\"caption-attachment-405840\" class=\"wp-caption-text\">El rector Alfredo Barrera Baca puntualiz\u00f3 que el auto demo permitir\u00e1 que los estudiantes universitarios, principalmente de Ingenier\u00eda Mec\u00e1nica, afinen sus habilidades y conocimientos.<\/p><\/div>\n<p>&nbsp;<\/p>\n<p><strong>Toluca, Estado de M\u00e9xico<\/strong>.- En calidad de donaci\u00f3n, la Universidad Aut\u00f3noma del Estado de M\u00e9xico recibi\u00f3 de la empresa suiza B\u00fchler un autom\u00f3vil demo que permitir\u00e1 fortalecer la calidad acad\u00e9mica de la Facultad de Ingenier\u00eda.<\/p>\n<p>Al respecto, el rector Alfredo Barrera Baca puntualiz\u00f3 que este auto permitir\u00e1 que los estudiantes universitarios, principalmente de Ingenier\u00eda Mec\u00e1nica, afinen sus habilidades y conocimientos.<\/p>\n<p>\u201cReforzar\u00e1 el actual proceso de innovaci\u00f3n y reestructuraci\u00f3n de nuestros planes de estudio, con el prop\u00f3sito de ajustarse a las exigencias de las acreditaciones que gestiona la Facultad de Ingenier\u00eda\u201d.<\/p>\n<p>El auto, consider\u00f3, ampl\u00eda la calidad del equipo destinado a las pr\u00e1cticas did\u00e1cticas y beneficia a dos de cada cinco alumnos de este organismo acad\u00e9mico universitario, en particular, a 80 por ciento de los egresados de Ingenier\u00eda Mec\u00e1nica, quienes en el campo laboral se insertan al sector automotriz.<\/p>\n<p>Ante el gerente de ventas de Die Casting de B\u00fchler, Marcus Scherler, y la secretaria de Cooperaci\u00f3n Internacional de esta casa de estudios, Mar\u00eda del Pilar Ampudia Garc\u00eda, el rector subray\u00f3 que ocho egresados de la UAEM trabajan en B\u00fchler y su \u201cdesempe\u00f1o laboral nos enorgullece porque prestigia a toda la comunidad universitaria\u201d.<\/p>\n<p>Alfredo Barrera Baca enfatiz\u00f3 que en su alianza con Grupo B\u00fchler, la m\u00e1xima casa de estudios mexiquense confirma su car\u00e1cter de vanguardia cient\u00edfica y consolida su liderazgo acad\u00e9mico en los temas automotriz, mec\u00e1nico y el\u00e9ctrico; adem\u00e1s, ratifica su posici\u00f3n acad\u00e9mica en el pa\u00eds y se acerca a la vanguardia tecnol\u00f3gica de las universidades mexicanas.<\/p>\n<p>Por su parte, la directora de la Facultad de Ingenier\u00eda, Mar\u00eda Dolores Dur\u00e1n Garc\u00eda, manifest\u00f3 que esta donaci\u00f3n se materializar\u00e1 en el desarrollo de conferencias, cursos de capacitaci\u00f3n y proyectos conjuntos. \u201cPermitir\u00e1 estrechar lazos y apostar por relaciones futuras de colaboraci\u00f3n\u201d.<\/p>\n<p>Del mismo modo, destac\u00f3 que este organismo universitario es referente en la entidad y el pa\u00eds, al apostar por mejorar la calidad de sus programas. Todos nuestros programas acad\u00e9micos cuentan con el aval de instancias reconocidas por el Consejo para la Acreditaci\u00f3n de la Educaci\u00f3n Superior (COPAES) y los Comit\u00e9s Interinstitucionales para la Evaluaci\u00f3n de la Educaci\u00f3n Superior (CIEES), concluy\u00f3 la directiva. \u00a0<strong>\u00a0<\/strong><\/p>\n","protected":false},"excerpt":{"rendered":"<p>En calidad de donaci\u00f3n, la Universidad Aut\u00f3noma del Estado de M\u00e9xico recibi\u00f3 de la empresa suiza B\u00fchler un autom\u00f3vil demo que permitir\u00e1 fortalecer la calidad acad\u00e9mica de la Facultad de Ingenier\u00eda.<\/p>\n","protected":false},"author":3,"featured_media":405840,"comment_status":"open","ping_status":"open","sticky":false,"template":"","format":"standard","meta":{"_monsterinsights_skip_tracking":false,"_monsterinsights_sitenote_active":false,"_monsterinsights_sitenote_note":"","_monsterinsights_sitenote_category":0,"footnotes":""},"categories":[35155],"tags":[4584,43675,80710,452,1490],"class_list":["post-405754","post","type-post","status-publish","format-standard","has-post-thumbnail","hentry","category-estado-de-mexico-estado-de-mexico","tag-auto","tag-estado-de-mexico","tag-recibe","tag-toluca","tag-universidad-autonoma-del-estado-de-mexico"],"_links":{"self":[{"href":"https:\/\/www.diarioimagen.net\/index.php?rest_route=\/wp\/v2\/posts\/405754","targetHints":{"allow":["GET"]}}],"collection":[{"href":"https:\/\/www.diarioimagen.net\/index.php?rest_route=\/wp\/v2\/posts"}],"about":[{"href":"https:\/\/www.diarioimagen.net\/index.php?rest_route=\/wp\/v2\/types\/post"}],"author":[{"embeddable":true,"href":"https:\/\/www.diarioimagen.net\/index.php?rest_route=\/wp\/v2\/users\/3"}],"replies":[{"embeddable":true,"href":"https:\/\/www.diarioimagen.net\/index.php?rest_route=%2Fwp%2Fv2%2Fcomments&post=405754"}],"version-history":[{"count":0,"href":"https:\/\/www.diarioimagen.net\/index.php?rest_route=\/wp\/v2\/posts\/405754\/revisions"}],"wp:featuredmedia":[{"embeddable":true,"href":"https:\/\/www.diarioimagen.net\/index.php?rest_route=\/wp\/v2\/media\/405840"}],"wp:attachment":[{"href":"https:\/\/www.diarioimagen.net\/index.php?rest_route=%2Fwp%2Fv2%2Fmedia&parent=405754"}],"wp:term":[{"taxonomy":"category","embeddable":true,"href":"https:\/\/www.diarioimagen.net\/index.php?rest_route=%2Fwp%2Fv2%2Fcategories&post=405754"},{"taxonomy":"post_tag","embeddable":true,"href":"https:\/\/www.diarioimagen.net\/index.php?rest_route=%2Fwp%2Fv2%2Ftags&post=405754"}],"curies":[{"name":"wp","href":"https:\/\/api.w.org\/{rel}","templated":true}]}}