{"id":405785,"date":"2018-12-03T00:03:43","date_gmt":"2018-12-03T06:03:43","guid":{"rendered":"https:\/\/www.diarioimagen.net\/?p=405785"},"modified":"2018-12-03T03:36:47","modified_gmt":"2018-12-03T09:36:47","slug":"tultitlan-banderazo-de-inicio-de-obra-en-pavimentacion-de-la-avenida-prados-sur","status":"publish","type":"post","link":"https:\/\/www.diarioimagen.net\/?p=405785","title":{"rendered":"Tultitl\u00e1n: banderazo de inicio de obra en pavimentaci\u00f3n de la avenida Prados Sur"},"content":{"rendered":"<p><a href=\"https:\/\/www.diarioimagen.net\/?attachment_id=405876\" rel=\"attachment wp-att-405876\"><img loading=\"lazy\" decoding=\"async\" class=\"aligncenter size-large wp-image-405876\" src=\"https:\/\/www.diarioimagen.net\/wp-content\/uploads\/2018\/12\/TULTITLAN-3-460x259.jpg\" alt=\"\" width=\"460\" height=\"259\" srcset=\"https:\/\/www.diarioimagen.net\/wp-content\/uploads\/2018\/12\/TULTITLAN-3-460x259.jpg 460w, https:\/\/www.diarioimagen.net\/wp-content\/uploads\/2018\/12\/TULTITLAN-3-240x135.jpg 240w, https:\/\/www.diarioimagen.net\/wp-content\/uploads\/2018\/12\/TULTITLAN-3-235x132.jpg 235w, https:\/\/www.diarioimagen.net\/wp-content\/uploads\/2018\/12\/TULTITLAN-3-202x114.jpg 202w, https:\/\/www.diarioimagen.net\/wp-content\/uploads\/2018\/12\/TULTITLAN-3-350x196.jpg 350w, https:\/\/www.diarioimagen.net\/wp-content\/uploads\/2018\/12\/TULTITLAN-3-220x123.jpg 220w, https:\/\/www.diarioimagen.net\/wp-content\/uploads\/2018\/12\/TULTITLAN-3-237x132.jpg 237w, https:\/\/www.diarioimagen.net\/wp-content\/uploads\/2018\/12\/TULTITLAN-3.jpg 480w\" sizes=\"auto, (max-width: 460px) 100vw, 460px\" \/><\/a><\/p>\n<p>&nbsp;<\/p>\n<p><strong>Tultitl\u00e1n, Estado de M\u00e9xico<\/strong><strong>.- <\/strong>El gobierno municipal dio inicio a las obras de repavimentaci\u00f3n con concreto hidr\u00e1ulico de la segunda etapa de la avenida Prados Sur en el tramo de calle Rayo a Hortensias, con una inversi\u00f3n de 9 millones 553 mil pesos.<\/p>\n","protected":false},"excerpt":{"rendered":"<p>El gobierno municipal dio inicio a las obras de repavimentaci\u00f3n con concreto hidr\u00e1ulico de la segunda etapa de la avenida Prados Sur en el tramo de calle Rayo a Hortensias, con una inversi\u00f3n de 9 millones 553 mil pesos.<\/p>\n","protected":false},"author":3,"featured_media":405876,"comment_status":"open","ping_status":"open","sticky":false,"template":"","format":"standard","meta":{"_monsterinsights_skip_tracking":false,"_monsterinsights_sitenote_active":false,"_monsterinsights_sitenote_note":"","_monsterinsights_sitenote_category":0,"footnotes":""},"categories":[35155],"tags":[43675,26038,578],"class_list":["post-405785","post","type-post","status-publish","format-standard","has-post-thumbnail","hentry","category-estado-de-mexico-estado-de-mexico","tag-estado-de-mexico","tag-pavimentacion","tag-tultitlan"],"_links":{"self":[{"href":"https:\/\/www.diarioimagen.net\/index.php?rest_route=\/wp\/v2\/posts\/405785","targetHints":{"allow":["GET"]}}],"collection":[{"href":"https:\/\/www.diarioimagen.net\/index.php?rest_route=\/wp\/v2\/posts"}],"about":[{"href":"https:\/\/www.diarioimagen.net\/index.php?rest_route=\/wp\/v2\/types\/post"}],"author":[{"embeddable":true,"href":"https:\/\/www.diarioimagen.net\/index.php?rest_route=\/wp\/v2\/users\/3"}],"replies":[{"embeddable":true,"href":"https:\/\/www.diarioimagen.net\/index.php?rest_route=%2Fwp%2Fv2%2Fcomments&post=405785"}],"version-history":[{"count":0,"href":"https:\/\/www.diarioimagen.net\/index.php?rest_route=\/wp\/v2\/posts\/405785\/revisions"}],"wp:featuredmedia":[{"embeddable":true,"href":"https:\/\/www.diarioimagen.net\/index.php?rest_route=\/wp\/v2\/media\/405876"}],"wp:attachment":[{"href":"https:\/\/www.diarioimagen.net\/index.php?rest_route=%2Fwp%2Fv2%2Fmedia&parent=405785"}],"wp:term":[{"taxonomy":"category","embeddable":true,"href":"https:\/\/www.diarioimagen.net\/index.php?rest_route=%2Fwp%2Fv2%2Fcategories&post=405785"},{"taxonomy":"post_tag","embeddable":true,"href":"https:\/\/www.diarioimagen.net\/index.php?rest_route=%2Fwp%2Fv2%2Ftags&post=405785"}],"curies":[{"name":"wp","href":"https:\/\/api.w.org\/{rel}","templated":true}]}}