{"id":405792,"date":"2018-12-03T00:06:26","date_gmt":"2018-12-03T06:06:26","guid":{"rendered":"https:\/\/www.diarioimagen.net\/?p=405792"},"modified":"2018-12-03T03:31:53","modified_gmt":"2018-12-03T09:31:53","slug":"en-nicolas-romero-angelina-carreno-mijares-recibe-reconocimiento","status":"publish","type":"post","link":"https:\/\/www.diarioimagen.net\/?p=405792","title":{"rendered":"En Nicol\u00e1s Romero, Angelina Carre\u00f1o Mijares recibe reconocimiento"},"content":{"rendered":"<p><a href=\"https:\/\/www.diarioimagen.net\/?attachment_id=405867\" rel=\"attachment wp-att-405867\"><img loading=\"lazy\" decoding=\"async\" class=\"aligncenter size-large wp-image-405867\" src=\"https:\/\/www.diarioimagen.net\/wp-content\/uploads\/2018\/12\/nicolas-3511-460x259.jpg\" alt=\"\" width=\"460\" height=\"259\" srcset=\"https:\/\/www.diarioimagen.net\/wp-content\/uploads\/2018\/12\/nicolas-3511-460x259.jpg 460w, https:\/\/www.diarioimagen.net\/wp-content\/uploads\/2018\/12\/nicolas-3511-240x135.jpg 240w, https:\/\/www.diarioimagen.net\/wp-content\/uploads\/2018\/12\/nicolas-3511-235x132.jpg 235w, https:\/\/www.diarioimagen.net\/wp-content\/uploads\/2018\/12\/nicolas-3511-202x114.jpg 202w, https:\/\/www.diarioimagen.net\/wp-content\/uploads\/2018\/12\/nicolas-3511-350x196.jpg 350w, https:\/\/www.diarioimagen.net\/wp-content\/uploads\/2018\/12\/nicolas-3511-220x123.jpg 220w, https:\/\/www.diarioimagen.net\/wp-content\/uploads\/2018\/12\/nicolas-3511-237x132.jpg 237w, https:\/\/www.diarioimagen.net\/wp-content\/uploads\/2018\/12\/nicolas-3511.jpg 480w\" sizes=\"auto, (max-width: 460px) 100vw, 460px\" \/><\/a><\/p>\n<p>&nbsp;<\/p>\n<p><strong>Nicol\u00e1s Romero, Estado de M\u00e9xico<\/strong><strong>.-<\/strong> La licenciada Angelina Carre\u00f1o Mijares, presidenta municipal de esta demarcaci\u00f3n, recibe reconocimiento por su destacada participaci\u00f3n como asesora del consejo directivo de la Universidad Tecnol\u00f3gica Fidel Vel\u00e1zquez, en el periodo 2016-2018.<\/p>\n<p>Al hacer uso de la palabra, la alcaldesa se\u00f1ala que seguiremos trabajando en pro de la educaci\u00f3n de nuestros j\u00f3venes nicolasromerenses.<\/p>\n","protected":false},"excerpt":{"rendered":"<p>La licenciada Angelina Carre\u00f1o Mijares, presidenta municipal de esta demarcaci\u00f3n, recibe reconocimiento por su destacada participaci\u00f3n como asesora del consejo directivo de la Universidad Tecnol\u00f3gica Fidel Vel\u00e1zquez, en el periodo 2016-2018.<\/p>\n","protected":false},"author":3,"featured_media":405867,"comment_status":"open","ping_status":"open","sticky":false,"template":"","format":"standard","meta":{"_monsterinsights_skip_tracking":false,"_monsterinsights_sitenote_active":false,"_monsterinsights_sitenote_note":"","_monsterinsights_sitenote_category":0,"footnotes":""},"categories":[35155],"tags":[43675,752,12862],"class_list":["post-405792","post","type-post","status-publish","format-standard","has-post-thumbnail","hentry","category-estado-de-mexico-estado-de-mexico","tag-estado-de-mexico","tag-nicolas-romero","tag-reconocimiento"],"_links":{"self":[{"href":"https:\/\/www.diarioimagen.net\/index.php?rest_route=\/wp\/v2\/posts\/405792","targetHints":{"allow":["GET"]}}],"collection":[{"href":"https:\/\/www.diarioimagen.net\/index.php?rest_route=\/wp\/v2\/posts"}],"about":[{"href":"https:\/\/www.diarioimagen.net\/index.php?rest_route=\/wp\/v2\/types\/post"}],"author":[{"embeddable":true,"href":"https:\/\/www.diarioimagen.net\/index.php?rest_route=\/wp\/v2\/users\/3"}],"replies":[{"embeddable":true,"href":"https:\/\/www.diarioimagen.net\/index.php?rest_route=%2Fwp%2Fv2%2Fcomments&post=405792"}],"version-history":[{"count":0,"href":"https:\/\/www.diarioimagen.net\/index.php?rest_route=\/wp\/v2\/posts\/405792\/revisions"}],"wp:featuredmedia":[{"embeddable":true,"href":"https:\/\/www.diarioimagen.net\/index.php?rest_route=\/wp\/v2\/media\/405867"}],"wp:attachment":[{"href":"https:\/\/www.diarioimagen.net\/index.php?rest_route=%2Fwp%2Fv2%2Fmedia&parent=405792"}],"wp:term":[{"taxonomy":"category","embeddable":true,"href":"https:\/\/www.diarioimagen.net\/index.php?rest_route=%2Fwp%2Fv2%2Fcategories&post=405792"},{"taxonomy":"post_tag","embeddable":true,"href":"https:\/\/www.diarioimagen.net\/index.php?rest_route=%2Fwp%2Fv2%2Ftags&post=405792"}],"curies":[{"name":"wp","href":"https:\/\/api.w.org\/{rel}","templated":true}]}}