{"id":405823,"date":"2018-12-03T00:07:00","date_gmt":"2018-12-03T06:07:00","guid":{"rendered":"https:\/\/www.diarioimagen.net\/?p=405823"},"modified":"2018-12-03T03:05:36","modified_gmt":"2018-12-03T09:05:36","slug":"termino-una-pesadilla-vendra-un-cambio-u-otra-peor","status":"publish","type":"post","link":"https:\/\/www.diarioimagen.net\/?p=405823","title":{"rendered":"Termin\u00f3 una pesadilla, \u00bfvendr\u00e1 un cambio u otra peor?"},"content":{"rendered":"<h2>Detr\u00e1s del Poder<\/h2>\n<h5>Jos\u00e9 Antonio L\u00f3pez Sosa<\/h5>\n<p>&nbsp;<\/p>\n<p>Termin\u00f3 la administraci\u00f3n del presidente Enrique Pe\u00f1a Nieto, s\u00ed, ese gobernador que tuvo el impulso de las televisoras \u2013principalmente Televisa\u2014, y a trav\u00e9s de un argumento de mucho dinero invertido en imagen, logr\u00f3 tener una vida de telenovela para entrar en el gusto popular, prometiendo un nuevo Partido Revolucionario Institucional (PRI) y logrando una votaci\u00f3n mayoritaria en aquel lejano 2012.<\/p>\n<p>\u00bfQu\u00e9 cuentas entrega el presidente Pe\u00f1a?, para mi gusto muy malas, este sexenio fue como una larga pesadilla llena de corrupci\u00f3n, improvisaci\u00f3n e ineficacia por parte del gobierno federal.<\/p>\n<p>Casos como Ayotzinapa, La Casa Blanca, La Casa de Malinalco y Oderbretch han quedado impunes y son ahora casos de estudio para la posteridad.<\/p>\n<p>Reformas como la energ\u00e9tica, la educativa, la fiscal no lograron traer un beneficio ni a la sociedad ni a los bolsillos de los mexicanos, ahora pretenden que agradezcamos una estabilidad muy relativa que devalu\u00f3 el peso mexicano casi un 40% durante esta administraci\u00f3n.<\/p>\n<p>Evidentemente hubo cosas, muy pocas quiz\u00e1, que s\u00ed funcionaron, \u00bfhabr\u00eda que aplaudirles?, si para eso se les paga un jugoso salario, es parte de las obligaciones constitucionales de un gobierno, que las cosas funcionen, sin embargo si ponemos en una balanza lo que funciona con lo que no funcion\u00f3 o atent\u00f3 contra la ciudadan\u00eda, me parece que el resultado es negativamente claro.<\/p>\n<p>Termin\u00f3 una pesadilla de impunidad, de corrupci\u00f3n, de atentados constantes contra periodistas, de controlar la informaci\u00f3n y contener las cr\u00edticas a partir de los presupuestos p\u00fablicos de comunicaci\u00f3n social, de hacer un capitalismo de cuates donde pocos ganan y muchos pierden.<\/p>\n<p>Hoy todos quienes votaron y sobre todo, defend\u00edan a Pe\u00f1a Nieto de capa y espada, no tienen opiniones claras con relaci\u00f3n a lo que sucedi\u00f3 o lo que no sucedi\u00f3.<\/p>\n<p>Recuerdo a\u00fan a los aplaudidores \u2013pagados y gratuitos\u2014, de Pe\u00f1a Nieto, cuando compararon el Pacto por M\u00e9xico con el Pacto de la Moncloa, hoy todos ellos est\u00e1n en silencio, sin nada qu\u00e9 decir al respecto.<\/p>\n<p>Ahora bien, \u00bfqu\u00e9 sigue? un cambio u otra pesadilla, eso est\u00e1 por verse.<\/p>\n<p>El gobierno entrante tiene la posibilidad, a\u00fan con los yerros y contradicciones en el proceso de transici\u00f3n, de cambiar las cosas para bien en el pa\u00eds, sin embargo al final del d\u00eda, del PRI o de Morena, del Verde o del PAN, todos son pol\u00edticos y, partiendo de esa premisa, son sin\u00f3nimo de desconfianza.<\/p>\n<p>Deseo que lo que sigue sea un cambio y no una pesadilla m\u00e1s, lo deseo sin convertirme en aplaudidor o promotor de un gobierno, esa no es la tarea del periodista, lo deseo para que a M\u00e9xico le vaya bien, para que a todos nos vaya mejor.<\/p>\n<p>Debemos ser cr\u00edticos, muy cr\u00edticos con el presidente entrante L\u00f3pez Obrador, con el congreso en manos de Morena e incluso con la oposici\u00f3n. Es necesario discernir, dar opiniones claras y se\u00f1alar cuando algo atente contra el esp\u00edritu democr\u00e1tico, as\u00ed como lo hemos hecho muchos durante esta administraci\u00f3n.<\/p>\n<p>Me parece que sobran quienes se conviertan en voceros del gobierno entrante, as\u00ed como los que desde hace a\u00f1os, ejercen una cr\u00edtica calumniadora contra los que llegan, necesitamos seriedad en el an\u00e1lisis, contundencia en la cr\u00edtica y firmeza para se\u00f1alar cuando algo no corresponda al inter\u00e9s nacional, venga de quien venga.<\/p>\n<p>Hoy termina una pesadilla, \u00bfqu\u00e9 sigue?, no lo sabemos, no se puede ni debe meter la mano al fuego por ning\u00fan pol\u00edtico, pero aqu\u00ed estaremos, somos muchos que ejercemos el periodismo sin que nos tiemble la mano para se\u00f1alar, sin que se nos doble la voz para exigir.<\/p>\n<p><em><a href=\"http:\/\/www.lopezsosa.com\" target=\"_blank\" rel=\"noopener\">www.lopezsosa.com<\/a><\/em><br \/>\n<em><a href=\"mailto:joseantonio@lopezsosa.com\" target=\"_blank\" rel=\"noopener\">joseantonio@lopezsosa.com<\/a><\/em><br \/>\n<em><a href=\"http:\/\/twitter.com\/joseantonio1977\" target=\"_blank\" rel=\"noopener\">@joseantonio197<\/a><\/em><\/p>\n","protected":false},"excerpt":{"rendered":"<p><span style=\"color: #005497;\"><strong>Jos\u00e9 Antonio L\u00f3pez Sosa<\/strong><\/span><\/p>\n","protected":false},"author":3,"featured_media":0,"comment_status":"open","ping_status":"open","sticky":false,"template":"","format":"standard","meta":{"_monsterinsights_skip_tracking":false,"_monsterinsights_sitenote_active":false,"_monsterinsights_sitenote_note":"","_monsterinsights_sitenote_category":0,"footnotes":""},"categories":[637],"tags":[638,43690,43674],"class_list":["post-405823","post","type-post","status-publish","format-standard","hentry","category-jose-antonio-lopez-sosa","tag-detras-del-poder","tag-jose-antonio-lopez-sosa","tag-opinion"],"_links":{"self":[{"href":"https:\/\/www.diarioimagen.net\/index.php?rest_route=\/wp\/v2\/posts\/405823","targetHints":{"allow":["GET"]}}],"collection":[{"href":"https:\/\/www.diarioimagen.net\/index.php?rest_route=\/wp\/v2\/posts"}],"about":[{"href":"https:\/\/www.diarioimagen.net\/index.php?rest_route=\/wp\/v2\/types\/post"}],"author":[{"embeddable":true,"href":"https:\/\/www.diarioimagen.net\/index.php?rest_route=\/wp\/v2\/users\/3"}],"replies":[{"embeddable":true,"href":"https:\/\/www.diarioimagen.net\/index.php?rest_route=%2Fwp%2Fv2%2Fcomments&post=405823"}],"version-history":[{"count":0,"href":"https:\/\/www.diarioimagen.net\/index.php?rest_route=\/wp\/v2\/posts\/405823\/revisions"}],"wp:attachment":[{"href":"https:\/\/www.diarioimagen.net\/index.php?rest_route=%2Fwp%2Fv2%2Fmedia&parent=405823"}],"wp:term":[{"taxonomy":"category","embeddable":true,"href":"https:\/\/www.diarioimagen.net\/index.php?rest_route=%2Fwp%2Fv2%2Fcategories&post=405823"},{"taxonomy":"post_tag","embeddable":true,"href":"https:\/\/www.diarioimagen.net\/index.php?rest_route=%2Fwp%2Fv2%2Ftags&post=405823"}],"curies":[{"name":"wp","href":"https:\/\/api.w.org\/{rel}","templated":true}]}}