{"id":405899,"date":"2018-12-04T00:03:09","date_gmt":"2018-12-04T06:03:09","guid":{"rendered":"https:\/\/www.diarioimagen.net\/?p=405899"},"modified":"2018-12-04T01:51:28","modified_gmt":"2018-12-04T07:51:28","slug":"trabaja-edomex-para-convertirse-en-el-centro-logistico-del-pais","status":"publish","type":"post","link":"https:\/\/www.diarioimagen.net\/?p=405899","title":{"rendered":"Trabaja Edomex para convertirse en el centro log\u00edstico del pa\u00eds"},"content":{"rendered":"<ul>\n<li><em><strong>Con educaci\u00f3n de vanguardia<\/strong><\/em><\/li>\n<\/ul>\n<p>&nbsp;<\/p>\n<div id=\"attachment_405900\" style=\"width: 470px\" class=\"wp-caption aligncenter\"><img loading=\"lazy\" decoding=\"async\" aria-describedby=\"caption-attachment-405900\" class=\"size-large wp-image-405900\" src=\"https:\/\/www.diarioimagen.net\/wp-content\/uploads\/2018\/12\/CENTRO4a-PORTAL-460x268.jpg\" alt=\"\" width=\"460\" height=\"268\" srcset=\"https:\/\/www.diarioimagen.net\/wp-content\/uploads\/2018\/12\/CENTRO4a-PORTAL-460x268.jpg 460w, https:\/\/www.diarioimagen.net\/wp-content\/uploads\/2018\/12\/CENTRO4a-PORTAL-240x140.jpg 240w, https:\/\/www.diarioimagen.net\/wp-content\/uploads\/2018\/12\/CENTRO4a-PORTAL.jpg 480w\" sizes=\"auto, (max-width: 460px) 100vw, 460px\" \/><p id=\"caption-attachment-405900\" class=\"wp-caption-text\">Concluy\u00f3 el Foro Internacional \u201cVanguardia en la Educaci\u00f3n\u201d, con los talleres \u201cEntorno Protector\u201d y \u201cTerritorio STEAM+H\u201d.<\/p><\/div>\n<p>&nbsp;<\/p>\n<p><strong>Toluca, Estado de M\u00e9xico<\/strong>.- Con la visi\u00f3n del Gobernador Alfredo Del Mazo Maza de convertir al Estado de M\u00e9xico en el centro log\u00edstico del pa\u00eds, concluy\u00f3 el Foro Internacional \u201cVanguardia en la Educaci\u00f3n\u201d, con los talleres \u201cEntorno Protector\u201d y \u201cTerritorio STEAM+H\u201d, as\u00ed como una Reuni\u00f3n Cumbre con representantes de los pa\u00edses de la Alianza del Pac\u00edfico.<\/p>\n<p>El Taller \u201cEntorno Protector\u201d, impartido por especialistas de la Universidad Pontificia Bolivariana de Medell\u00edn, permiti\u00f3 a docentes, orientadores, directores escolares y supervisores, analizar los m\u00e9todos de implementaci\u00f3n de este programa, mediante la instalaci\u00f3n de Comit\u00e9s de Convivencia en sus escuelas, los cuales buscan fortalecer los procesos de convivencia pac\u00edfica con mecanismos que transformen los conflictos en liderazgos participativos, democr\u00e1ticos e incluyentes, desde una comunicaci\u00f3n asertiva.<\/p>\n<p>En el Taller \u201cTerritorio STEAM+H\u201d, moderado por representantes de Innovaci\u00f3n en la Ense\u00f1anza de la Ciencia AC, los asistentes trabajaron en las herramientas tecnol\u00f3gicas, medios de comunicaci\u00f3n e informaci\u00f3n que convergen en la ciencia, la tecnolog\u00eda, la ingenier\u00eda y matem\u00e1ticas, para que a trav\u00e9s de la soluci\u00f3n de problemas en sus comunidades el alumno comprenda c\u00f3mo funciona el mundo natural y social.<\/p>\n<p>Asimismo, durante la Reuni\u00f3n Cumbre de pa\u00edses de la Alianza del Pac\u00edfico, especialistas de Chile, Colombia, Per\u00fa y M\u00e9xico, en compa\u00f1\u00eda de directivos del Colegio de Estudios Cient\u00edficos y Tecnol\u00f3gicos del Estado de M\u00e9xico, del Colegio Nacional de Educaci\u00f3n Profesional T\u00e9cnica, del Colegio de Bachilleres del Estado de M\u00e9xico, del Consejo para la Convivencia Escolar, de los Servicios Educativos Integrados al Estado de M\u00e9xico e integrantes de todos los niveles educativos, abordaron los temas Educaci\u00f3n en la primera infancia, Formaci\u00f3n docente, Educaci\u00f3n Dual y Comunidades fuertes y seguras.<\/p>\n<p>Entre las conclusiones generales de este foro internacional destacaron que la ciencia y tecnolog\u00eda se conciben como parte fundamental de las humanidades y debe promoverse la inversi\u00f3n en programas para fomentar la convivencia como elemento constitutivo de formaci\u00f3n de valores.<\/p>\n<p>Tambi\u00e9n resalt\u00f3 que la impartici\u00f3n de clases en las instituciones educativas debe considerar aspectos fundamentales como un aprendizaje exploratorio, actividades pr\u00e1cticas de comprensi\u00f3n, el desarrollo de los talentos y la creatividad de los menores para que experimenten un aprendizaje pr\u00e1ctico, as\u00ed como el papel moderador de los profesores, todo ello con el objetivo de formar ciudadanos creativos, responsables y comprometidos con el pa\u00eds.<\/p>\n<p>Para lograr una educaci\u00f3n pertinente y de calidad, los conferencistas coincidieron en la importancia de mantener una estrecha relaci\u00f3n entre el sector educativo con el empresarial y as\u00ed posicionar STEAM+H M\u00e9xico como tendencia educativa mundial, que re\u00fane a los actores principales para la innovaci\u00f3n, el desarrollo sostenible y el bienestar social.<\/p>\n<p>Finalmente, se sugiri\u00f3 el fortalecimiento de programas de formaci\u00f3n para los perfiles T\u00e9cnico Medio, T\u00e9cnico Superior Universitario, Licenciatura y Posgrado, adem\u00e1s de la creaci\u00f3n de nuevas Instituciones de Educaci\u00f3n Superior.<\/p>\n","protected":false},"excerpt":{"rendered":"<p>Con la visi\u00f3n del Gobernador Alfredo Del Mazo Maza de convertir al Estado de M\u00e9xico en el centro log\u00edstico del pa\u00eds, concluy\u00f3 el Foro Internacional \u201cVanguardia en la Educaci\u00f3n\u201d, con los talleres \u201cEntorno Protector\u201d y \u201cTerritorio STEAM+H\u201d, as\u00ed como una Reuni\u00f3n Cumbre con representantes de los pa\u00edses de la Alianza del Pac\u00edfico.<\/p>\n","protected":false},"author":5,"featured_media":405900,"comment_status":"open","ping_status":"open","sticky":false,"template":"","format":"standard","meta":{"_monsterinsights_skip_tracking":false,"_monsterinsights_sitenote_active":false,"_monsterinsights_sitenote_note":"","_monsterinsights_sitenote_category":0,"footnotes":""},"categories":[35155],"tags":[2505,4816,80720,43675,80721,452,80719],"class_list":["post-405899","post","type-post","status-publish","format-standard","has-post-thumbnail","hentry","category-estado-de-mexico-estado-de-mexico","tag-alfredo-del-mazo-maza","tag-alianza-del-pacifico","tag-centro-logistico-del-pais","tag-estado-de-mexico","tag-reunion-cumbre","tag-toluca","tag-trabaja-edomex"],"_links":{"self":[{"href":"https:\/\/www.diarioimagen.net\/index.php?rest_route=\/wp\/v2\/posts\/405899","targetHints":{"allow":["GET"]}}],"collection":[{"href":"https:\/\/www.diarioimagen.net\/index.php?rest_route=\/wp\/v2\/posts"}],"about":[{"href":"https:\/\/www.diarioimagen.net\/index.php?rest_route=\/wp\/v2\/types\/post"}],"author":[{"embeddable":true,"href":"https:\/\/www.diarioimagen.net\/index.php?rest_route=\/wp\/v2\/users\/5"}],"replies":[{"embeddable":true,"href":"https:\/\/www.diarioimagen.net\/index.php?rest_route=%2Fwp%2Fv2%2Fcomments&post=405899"}],"version-history":[{"count":0,"href":"https:\/\/www.diarioimagen.net\/index.php?rest_route=\/wp\/v2\/posts\/405899\/revisions"}],"wp:featuredmedia":[{"embeddable":true,"href":"https:\/\/www.diarioimagen.net\/index.php?rest_route=\/wp\/v2\/media\/405900"}],"wp:attachment":[{"href":"https:\/\/www.diarioimagen.net\/index.php?rest_route=%2Fwp%2Fv2%2Fmedia&parent=405899"}],"wp:term":[{"taxonomy":"category","embeddable":true,"href":"https:\/\/www.diarioimagen.net\/index.php?rest_route=%2Fwp%2Fv2%2Fcategories&post=405899"},{"taxonomy":"post_tag","embeddable":true,"href":"https:\/\/www.diarioimagen.net\/index.php?rest_route=%2Fwp%2Fv2%2Ftags&post=405899"}],"curies":[{"name":"wp","href":"https:\/\/api.w.org\/{rel}","templated":true}]}}