{"id":405959,"date":"2018-12-04T00:10:13","date_gmt":"2018-12-04T06:10:13","guid":{"rendered":"https:\/\/www.diarioimagen.net\/?p=405959"},"modified":"2018-12-04T00:51:04","modified_gmt":"2018-12-04T06:51:04","slug":"vinculan-a-mas-de-2-mil-500-alumnos-con-sector-productivo","status":"publish","type":"post","link":"https:\/\/www.diarioimagen.net\/?p=405959","title":{"rendered":"Vinculan a m\u00e1s de 2 mil 500 alumnos con sector productivo"},"content":{"rendered":"<ul>\n<li><strong><em>A trav\u00e9s del ICATI<\/em><\/strong><\/li>\n<\/ul>\n<p><a href=\"https:\/\/www.diarioimagen.net\/?attachment_id=406011\" rel=\"attachment wp-att-406011\"><img loading=\"lazy\" decoding=\"async\" class=\"aligncenter size-large wp-image-406011\" src=\"https:\/\/www.diarioimagen.net\/wp-content\/uploads\/2018\/12\/ICATI4-460x259.jpg\" alt=\"\" width=\"460\" height=\"259\" srcset=\"https:\/\/www.diarioimagen.net\/wp-content\/uploads\/2018\/12\/ICATI4-460x259.jpg 460w, https:\/\/www.diarioimagen.net\/wp-content\/uploads\/2018\/12\/ICATI4-240x135.jpg 240w, https:\/\/www.diarioimagen.net\/wp-content\/uploads\/2018\/12\/ICATI4-235x132.jpg 235w, https:\/\/www.diarioimagen.net\/wp-content\/uploads\/2018\/12\/ICATI4-202x114.jpg 202w, https:\/\/www.diarioimagen.net\/wp-content\/uploads\/2018\/12\/ICATI4-350x196.jpg 350w, https:\/\/www.diarioimagen.net\/wp-content\/uploads\/2018\/12\/ICATI4-220x123.jpg 220w, https:\/\/www.diarioimagen.net\/wp-content\/uploads\/2018\/12\/ICATI4-237x132.jpg 237w, https:\/\/www.diarioimagen.net\/wp-content\/uploads\/2018\/12\/ICATI4.jpg 480w\" sizes=\"auto, (max-width: 460px) 100vw, 460px\" \/><\/a><\/p>\n<p>&nbsp;<\/p>\n<p><strong>San Felipe del Progreso, Estado de M\u00e9xico<\/strong>.- La secretaria del Trabajo, Martha Hilda Gonz\u00e1lez Calder\u00f3n, inform\u00f3 que a trav\u00e9s del Instituto de Capacitaci\u00f3n para el Trabajo Industrial (ICATI), 2 mil 553 alumnos se han vinculado con el sector productivo como resultado de la capacitaci\u00f3n que se imparte en las Escuelas de Artes y Oficios (EDAYO), lo que representa un avance de 97 por ciento de la meta programada para este a\u00f1o.<\/p>\n<p>Al presidir la CXX Sesi\u00f3n Ordinaria del Consejo de Administraci\u00f3n del ICATI, puntualiz\u00f3 tambi\u00e9n que se ha preparado a 68 mil 413 estudiantes, lo que representa un avance del 77 por ciento con respecto a la meta anual programada.<\/p>\n<p>Jaime Rebollo Hern\u00e1ndez, director general del ICATI, dijo que en el transcurso del a\u00f1o se han impartido 4 mil 127 cursos escolarizados, de los cuales, egresaron 41 mil 345, quienes aunado a los 27 mil 68 alumnos correspondientes al semestre septiembre 2017-febrero 2018, se ha capacitado a m\u00e1s de 68 mil.<\/p>\n<p>Detall\u00f3 que en el presente a\u00f1o se efectuaron 73 cursos de capacitaci\u00f3n acelerada espec\u00edfica, dirigidos a mil 490 trabajadores, de los cuales egresaron mil 465, lo que refleja un avance de 121 por ciento.<\/p>\n<p>En el caso de los cursos de capacitaci\u00f3n espec\u00edfica para el autoempleo, se realizaron 2 mil 119 cursos en los que se inscribieron 42 mil 831 personas, egresando 42 mil 466, manifest\u00f3.<\/p>\n<p>Rebollo Hern\u00e1ndez precis\u00f3 que el ICATI tiene como objetivo promover acciones de capacitaci\u00f3n que permitan a los j\u00f3venes y adultos del Estado de M\u00e9xico obtener conocimientos, desarrollar habilidades y destrezas en cursos t\u00e9cnicos, administrativos y de servicios.<\/p>\n<p>La secretaria del Trabajo realiz\u00f3 un recorrido por las instalaciones donde constat\u00f3 los cursos que se llevan a cabo en la Escuela de Artes y Oficios de San Felipe del Progreso, acompa\u00f1ada por directivos del ICATI e integrantes del Consejo de Administraci\u00f3n.<\/p>\n","protected":false},"excerpt":{"rendered":"<p>La secretaria del Trabajo, Martha Hilda Gonz\u00e1lez Calder\u00f3n, inform\u00f3 que a trav\u00e9s del Instituto de Capacitaci\u00f3n para el Trabajo Industrial (ICATI), 2 mil 553 alumnos se han vinculado con el sector productivo como resultado de la capacitaci\u00f3n que se imparte en las Escuelas de Artes y Oficios (EDAYO), lo que representa un avance de 97 por ciento de la meta programada para este a\u00f1o.<\/p>\n","protected":false},"author":3,"featured_media":406011,"comment_status":"open","ping_status":"open","sticky":false,"template":"","format":"standard","meta":{"_monsterinsights_skip_tracking":false,"_monsterinsights_sitenote_active":false,"_monsterinsights_sitenote_note":"","_monsterinsights_sitenote_category":0,"footnotes":""},"categories":[5],"tags":[43675,260,6710,72825],"class_list":["post-405959","post","type-post","status-publish","format-standard","has-post-thumbnail","hentry","category-estado-de-mexico","tag-estado-de-mexico","tag-jovenes","tag-san-felipe-del-progreso","tag-sector-productivo"],"_links":{"self":[{"href":"https:\/\/www.diarioimagen.net\/index.php?rest_route=\/wp\/v2\/posts\/405959","targetHints":{"allow":["GET"]}}],"collection":[{"href":"https:\/\/www.diarioimagen.net\/index.php?rest_route=\/wp\/v2\/posts"}],"about":[{"href":"https:\/\/www.diarioimagen.net\/index.php?rest_route=\/wp\/v2\/types\/post"}],"author":[{"embeddable":true,"href":"https:\/\/www.diarioimagen.net\/index.php?rest_route=\/wp\/v2\/users\/3"}],"replies":[{"embeddable":true,"href":"https:\/\/www.diarioimagen.net\/index.php?rest_route=%2Fwp%2Fv2%2Fcomments&post=405959"}],"version-history":[{"count":0,"href":"https:\/\/www.diarioimagen.net\/index.php?rest_route=\/wp\/v2\/posts\/405959\/revisions"}],"wp:featuredmedia":[{"embeddable":true,"href":"https:\/\/www.diarioimagen.net\/index.php?rest_route=\/wp\/v2\/media\/406011"}],"wp:attachment":[{"href":"https:\/\/www.diarioimagen.net\/index.php?rest_route=%2Fwp%2Fv2%2Fmedia&parent=405959"}],"wp:term":[{"taxonomy":"category","embeddable":true,"href":"https:\/\/www.diarioimagen.net\/index.php?rest_route=%2Fwp%2Fv2%2Fcategories&post=405959"},{"taxonomy":"post_tag","embeddable":true,"href":"https:\/\/www.diarioimagen.net\/index.php?rest_route=%2Fwp%2Fv2%2Ftags&post=405959"}],"curies":[{"name":"wp","href":"https:\/\/api.w.org\/{rel}","templated":true}]}}