{"id":405963,"date":"2018-12-04T00:11:03","date_gmt":"2018-12-04T06:11:03","guid":{"rendered":"https:\/\/www.diarioimagen.net\/?p=405963"},"modified":"2018-12-05T03:42:53","modified_gmt":"2018-12-05T09:42:53","slug":"impulso-a-programas-a-favor-de-las-mujeres","status":"publish","type":"post","link":"https:\/\/www.diarioimagen.net\/?p=405963","title":{"rendered":"Impulso a programas a favor de las mujeres"},"content":{"rendered":"<h2>Arco Norte<\/h2>\n<h5>Jos\u00e9 Luis Monta\u00f1ez Aguilar<\/h5>\n<p>&nbsp;<\/p>\n<p><a href=\"https:\/\/www.diarioimagen.net\/?attachment_id=406018\" rel=\"attachment wp-att-406018\"><img loading=\"lazy\" decoding=\"async\" class=\"aligncenter size-large wp-image-406018\" src=\"https:\/\/www.diarioimagen.net\/wp-content\/uploads\/2018\/12\/arco-3512-460x259.jpg\" alt=\"\" width=\"460\" height=\"259\" srcset=\"https:\/\/www.diarioimagen.net\/wp-content\/uploads\/2018\/12\/arco-3512-460x259.jpg 460w, https:\/\/www.diarioimagen.net\/wp-content\/uploads\/2018\/12\/arco-3512-240x135.jpg 240w, https:\/\/www.diarioimagen.net\/wp-content\/uploads\/2018\/12\/arco-3512-235x132.jpg 235w, https:\/\/www.diarioimagen.net\/wp-content\/uploads\/2018\/12\/arco-3512-202x114.jpg 202w, https:\/\/www.diarioimagen.net\/wp-content\/uploads\/2018\/12\/arco-3512-350x196.jpg 350w, https:\/\/www.diarioimagen.net\/wp-content\/uploads\/2018\/12\/arco-3512-220x123.jpg 220w, https:\/\/www.diarioimagen.net\/wp-content\/uploads\/2018\/12\/arco-3512-237x132.jpg 237w, https:\/\/www.diarioimagen.net\/wp-content\/uploads\/2018\/12\/arco-3512.jpg 480w\" sizes=\"auto, (max-width: 460px) 100vw, 460px\" \/><\/a><\/p>\n<p>&nbsp;<\/p>\n<p>El secretario de Desarrollo Urbano y Metropolitano, Enrique Jacob Rocha, encabez\u00f3 la d\u00e9cima Sesi\u00f3n Ordinaria del Gabinete Regional IV Cuautitl\u00e1n Izcalli, donde funcionarios estatales y municipales compartieron detalles de los programas y acciones que el Consejo Estatal de la Mujer y Bienestar Social (CEMyBS), as\u00ed como la Secretar\u00eda de Movilidad (Semov) realizan y pueden implementar en esta zona de la entidad.<\/p>\n<p>En su intervenci\u00f3n, Enrique Jacob Rocha se\u00f1al\u00f3 que las autoridades a nivel estatal y municipal trabajan en equipo para consolidar los programas que benefician a los diversos sectores de la poblaci\u00f3n mexiquense, como es el caso de las mujeres y adultos mayores.<\/p>\n<p>Asimismo, manifest\u00f3 que el Gobierno del Estado de M\u00e9xico trabaja para brindar los mejores servicios en cada uno de los municipios de la entidad, por lo que de manera coordinada se revisar\u00e1n las acciones que se pueden llevar a cabo con ambas dependencias para fortalecer la movilidad en los municipios de Atizap\u00e1n de Zaragoza, Nicol\u00e1s Romero y Cuautitl\u00e1n Izcalli, adem\u00e1s de promover acciones en favor de las mujeres, ni\u00f1as y adultos mayores de la regi\u00f3n en el marco del programa Comunidades Fuertes.<\/p>\n<p>En este sentido, Claudia Oyoque Ortiz, representante municipal de Nicol\u00e1s Romero, destac\u00f3 que generar\u00e1n un mayor contacto con las secretar\u00edas de Desarrollo Social y del Trabajo, para vincularse directamente a nivel regi\u00f3n en los pr\u00f3ximos meses.<\/p>\n<p>De igual forma, el representante de Cuautitl\u00e1n Izcalli, Esteban Espinoza Castillo, reconoci\u00f3 el trabajo del CEMyBS y refrend\u00f3 su compromiso para reforzar la implementaci\u00f3n de los programas de este Consejo estatal en su municipio.<\/p>\n<p>Por su parte, el representante de la Semov, Gabriel Ram\u00edrez Macarena, indic\u00f3 que en la entidad se ha implementado la colocaci\u00f3n de c\u00e1maras de vigilancia, GPS y botones de p\u00e1nico para evitar e inhibir la delincuencia en las unidades de transporte p\u00fablico, e inform\u00f3 que en los municipios de Atizap\u00e1n de Zaragoza y Nicol\u00e1s Romero se han realizado 23 operativos donde se han detenido 86 unidades que no cumpl\u00edan con los requerimientos de seguridad para los usuarios.<\/p>\n<p><em><a href=\"mailto:montanezaguilar@gmail.com\" target=\"_blank\" rel=\"noopener\">montanezaguilar@gmail.com<\/a><\/em><\/p>\n","protected":false},"excerpt":{"rendered":"<p><span style=\"color: #005497;\">Jos\u00e9 Luis Monta\u00f1ez Aguilar<\/span><br \/>\n<br \/>\nEl secretario de Desarrollo Urbano y Metropolitano, Enrique Jacob Rocha, encabez\u00f3 la d\u00e9cima Sesi\u00f3n Ordinaria del Gabinete Regional IV Cuautitl\u00e1n Izcalli, donde funcionarios estatales y municipales compartieron detalles de los programas y acciones que el Consejo Estatal de la Mujer y Bienestar Social (CEMyBS), as\u00ed como la Secretar\u00eda de Movilidad (Semov) realizan y pueden implementar en esta zona de la entidad.<\/p>\n","protected":false},"author":3,"featured_media":406018,"comment_status":"open","ping_status":"open","sticky":false,"template":"","format":"standard","meta":{"_monsterinsights_skip_tracking":false,"_monsterinsights_sitenote_active":false,"_monsterinsights_sitenote_note":"","_monsterinsights_sitenote_category":0,"footnotes":""},"categories":[5],"tags":[13284,43704,43674],"class_list":["post-405963","post","type-post","status-publish","format-standard","has-post-thumbnail","hentry","category-estado-de-mexico","tag-arco-norte","tag-jose-luis-montanez-aguilar","tag-opinion"],"_links":{"self":[{"href":"https:\/\/www.diarioimagen.net\/index.php?rest_route=\/wp\/v2\/posts\/405963","targetHints":{"allow":["GET"]}}],"collection":[{"href":"https:\/\/www.diarioimagen.net\/index.php?rest_route=\/wp\/v2\/posts"}],"about":[{"href":"https:\/\/www.diarioimagen.net\/index.php?rest_route=\/wp\/v2\/types\/post"}],"author":[{"embeddable":true,"href":"https:\/\/www.diarioimagen.net\/index.php?rest_route=\/wp\/v2\/users\/3"}],"replies":[{"embeddable":true,"href":"https:\/\/www.diarioimagen.net\/index.php?rest_route=%2Fwp%2Fv2%2Fcomments&post=405963"}],"version-history":[{"count":0,"href":"https:\/\/www.diarioimagen.net\/index.php?rest_route=\/wp\/v2\/posts\/405963\/revisions"}],"wp:featuredmedia":[{"embeddable":true,"href":"https:\/\/www.diarioimagen.net\/index.php?rest_route=\/wp\/v2\/media\/406018"}],"wp:attachment":[{"href":"https:\/\/www.diarioimagen.net\/index.php?rest_route=%2Fwp%2Fv2%2Fmedia&parent=405963"}],"wp:term":[{"taxonomy":"category","embeddable":true,"href":"https:\/\/www.diarioimagen.net\/index.php?rest_route=%2Fwp%2Fv2%2Fcategories&post=405963"},{"taxonomy":"post_tag","embeddable":true,"href":"https:\/\/www.diarioimagen.net\/index.php?rest_route=%2Fwp%2Fv2%2Ftags&post=405963"}],"curies":[{"name":"wp","href":"https:\/\/api.w.org\/{rel}","templated":true}]}}