{"id":405985,"date":"2018-12-04T00:09:49","date_gmt":"2018-12-04T06:09:49","guid":{"rendered":"https:\/\/www.diarioimagen.net\/?p=405985"},"modified":"2018-12-04T01:07:20","modified_gmt":"2018-12-04T07:07:20","slug":"continuaran-movimientos-migratorios-centroamericanos-hacia-estados-unidos","status":"publish","type":"post","link":"https:\/\/www.diarioimagen.net\/?p=405985","title":{"rendered":"Continuar\u00e1n movimientos migratorios centroamericanos hacia Estados Unidos"},"content":{"rendered":"<ul>\n<li><strong><em>Ahora son m\u00e1s copiosas y mediatizadas<\/em><\/strong><\/li>\n<\/ul>\n<p>&nbsp;<\/p>\n<div id=\"attachment_406041\" style=\"width: 470px\" class=\"wp-caption aligncenter\"><a href=\"https:\/\/www.diarioimagen.net\/?attachment_id=406041\" rel=\"attachment wp-att-406041\"><img loading=\"lazy\" decoding=\"async\" aria-describedby=\"caption-attachment-406041\" class=\"size-large wp-image-406041\" src=\"https:\/\/www.diarioimagen.net\/wp-content\/uploads\/2018\/12\/UAEM-4-460x259.jpg\" alt=\"\" width=\"460\" height=\"259\" srcset=\"https:\/\/www.diarioimagen.net\/wp-content\/uploads\/2018\/12\/UAEM-4-460x259.jpg 460w, https:\/\/www.diarioimagen.net\/wp-content\/uploads\/2018\/12\/UAEM-4-240x135.jpg 240w, https:\/\/www.diarioimagen.net\/wp-content\/uploads\/2018\/12\/UAEM-4-235x132.jpg 235w, https:\/\/www.diarioimagen.net\/wp-content\/uploads\/2018\/12\/UAEM-4-202x114.jpg 202w, https:\/\/www.diarioimagen.net\/wp-content\/uploads\/2018\/12\/UAEM-4-350x196.jpg 350w, https:\/\/www.diarioimagen.net\/wp-content\/uploads\/2018\/12\/UAEM-4-220x123.jpg 220w, https:\/\/www.diarioimagen.net\/wp-content\/uploads\/2018\/12\/UAEM-4-237x132.jpg 237w, https:\/\/www.diarioimagen.net\/wp-content\/uploads\/2018\/12\/UAEM-4.jpg 480w\" sizes=\"auto, (max-width: 460px) 100vw, 460px\" \/><\/a><p id=\"caption-attachment-406041\" class=\"wp-caption-text\">La investigadora de la Facultad de Antropolog\u00eda de la UAEM, Itzel Abril Tinoco Gonz\u00e1lez, afirm\u00f3 que las carvanas de migrantes continuar\u00e1n.<\/p><\/div>\n<p>&nbsp;<\/p>\n<p><strong>Toluca, Estado de M\u00e9xico<\/strong>.- Pese al fortalecimiento de la seguridad en las fronteras y el endurecimiento de las pol\u00edticas p\u00fablicas para impedir su paso, continuar\u00e1n los movimientos migratorios centroamericanos hacia Estados Unidos a trav\u00e9s de M\u00e9xico, afirm\u00f3 la investigadora de la Facultad de Antropolog\u00eda de la Universidad Aut\u00f3noma del Estado de M\u00e9xico, Itzel Abril Tinoco Gonz\u00e1lez.<\/p>\n<p>La especialista en migraci\u00f3n centroamericana explic\u00f3 que las caravanas de migrantes centroamericanos no son un fen\u00f3meno reciente, ya que se realizan desde la d\u00e9cada de los 90; sin embargo, ahora son m\u00e1s copiosas y mediatizadas.<\/p>\n<p>Puntualiz\u00f3 que el fen\u00f3meno migratorio de aquella \u00e9poca es diferente al de la \u00faltima d\u00e9cada, aunque con el mismo objetivo, es decir, llegar a los Estados Unidos. Anteriormente la migraci\u00f3n era mayoritariamente individual y en busca de mejora econ\u00f3mica, mientras que en la actualidad familias completas migran como consecuencia de la violencia que padecen en sus pa\u00edses y que les impide contar con los suficientes ingresos econ\u00f3micos para solventar sus necesidades b\u00e1sicas.<\/p>\n<p>En la actualidad, asever\u00f3, las caravanas migrantes son nutridas mayoritariamente por poblaci\u00f3n hondure\u00f1a, que en su pa\u00eds sufre altos \u00edndices de violencia, seguidos de salvadore\u00f1os, guatemaltecos y venezolanos.<\/p>\n<p>\u201cTienen que articularse distintos esfuerzos y atender el origen del \u00e9xodo masivo, lo cual ata\u00f1e al gobierno hondure\u00f1o y al sistema econ\u00f3mico mundial, a c\u00f3mo estamos organizados, ya que ello genera la precarizaci\u00f3n de la econom\u00eda; adem\u00e1s, la violencia ampl\u00eda la brecha de desigualdad en algunas regiones\u201d.<\/p>\n<p>Itzel Abril Tinoco Gonz\u00e1lez detall\u00f3 que una vez que llegaron al norte del pa\u00eds y ante la imposibilidad de cruzar la frontera, cientos de migrantes regresar\u00e1n a sus pa\u00edses de origen, mientras que otros esperar\u00e1n, incluso a\u00f1os, para finalmente llegar a los Estados Unidos y algunos conseguir\u00e1n la visa humanitaria para conseguir su meta.<\/p>\n","protected":false},"excerpt":{"rendered":"<p>Pese al fortalecimiento de la seguridad en las fronteras y el endurecimiento de las pol\u00edticas p\u00fablicas para impedir su paso, continuar\u00e1n los movimientos migratorios centroamericanos hacia Estados Unidos a trav\u00e9s de M\u00e9xico, afirm\u00f3 la investigadora de la Facultad de Antropolog\u00eda de la Universidad Aut\u00f3noma del Estado de M\u00e9xico, Itzel Abril Tinoco Gonz\u00e1lez.<\/p>\n","protected":false},"author":3,"featured_media":406041,"comment_status":"open","ping_status":"open","sticky":false,"template":"","format":"standard","meta":{"_monsterinsights_skip_tracking":false,"_monsterinsights_sitenote_active":false,"_monsterinsights_sitenote_note":"","_monsterinsights_sitenote_category":0,"footnotes":""},"categories":[35155],"tags":[43675,77296,80758,452,1490],"class_list":["post-405985","post","type-post","status-publish","format-standard","has-post-thumbnail","hentry","category-estado-de-mexico-estado-de-mexico","tag-estado-de-mexico","tag-facultad-de-antropologia","tag-itzel-abril-tinoco-gonzalez","tag-toluca","tag-universidad-autonoma-del-estado-de-mexico"],"_links":{"self":[{"href":"https:\/\/www.diarioimagen.net\/index.php?rest_route=\/wp\/v2\/posts\/405985","targetHints":{"allow":["GET"]}}],"collection":[{"href":"https:\/\/www.diarioimagen.net\/index.php?rest_route=\/wp\/v2\/posts"}],"about":[{"href":"https:\/\/www.diarioimagen.net\/index.php?rest_route=\/wp\/v2\/types\/post"}],"author":[{"embeddable":true,"href":"https:\/\/www.diarioimagen.net\/index.php?rest_route=\/wp\/v2\/users\/3"}],"replies":[{"embeddable":true,"href":"https:\/\/www.diarioimagen.net\/index.php?rest_route=%2Fwp%2Fv2%2Fcomments&post=405985"}],"version-history":[{"count":0,"href":"https:\/\/www.diarioimagen.net\/index.php?rest_route=\/wp\/v2\/posts\/405985\/revisions"}],"wp:featuredmedia":[{"embeddable":true,"href":"https:\/\/www.diarioimagen.net\/index.php?rest_route=\/wp\/v2\/media\/406041"}],"wp:attachment":[{"href":"https:\/\/www.diarioimagen.net\/index.php?rest_route=%2Fwp%2Fv2%2Fmedia&parent=405985"}],"wp:term":[{"taxonomy":"category","embeddable":true,"href":"https:\/\/www.diarioimagen.net\/index.php?rest_route=%2Fwp%2Fv2%2Fcategories&post=405985"},{"taxonomy":"post_tag","embeddable":true,"href":"https:\/\/www.diarioimagen.net\/index.php?rest_route=%2Fwp%2Fv2%2Ftags&post=405985"}],"curies":[{"name":"wp","href":"https:\/\/api.w.org\/{rel}","templated":true}]}}