{"id":406001,"date":"2018-12-04T00:04:54","date_gmt":"2018-12-04T06:04:54","guid":{"rendered":"https:\/\/www.diarioimagen.net\/?p=406001"},"modified":"2018-12-04T01:25:53","modified_gmt":"2018-12-04T07:25:53","slug":"entregaran-lentes-a-150-adultos-mayores-en-tultepec","status":"publish","type":"post","link":"https:\/\/www.diarioimagen.net\/?p=406001","title":{"rendered":"Entregar\u00e1n lentes a 150 adultos mayores en Tultepec"},"content":{"rendered":"<ul>\n<li><strong><em>Listos, los clubes de ancianos para disfrutar de la prestaci\u00f3n<\/em><\/strong><\/li>\n<\/ul>\n<p>&nbsp;<\/p>\n<div id=\"attachment_406065\" style=\"width: 470px\" class=\"wp-caption aligncenter\"><a href=\"https:\/\/www.diarioimagen.net\/?attachment_id=406065\" rel=\"attachment wp-att-406065\"><img loading=\"lazy\" decoding=\"async\" aria-describedby=\"caption-attachment-406065\" class=\"size-large wp-image-406065\" src=\"https:\/\/www.diarioimagen.net\/wp-content\/uploads\/2018\/12\/TULTEPEC-4-460x305.jpg\" alt=\"\" width=\"460\" height=\"305\" srcset=\"https:\/\/www.diarioimagen.net\/wp-content\/uploads\/2018\/12\/TULTEPEC-4-460x305.jpg 460w, https:\/\/www.diarioimagen.net\/wp-content\/uploads\/2018\/12\/TULTEPEC-4-240x159.jpg 240w, https:\/\/www.diarioimagen.net\/wp-content\/uploads\/2018\/12\/TULTEPEC-4.jpg 700w\" sizes=\"auto, (max-width: 460px) 100vw, 460px\" \/><\/a><p id=\"caption-attachment-406065\" class=\"wp-caption-text\">El objetivo es regresarles un poquito de lo mucho que han aportado a lo largo de su vida,\u00a0como una retribuci\u00f3n de la sociedad por engrandecer a Tultepec.<\/p><\/div>\n<p>&nbsp;<\/p>\n<p><strong>Tultepec, Estado de M\u00e9xico<\/strong>.- El sistema para el Desarrollo Integral de la Familia del Estado de M\u00e9xico (DIFEM), a trav\u00e9s de la Coordinaci\u00f3n para el Adulto Mayor de Tultepec, realizaron una jornada de estudios oftalmol\u00f3gicos para adultos mayores de todo el municipio, con el objetivo de determinar si requieren lentes bifocales y fotocrom\u00e1ticos, los cuales les ser\u00e1n entregados en las pr\u00f3ximas semanas con base en estas pruebas.<\/p>\n<p>As\u00ed lo inform\u00f3 Humberto Garc\u00eda Gonz\u00e1lez, coordinador de Adultos Mayores de Tultepec, quien se\u00f1al\u00f3 que como gestor de estos apoyos para quienes m\u00e1s lo necesitan, se trata de beneficiar al menos a 150 personas integrantes de alguno de los 10 clubes de la Tercera Edad que hay en todo el municipio, con el \u00fanico requisito de ser mayores de 60 a\u00f1os y tener la necesidad con base en los resultados de los estudios realizados.<\/p>\n<p>\u201cEl objetivo es regresarles un poquito de lo mucho que han aportado a lo largo de su vida\u00a0como una retribuci\u00f3n de la sociedad por engrandecer a Tultepec, a nuestro Estado y a M\u00e9xico con su trabajo\u201d, afirm\u00f3.<\/p>\n<p>Esta entrega de lentes les permitir\u00e1 ver mejor y con ello mejorar su calidad de vida, y la de sus familias. Durante la realizaci\u00f3n de pruebas oftalmol\u00f3gicas, Humberto Garc\u00eda Gonz\u00e1lez, agradeci\u00f3 el invaluable apoyo del DIFEM por el beneficio de lentes para adultos mayores de Tultepec.<\/p>\n<p>\u201cPorque sin duda gran parte de lo que ahora somos como pa\u00eds, como estado y como municipio; se lo debemos a nuestros viejitos, quienes trabajaron mucho por ello y con su experiencia de vida todav\u00eda tienen mucho que aportar\u201d.<\/p>\n<p>Finalmente, Humberto Garc\u00eda Gonz\u00e1lez asegur\u00f3 que esta es la forma como deben trabajar los tres \u00f3rdenes de gobierno, sin distinciones de credos o colores partidistas, para as\u00ed llevar los beneficios de los programas sociales a quienes realmente los necesitan, de manera coordinada y desinteresada.<\/p>\n<p>El n\u00famero de anteojos que recibir\u00e1 cada grupo de la tercera edad son los siguientes: Teyahualco 15, \u00c1rbol de Vida I, 10, \u00c1rbol de Vida II 10, La Palma del Mirador 23, Hacienda del Jard\u00edn 7, 10 de Junio 15, San Rafael, 15, CTM 15, Real de Tultepec 15 y Cantera 5, para un total de 150.<\/p>\n","protected":false},"excerpt":{"rendered":"<p>El sistema para el Desarrollo Integral de la Familia del Estado de M\u00e9xico (DIFEM), a trav\u00e9s de la Coordinaci\u00f3n para el Adulto Mayor de Tultepec, realizaron una jornada de estudios oftalmol\u00f3gicos para adultos mayores de todo el municipio, con el objetivo de determinar si requieren lentes bifocales y fotocrom\u00e1ticos, los cuales les ser\u00e1n entregados en las pr\u00f3ximas semanas con base en estas pruebas.<\/p>\n","protected":false},"author":3,"featured_media":406065,"comment_status":"open","ping_status":"open","sticky":false,"template":"","format":"standard","meta":{"_monsterinsights_skip_tracking":false,"_monsterinsights_sitenote_active":false,"_monsterinsights_sitenote_note":"","_monsterinsights_sitenote_category":0,"footnotes":""},"categories":[35155],"tags":[15930,80762,43675,3802],"class_list":["post-406001","post","type-post","status-publish","format-standard","has-post-thumbnail","hentry","category-estado-de-mexico-estado-de-mexico","tag-adultos-mayores","tag-desarrollo-integral-de-la-familia-del-estado-de-mexico","tag-estado-de-mexico","tag-tultepec"],"_links":{"self":[{"href":"https:\/\/www.diarioimagen.net\/index.php?rest_route=\/wp\/v2\/posts\/406001","targetHints":{"allow":["GET"]}}],"collection":[{"href":"https:\/\/www.diarioimagen.net\/index.php?rest_route=\/wp\/v2\/posts"}],"about":[{"href":"https:\/\/www.diarioimagen.net\/index.php?rest_route=\/wp\/v2\/types\/post"}],"author":[{"embeddable":true,"href":"https:\/\/www.diarioimagen.net\/index.php?rest_route=\/wp\/v2\/users\/3"}],"replies":[{"embeddable":true,"href":"https:\/\/www.diarioimagen.net\/index.php?rest_route=%2Fwp%2Fv2%2Fcomments&post=406001"}],"version-history":[{"count":0,"href":"https:\/\/www.diarioimagen.net\/index.php?rest_route=\/wp\/v2\/posts\/406001\/revisions"}],"wp:featuredmedia":[{"embeddable":true,"href":"https:\/\/www.diarioimagen.net\/index.php?rest_route=\/wp\/v2\/media\/406065"}],"wp:attachment":[{"href":"https:\/\/www.diarioimagen.net\/index.php?rest_route=%2Fwp%2Fv2%2Fmedia&parent=406001"}],"wp:term":[{"taxonomy":"category","embeddable":true,"href":"https:\/\/www.diarioimagen.net\/index.php?rest_route=%2Fwp%2Fv2%2Fcategories&post=406001"},{"taxonomy":"post_tag","embeddable":true,"href":"https:\/\/www.diarioimagen.net\/index.php?rest_route=%2Fwp%2Fv2%2Ftags&post=406001"}],"curies":[{"name":"wp","href":"https:\/\/api.w.org\/{rel}","templated":true}]}}