{"id":406027,"date":"2018-12-04T00:10:56","date_gmt":"2018-12-04T06:10:56","guid":{"rendered":"https:\/\/www.diarioimagen.net\/?p=406027"},"modified":"2018-12-04T01:41:06","modified_gmt":"2018-12-04T07:41:06","slug":"monreal-y-diaz-de-leon-negocian-la-reestructuracion-del-banco-de-mexico","status":"publish","type":"post","link":"https:\/\/www.diarioimagen.net\/?p=406027","title":{"rendered":"Monreal y D\u00edaz de Le\u00f3n negocian la reestructuraci\u00f3n del Banco de M\u00e9xico"},"content":{"rendered":"<h2>Tras la puerta del poder<\/h2>\n<h5>Roberto Vizca\u00edno<\/h5>\n<p>&nbsp;<\/p>\n<div id=\"attachment_406087\" style=\"width: 470px\" class=\"wp-caption aligncenter\"><a href=\"https:\/\/www.diarioimagen.net\/?attachment_id=406087\" rel=\"attachment wp-att-406087\"><img loading=\"lazy\" decoding=\"async\" aria-describedby=\"caption-attachment-406087\" class=\"size-large wp-image-406087\" src=\"https:\/\/www.diarioimagen.net\/wp-content\/uploads\/2018\/12\/vigilante-LUIS-XAVIER-460x355.jpg\" alt=\"\" width=\"460\" height=\"355\" srcset=\"https:\/\/www.diarioimagen.net\/wp-content\/uploads\/2018\/12\/vigilante-LUIS-XAVIER-460x355.jpg 460w, https:\/\/www.diarioimagen.net\/wp-content\/uploads\/2018\/12\/vigilante-LUIS-XAVIER-240x185.jpg 240w, https:\/\/www.diarioimagen.net\/wp-content\/uploads\/2018\/12\/vigilante-LUIS-XAVIER-768x593.jpg 768w, https:\/\/www.diarioimagen.net\/wp-content\/uploads\/2018\/12\/vigilante-LUIS-XAVIER.jpg 1200w\" sizes=\"auto, (max-width: 460px) 100vw, 460px\" \/><\/a><p id=\"caption-attachment-406087\" class=\"wp-caption-text\">Vigilante&#8230; | Luis Xavier<\/p><\/div>\n<p>&nbsp;<\/p>\n<p>Si algo ha quedado claro en las semanas anteriores, es c\u00f3mo afecta a M\u00e9xico y su nuevo gobierno la <strong><em>extrema sensibilidad<\/em><\/strong> en que opera el sistema financiero.<\/p>\n<p>Y no hay ninguna duda de que el eje mayor de este delicad\u00edsimo sistema de contrapesos es el Banco de M\u00e9xico.<\/p>\n<p>Por ello la visita que ayer hizo <strong>Alejandro D\u00edaz de Le\u00f3n Carrillo<\/strong>, gobernador del Banco Central de M\u00e9xico a <strong>Ricardo Monreal,<\/strong> presidente de la Junta de Coordinaci\u00f3n Pol\u00edtica y coordinador de la bancada de Morena en el Senado, no fue cosa menor.<\/p>\n<p>Menos aun cuando en este diciembre en curso el Senado deber\u00e1 designar a 2 nuevos subgobernadores que ser\u00e1n la avanzada del lopezobradorismo o la 4ta Transformaci\u00f3n, como Usted quiera acomodarlo, dentro del Consejo de Administraci\u00f3n del Banco de M\u00e9xico.<\/p>\n<p>Mire Usted: la Junta de Gobierno del Banco de M\u00e9xico est\u00e1 formada por <strong>Alejandro D\u00edaz de Le\u00f3n Carrillo,<\/strong> <strong>como<\/strong> gobernador (quien lleg\u00f3 ah\u00ed tras la renuncia de <strong>Agust\u00edn Castens <\/strong>para ir a un Banco Internacional en Ginebra, Suiza); y por <strong>Roberto del Cueto Legaspi (quien luego de 2 per\u00edodo continuos de 7 a\u00f1os<\/strong> renunci\u00f3 a principios de noviembre al parecer por motivos de salud), <strong>Manuel Ramos Francia<\/strong> (quien dejar\u00e1 el Banco de M\u00e9xico el 31 de diciembre de este a\u00f1o), <strong>Javier Eduardo Guzm\u00e1n Calafell<\/strong> e <strong>Irene Espinosa Cantellano,<\/strong> como subgobernadores.<\/p>\n<p>Es as\u00ed que <strong>Monreal <\/strong>deber\u00e1 tramitar dentro del Senado la sustituci\u00f3n de 2 subgobernadores:<\/p>\n<p>&#8211; La de <strong>Roberto del Cueto<\/strong> y;<\/p>\n<p>&#8211; La de <strong>Manuel Ramos Francia.<\/strong><\/p>\n<p>Hace ya algunos meses <strong>Carlos Urz\u00faa<\/strong>, hoy secretario de Hacienda, adelant\u00f3 que la propuesta de<strong> Andr\u00e9s Manuel L\u00f3pez Obrador<\/strong> para ocupar el cargo de <strong>Ramos Francia<\/strong> era la del economista<strong> Jonathan Heat.<\/strong><\/p>\n<p>La intenci\u00f3n es -dijo <strong>Urz\u00faa<\/strong>&#8211;, que <strong>Heat<\/strong> sea designado a finales del 2021 &#8211;fecha en que <strong>D\u00edaz de Le\u00f3n<\/strong> concluye el periodo de <strong>Carstens-<\/strong>-, gobernador del Banco de M\u00e9xico.<\/p>\n<p>En este complicado esquema de sustituciones dentro del Banxico, a mediados de noviembre entr\u00f3 el nombre de <strong>Gerardo Esquivel<\/strong>, quien estaba propuesto por <strong>AMLO<\/strong> para ser subsecretario de Egresos en Hacienda.<\/p>\n<p><strong>Esquivel<\/strong> ya no ser\u00e1 subsecretario en Hacienda, sino el sustituto de <strong>Roberto del Cueto Legaspi <\/strong>en la junta de Gobierno del Banco Central.<\/p>\n<p>Total, que <strong>Monreal<\/strong> tiene la tarea de consensar en el Senado la designaci\u00f3n de <strong>Heat <\/strong>y de <strong>Esquivel<\/strong>, 2 posiciones con las que AMLO espera influir en la nueva pol\u00edtica financiera hacia la consolidaci\u00f3n de la 4ta Transformaci\u00f3n.<\/p>\n<p style=\"text-align: center;\"><strong>Coordinaci\u00f3n<\/strong><\/p>\n<p>De ah\u00ed que la visita de ayer de <strong>Alejandro D\u00edaz de Le\u00f3n, <\/strong>gobernador del Banco de M\u00e9xico a <strong>Ricardo Monreal<\/strong> en el Senado haya derivado en un pronunciamiento sobre una coordinaci\u00f3n entre ambas instituciones.<\/p>\n<p>De un trabajo coordinado entre el Banco de M\u00e9xico y el Senado, se dijo, siempre por el inter\u00e9s general y con respeto a la autonom\u00eda de ambas instituciones.<\/p>\n<p><strong>Monreal<\/strong>, presidente de la Junta de Coordinaci\u00f3n Pol\u00edtica, recibi\u00f3 en sus oficinas del Senado al gobernador del Banco de M\u00e9xico, <strong>Alejandro D\u00edaz de Le\u00f3n, <\/strong>instituci\u00f3n que garantiza la autonom\u00eda financiera y los contrapesos del mercado.<\/p>\n<p>El zacatecano indic\u00f3 que el papel regulador del Banco de M\u00e9xico es punto clave en el avance hacia un ecosistema financiero m\u00e1s accesible y justo.<\/p>\n<p>Las instituciones financieras en M\u00e9xico son, sin lugar a dudas, agreg\u00f3, una pieza fundamental para lograr el desarrollo econ\u00f3mico en el pa\u00eds.<\/p>\n<p>Sin embargo, <strong>Monreal<\/strong> no dej\u00f3 de se\u00f1alar que en pasado reciente, el dise\u00f1o de pol\u00edticas p\u00fablicas de la banca no ha sido el correcto.<\/p>\n<p>En el proceso de nacionalizaci\u00f3n de la banca y de su posterior privatizaci\u00f3n, afirm\u00f3, los mexicanos y mexicanas heredamos una banca que no ha sido regulada de manera correcta.<\/p>\n<p>Ello ha derivado, indic\u00f3, en la imposici\u00f3n de condiciones bancarias que no favorecen al grueso de la poblaci\u00f3n.<\/p>\n<p>Por ello, desde el Senado, afirm\u00f3, se trabajar\u00e1 en coordinaci\u00f3n con el Banco de M\u00e9xico.<\/p>\n<p>Por eso mismo se ha comenzado a legislar para ampliar la inclusi\u00f3n financiera de las y los mexicanos, precis\u00f3.<\/p>\n<p>Un ejemplo es la iniciativa, ya en proceso, que pretende regular las comisiones bancarias.<\/p>\n<p>En este proceso, dijo, se realizar\u00e1n foros de expertos para lograr consensos que beneficien a toda la poblaci\u00f3n, subray\u00f3.<\/p>\n<p>En este trabajo legislativo, agreg\u00f3, se acudir\u00e1 adem\u00e1s a otros mecanismos que faciliten la correcta regulaci\u00f3n de las comisiones bancarias cosa que el Senado velar\u00e1 por su cumplimiento.<\/p>\n<p>Consider\u00f3 que su reuni\u00f3n con <strong>D\u00edaz de Le\u00f3n,<\/strong> es muestra de la disposici\u00f3n y compromiso que el Senado tiene con los mexicanos y mexicanas.<\/p>\n<p>A base de <strong>consensos y respeto a las instituciones<\/strong>, concluy\u00f3 <strong>Monreal<\/strong>, pasaremos de tener instituciones extractivas que impiden nuestro desarrollo como pa\u00eds, a contar con instituciones inclusivas que realmente fomenten el cambio que necesitamos.<\/p>\n<p style=\"text-align: center;\"><strong>Percepciones internacionales<\/strong><\/p>\n<p>En este contexto sobresale la percepci\u00f3n de los medios internacionales especializados en finanzas sobre la llegada de Andr\u00e9s Manuel L\u00f3pez Obrador a la Presidencia de M\u00e9xico.<\/p>\n<p>En lo general <strong>The Walll Street Journal, Reuters, The Guardian y The Financial Times<\/strong> destacaron los compromisos del nuevo gobierno sobre el combate a la corrupci\u00f3n y a un nuevo orden.<\/p>\n<p>S\u00f3lo <strong>The Financial Times<\/strong> destac\u00f3 el compromiso de AMLO para cerrarle el paso al neoliberalismo y potenciar un nuevo sistema social para M\u00e9xico.<\/p>\n<p>Firmado por <strong>Jude Webber<\/strong>, se destaca un art\u00edculo en que se advierte que <strong>Andr\u00e9s Manuel L\u00f3pez Obrador<\/strong> pretende \u201cabolir las pol\u00edticas de libre mercado que, seg\u00fan dijo, hab\u00edan sido una \u201ccalamidad\u201d para el pa\u00eds\u201d.<\/p>\n<p><strong>Weber<\/strong> ubica a <strong>AMLO<\/strong> como un \u201cnacionalista de izquierda de 65 a\u00f1os de edad (que) atac\u00f3 al neoliberalismo mientras se comprometi\u00f3 a iniciar una \u201ccuarta transformaci\u00f3n de M\u00e9xico\u201d.<\/p>\n<p>\u201cHoy inicia no s\u00f3lo un nuevo gobierno, sino un cambio de r\u00e9gimen pol\u00edtico\u201d, dijo<\/p>\n<p>El periodista considera que el tono del discurso inaugural de AMLO, \u201calarm\u00f3 a l\u00edderes empresariales (como) <strong>Gustavo de Hoyos<\/strong>, presidente de la Coparmex, (quien) tuite\u00f3 que el discurso conten\u00eda \u201cexpresiones polarizantes&#8230; cargadas de ideolog\u00eda retr\u00f3grada\u201d.<\/p>\n<p>Record\u00f3 que en d\u00edas anteriores los mercados mexicanos sufrieron grandes p\u00e9rdidas \u201cdebido a que los inversionistas se han asustado por el cambio de enfoque y estilo disruptivo <strong>de L\u00f3pez Obrador,<\/strong> pero el nuevo presidente dijo:<\/p>\n<p>\u201cMe comprometo, y soy hombre de palabra, a que las inversiones de accionistas nacionales y extranjeros estar\u00e1n seguras y se crear\u00e1n condiciones para obtener buenos rendimientos\u201d.<\/p>\n<p><strong>Weber<\/strong> coloca a <strong>L\u00f3pez Obrador<\/strong> como un Presidente que es en realidad, \u201cun activista social desde hace mucho tiempo, (que) asume el cargo con el mandato m\u00e1s s\u00f3lido en una generaci\u00f3n tras una victoria aplastante que tambi\u00e9n le dio a su partido una mayor\u00eda en ambas c\u00e1maras del Congreso.<\/p>\n<p>\u201cEl nuevo presidente lanz\u00f3 un feroz ataque en contra del orden establecido econ\u00f3mico y las reformas energ\u00e9ticas completadas en 2013, que fueron la pieza central de los logros pol\u00edticos de Pe\u00f1a Nieto.<\/p>\n<p>\u201cConden\u00f3 \u201cel manifiesto fracaso y la evidente corrupci\u00f3n\u201d de las pol\u00edticas neoliberales que, seg\u00fan dijo, hab\u00edan generado s\u00f3lo una fracci\u00f3n del crecimiento de d\u00e9cadas anteriores, y una corrupci\u00f3n desenfrenada.<\/p>\n<p>\u201cHaremos todo lo que podamos para abolir el r\u00e9gimen neoliberal\u201d, record\u00f3 que dijo AMLO.<\/p>\n<p>Una visi\u00f3n general sobre el gobierno entrante que seguramente tendr\u00e1 influencia en inversionistas extranjeros.<\/p>\n<p><em><a href=\"mailto:rvizcainoa@gmail.com\" target=\"_blank\" rel=\"noopener\">rvizcainoa@gmail.com<\/a><\/em><br \/>\n<em><a href=\"http:\/\/www.endirecto.com.mx\/\" target=\"_blank\" rel=\"noopener\">www.endirecto.com.mx<\/a><\/em><br \/>\n<em><a href=\"https:\/\/twitter.com\/_rvizcaino\" target=\"_blank\" rel=\"noopener\">@_RVizcaino<\/a><\/em><br \/>\n<a href=\"https:\/\/www.facebook.com\/rvizcainoa\" target=\"_blank\" rel=\"noopener\">f<em>acebook.com\/rvizcainoa<\/em><\/a><\/p>\n","protected":false},"excerpt":{"rendered":"<p><span style=\"color: #005497;\"><strong>Roberto Vizca\u00edno<\/strong><\/span><br \/>\n<br \/>\nSi algo ha quedado claro en las semanas anteriores, es c\u00f3mo afecta a M\u00e9xico y su nuevo gobierno la <strong><em>extrema sensibilidad<\/em><\/strong> en que opera el sistema financiero.<\/p>\n","protected":false},"author":3,"featured_media":406087,"comment_status":"open","ping_status":"open","sticky":false,"template":"","format":"standard","meta":{"_monsterinsights_skip_tracking":false,"_monsterinsights_sitenote_active":false,"_monsterinsights_sitenote_note":"","_monsterinsights_sitenote_category":0,"footnotes":""},"categories":[136],"tags":[43674,93,94],"class_list":["post-406027","post","type-post","status-publish","format-standard","has-post-thumbnail","hentry","category-roberto-vizcaino-opinion","tag-opinion","tag-roberto-vizcaino","tag-tras-la-puerta-del-poder"],"_links":{"self":[{"href":"https:\/\/www.diarioimagen.net\/index.php?rest_route=\/wp\/v2\/posts\/406027","targetHints":{"allow":["GET"]}}],"collection":[{"href":"https:\/\/www.diarioimagen.net\/index.php?rest_route=\/wp\/v2\/posts"}],"about":[{"href":"https:\/\/www.diarioimagen.net\/index.php?rest_route=\/wp\/v2\/types\/post"}],"author":[{"embeddable":true,"href":"https:\/\/www.diarioimagen.net\/index.php?rest_route=\/wp\/v2\/users\/3"}],"replies":[{"embeddable":true,"href":"https:\/\/www.diarioimagen.net\/index.php?rest_route=%2Fwp%2Fv2%2Fcomments&post=406027"}],"version-history":[{"count":0,"href":"https:\/\/www.diarioimagen.net\/index.php?rest_route=\/wp\/v2\/posts\/406027\/revisions"}],"wp:featuredmedia":[{"embeddable":true,"href":"https:\/\/www.diarioimagen.net\/index.php?rest_route=\/wp\/v2\/media\/406087"}],"wp:attachment":[{"href":"https:\/\/www.diarioimagen.net\/index.php?rest_route=%2Fwp%2Fv2%2Fmedia&parent=406027"}],"wp:term":[{"taxonomy":"category","embeddable":true,"href":"https:\/\/www.diarioimagen.net\/index.php?rest_route=%2Fwp%2Fv2%2Fcategories&post=406027"},{"taxonomy":"post_tag","embeddable":true,"href":"https:\/\/www.diarioimagen.net\/index.php?rest_route=%2Fwp%2Fv2%2Ftags&post=406027"}],"curies":[{"name":"wp","href":"https:\/\/api.w.org\/{rel}","templated":true}]}}