{"id":406113,"date":"2018-12-05T00:05:44","date_gmt":"2018-12-05T06:05:44","guid":{"rendered":"https:\/\/www.diarioimagen.net\/?p=406113"},"modified":"2018-12-05T23:33:03","modified_gmt":"2018-12-06T05:33:03","slug":"elevar-bienestar-gran-desafio-de-nuevo-gobierno-cce","status":"publish","type":"post","link":"https:\/\/www.diarioimagen.net\/?p=406113","title":{"rendered":"Elevar bienestar, gran desaf\u00edo de nuevo gobierno: CCE"},"content":{"rendered":"<ul>\n<li><em><strong>Se pronuncia por la libertad de empresa <\/strong><\/em><\/li>\n<\/ul>\n<p>&nbsp;<\/p>\n<div id=\"attachment_406114\" style=\"width: 470px\" class=\"wp-caption aligncenter\"><img loading=\"lazy\" decoding=\"async\" aria-describedby=\"caption-attachment-406114\" class=\"size-large wp-image-406114\" src=\"https:\/\/www.diarioimagen.net\/wp-content\/uploads\/2018\/12\/CCE5-portal-460x268.jpg\" alt=\"\" width=\"460\" height=\"268\" srcset=\"https:\/\/www.diarioimagen.net\/wp-content\/uploads\/2018\/12\/CCE5-portal-460x268.jpg 460w, https:\/\/www.diarioimagen.net\/wp-content\/uploads\/2018\/12\/CCE5-portal-240x140.jpg 240w, https:\/\/www.diarioimagen.net\/wp-content\/uploads\/2018\/12\/CCE5-portal.jpg 480w\" sizes=\"auto, (max-width: 460px) 100vw, 460px\" \/><p id=\"caption-attachment-406114\" class=\"wp-caption-text\">El Consejo Coordinador Empresarial se pronunci\u00f3 por la libertad de empresa y la integraci\u00f3n econ\u00f3mica con el exterior.<\/p><\/div>\n<p>&nbsp;<\/p>\n<p>M\u00e9xico debe continuar su apuesta por la libertad de empresa y la integraci\u00f3n econ\u00f3mica con el exterior, la cual ha sido fuente de crecimiento econ\u00f3mico y de generaci\u00f3n de empleos, para superar la pobreza de manera sustentable.<\/p>\n<p>El Consejo Coordinador Empresarial (CCE) detalla en un comunicado que, por ello, se debe promover un mayor crecimiento incluyente, reducir los costos regulatorios, as\u00ed como incorporar a las peque\u00f1as y medianas empresas a las cadenas globales de valor.<\/p>\n<p>Adem\u00e1s de fomentar el desarrollo de infraestructura en todas las regiones del pa\u00eds, apoyar que las peque\u00f1as empresas puedan crecer y no se vayan a la econom\u00eda informal e impulsar las zonas econ\u00f3micas especiales; entre otras estrategias.<\/p>\n<p>El organismo que preside Juan Pablo Casta\u00f1\u00f3n refiere que M\u00e9xico necesita invertir m\u00e1s desde adentro y atraer inversi\u00f3n extranjera; aumentar la productividad y el ingreso de los trabajadores, porque s\u00f3lo as\u00ed se puede elevar el bienestar de las familias mexicanas.<\/p>\n<p>\u201cNo es una varita m\u00e1gica; es un trabajo cotidiano en el cual nos tenemos que emplear todos haciendo lo que nos corresponde. Ese es un objetivo econ\u00f3mico y social que debe ser respetado y respaldado por nuestras instituciones\u201d.<\/p>\n<p>Por eso, dijo, coinciden con el nuevo gobierno en la urgencia de combatir la corrupci\u00f3n y establecer un verdadero Estado de derecho, garantizar la certidumbre jur\u00eddica y terminar con la inseguridad, para que exista un ambiente de negocios m\u00e1s adecuado.<\/p>\n<p>\u201cM\u00e9xico puede ser una econom\u00eda l\u00edder en el mundo. Pero necesitamos ver hacia delante, adaptarnos y adecuarnos a las necesidades y desaf\u00edos del siglo XXI. Y s\u00f3lo construyendo sobre lo que hemos logrado y transformando lo que nos hace falta, podemos forjar el pa\u00eds pr\u00f3spero y equitativo que anhelamos todos\u201d, puntualiz\u00f3.<\/p>\n","protected":false},"excerpt":{"rendered":"<p>M\u00e9xico debe continuar su apuesta por la libertad de empresa y la integraci\u00f3n econ\u00f3mica con el exterior, la cual ha sido fuente de crecimiento econ\u00f3mico y de generaci\u00f3n de empleos, para superar la pobreza de manera sustentable.<\/p>\n","protected":false},"author":5,"featured_media":406114,"comment_status":"open","ping_status":"open","sticky":false,"template":"","format":"standard","meta":{"_monsterinsights_skip_tracking":false,"_monsterinsights_sitenote_active":false,"_monsterinsights_sitenote_note":"","_monsterinsights_sitenote_category":0,"footnotes":""},"categories":[8],"tags":[4327,43678,28280,76499],"class_list":["post-406113","post","type-post","status-publish","format-standard","has-post-thumbnail","hentry","category-finanzas","tag-cce","tag-finanzas","tag-juan-pablo-castanon","tag-nuevo-gobierno"],"_links":{"self":[{"href":"https:\/\/www.diarioimagen.net\/index.php?rest_route=\/wp\/v2\/posts\/406113","targetHints":{"allow":["GET"]}}],"collection":[{"href":"https:\/\/www.diarioimagen.net\/index.php?rest_route=\/wp\/v2\/posts"}],"about":[{"href":"https:\/\/www.diarioimagen.net\/index.php?rest_route=\/wp\/v2\/types\/post"}],"author":[{"embeddable":true,"href":"https:\/\/www.diarioimagen.net\/index.php?rest_route=\/wp\/v2\/users\/5"}],"replies":[{"embeddable":true,"href":"https:\/\/www.diarioimagen.net\/index.php?rest_route=%2Fwp%2Fv2%2Fcomments&post=406113"}],"version-history":[{"count":0,"href":"https:\/\/www.diarioimagen.net\/index.php?rest_route=\/wp\/v2\/posts\/406113\/revisions"}],"wp:featuredmedia":[{"embeddable":true,"href":"https:\/\/www.diarioimagen.net\/index.php?rest_route=\/wp\/v2\/media\/406114"}],"wp:attachment":[{"href":"https:\/\/www.diarioimagen.net\/index.php?rest_route=%2Fwp%2Fv2%2Fmedia&parent=406113"}],"wp:term":[{"taxonomy":"category","embeddable":true,"href":"https:\/\/www.diarioimagen.net\/index.php?rest_route=%2Fwp%2Fv2%2Fcategories&post=406113"},{"taxonomy":"post_tag","embeddable":true,"href":"https:\/\/www.diarioimagen.net\/index.php?rest_route=%2Fwp%2Fv2%2Ftags&post=406113"}],"curies":[{"name":"wp","href":"https:\/\/api.w.org\/{rel}","templated":true}]}}