{"id":406125,"date":"2018-12-05T00:08:44","date_gmt":"2018-12-05T06:08:44","guid":{"rendered":"https:\/\/www.diarioimagen.net\/?p=406125"},"modified":"2018-12-05T23:33:21","modified_gmt":"2018-12-06T05:33:21","slug":"en-el-edomex-se-trabaja-para-fortalecer-a-familias-mexiquenses-del-mazo","status":"publish","type":"post","link":"https:\/\/www.diarioimagen.net\/?p=406125","title":{"rendered":"En el Edomex se trabaja para fortalecer a familias mexiquenses: Del Mazo"},"content":{"rendered":"<ul>\n<li><em><strong>En conjunto con los diferentes \u00f3rdenes de gobierno<\/strong><\/em><\/li>\n<li><em><strong>Destaca que Lerma es un polo de desarrollo para la econom\u00eda y competitividad<\/strong><\/em><\/li>\n<\/ul>\n<p>&nbsp;<\/p>\n<div id=\"attachment_406126\" style=\"width: 470px\" class=\"wp-caption aligncenter\"><img loading=\"lazy\" decoding=\"async\" aria-describedby=\"caption-attachment-406126\" class=\"size-large wp-image-406126\" src=\"https:\/\/www.diarioimagen.net\/wp-content\/uploads\/2018\/12\/DEL-MAZO5-portal-460x268.jpg\" alt=\"\" width=\"460\" height=\"268\" srcset=\"https:\/\/www.diarioimagen.net\/wp-content\/uploads\/2018\/12\/DEL-MAZO5-portal-460x268.jpg 460w, https:\/\/www.diarioimagen.net\/wp-content\/uploads\/2018\/12\/DEL-MAZO5-portal-240x140.jpg 240w, https:\/\/www.diarioimagen.net\/wp-content\/uploads\/2018\/12\/DEL-MAZO5-portal.jpg 480w\" sizes=\"auto, (max-width: 460px) 100vw, 460px\" \/><p id=\"caption-attachment-406126\" class=\"wp-caption-text\">Alfredo Del Mazo reiter\u00f3 que su administraci\u00f3n trabajar\u00e1 en conjunto con los diferentes \u00f3rdenes de gobierno, para fortalecer el desarrollo de los mexiquenses.<\/p><\/div>\n<p>&nbsp;<\/p>\n<p><strong>Lerma, Estado de M\u00e9xico<\/strong>.- En el Estado de M\u00e9xico el principal programa de trabajo y desarrollo de la administraci\u00f3n estatal se enfoca en el fortalecimiento de las familias mexiquenses, mediante el impulso de acciones en rubros como el educativo, alimentario, de salud, vivienda, empleo, y a trav\u00e9s del empoderamiento de las mujeres de la entidad, afirm\u00f3 el gobernador Alfredo Del Mazo Maza.<\/p>\n<p>\u201cEl principal programa de trabajo y de desarrollo de nuestra administraci\u00f3n est\u00e1 enfocado en las familias, en fortalecer a las familias del Estado de M\u00e9xico. \u201cEn que tengamos familias fuertes porque tengan una buena alimentaci\u00f3n, familias fuertes que tengan una buena salud, familias fuertes que tengan un acceso digno a vivienda, familias fuertes que tengan un buen acceso y oportunidades de educaci\u00f3n y desarrollo, familias fuertes que tengan la oportunidad de tener un mejor ingreso y oportunidades de empleo\u201d, puntualiz\u00f3.<\/p>\n<p>Al asistir al Tercer Informe de Resultados del alcalde de Lerma, Jaime Cervantes S\u00e1nchez, y a la Toma de Protesta al Ayuntamiento 2019-2021 de esta localidad, Alfredo Del Mazo reiter\u00f3 que la administraci\u00f3n estatal trabajar\u00e1 de manera conjunta con el gobierno federal y los ayuntamientos mexiquenses, as\u00ed como con los poderes Judicial y Legislativo, haciendo a un lado diferencias ideol\u00f3gicas y dando prioridad al bienestar de las familias mexiquenses. \u201cTrabajaremos de la mano para que este municipio, y en general el Estado de M\u00e9xico, siga siendo un estado pujante y en desarrollo\u201d.<\/p>\n<p>El mandatario mexiquense reconoci\u00f3 el trabajo y los resultados obtenidos por Jaime Cervantes al frente del municipio de Lerma, por lo cual la ciudadan\u00eda le reiter\u00f3 su confianza y fue reelecto como presidente municipal para el periodo 2019-2021.<\/p>\n<p>En este sentido, manifest\u00f3 que Lerma es un municipio que se caracteriza por ser uno de los pilares del crecimiento econ\u00f3mico de la entidad, resultado de su desarrollo industrial, en sectores como el automotriz, qu\u00edmico-farmac\u00e9utico, alimentario y bancario, entre otros.<\/p>\n<p>Asimismo, destac\u00f3 algunos de los logros de la administraci\u00f3n municipal, como el que Lerma est\u00e1 cerca de erradicar la pobreza extrema, logro que, dijo, es motivo de orgullo, porque siempre se debe enfatizar en ayudar a las familias m\u00e1s necesitadas.<\/p>\n<p>Adem\u00e1s del saneamiento financiero del municipio, lo cual se refleja en que esta localidad no cuenta con deuda, as\u00ed como el fortalecimiento de la seguridad p\u00fablica con el equipamiento integral de la polic\u00eda con la adquisici\u00f3n de 46 veh\u00edculos.<\/p>\n<p>Tambi\u00e9n por la mejora de los servicios p\u00fablicos con la instalaci\u00f3n de m\u00e1s de 3 mil 400 luminarias de led, lo que ayuda a prevenir actos de violencia y la inseguridad, as\u00ed como la puesta en operaci\u00f3n, en coordinaci\u00f3n con la administraci\u00f3n estatal, del Hospital de Atarasquillo y la obtenci\u00f3n del Premio a la Mejor Gesti\u00f3n en Materia de Municipio Social y Saludable, otorgado por la Federaci\u00f3n Nacional de Municipios de M\u00e9xico.<\/p>\n<p>\u201cPor su compromiso con la modernizaci\u00f3n gubernamental y con la atenci\u00f3n prioritaria de su poblaci\u00f3n, la administraci\u00f3n de Lerma es un ejemplo para los 125 municipios mexiquenses. \u201cQuiero hacer un gran reconocimiento a Jaime Cervantes por ese trabajo, ese logro, ese gran esfuerzo a lo largo de tres a\u00f1os de gesti\u00f3n, que estoy seguro que lo continuar\u00e1 haciendo y les brindar\u00e1 mejores oportunidades de desarrollo a las familias de Lerma\u201d, expres\u00f3.<\/p>\n<p>El titular del Ejecutivo estatal se\u00f1al\u00f3 que su gobierno ha establecido una alianza de trabajo con Lerma que se caracteriza por ser s\u00f3lida, cordial y respetuosa, y para fortalecer el liderazgo econ\u00f3mico y la competitividad de este municipio. Por lo cual, dijo, se ampl\u00eda la infraestructura en comunicaciones, con obras como el Tren Interurbano M\u00e9xico-Toluca, la ampliaci\u00f3n y fortalecimiento del Aeropuerto Internacional de Toluca, acciones que hacen m\u00e1s atractiva a esta localidad para la llegada de m\u00e1s empresas, lo que representa m\u00e1s generaci\u00f3n de empleos.<\/p>\n<p>Por su parte, el Alcalde Jaime Cervantes inform\u00f3 sobre los logros obtenidos durante su trienio en rubros como el desarrollo social, salud, educaci\u00f3n, cultura, deporte y vivienda, entre otros, y sostuvo que en los pr\u00f3ximos tres a\u00f1os se continuar\u00e1 trabajando en unidad, adem\u00e1s de que el eje principal ser\u00e1 el empoderamiento ciudadano.<\/p>\n<p>Destac\u00f3 que a trav\u00e9s del programa de mejoramiento a la vivienda, se realizaron m\u00e1s de 5 mil acciones en beneficio de m\u00e1s de 20 mil personas, y se\u00f1al\u00f3 que datos del Consejo Nacional de Evaluaci\u00f3n de la Pol\u00edtica de Desarrollo Social (Coneval) indican que en los \u00faltimos tres a\u00f1os en Lerma se abati\u00f3 la pobreza extrema en un 80 por ciento.<\/p>\n<p>\u201cDerivado de las m\u00e1s de mil obras, 5 mil acciones y cero deuda, dichas acciones han cambiado para bien la vida de miles de familias\u201d, afirm\u00f3.<\/p>\n<p><strong>###<\/strong><strong>\u00a0<\/strong><\/p>\n<p><strong>Alfredo Del Mazo<\/strong> reiter\u00f3 que su administraci\u00f3n trabajar\u00e1 en conjunto con los diferentes \u00f3rdenes de gobierno, para fortalecer el desarrollo de los mexiquenses.<\/p>\n","protected":false},"excerpt":{"rendered":"<p>En el Estado de M\u00e9xico el principal programa de trabajo y desarrollo de la administraci\u00f3n estatal se enfoca en el fortalecimiento de las familias mexiquenses, mediante el impulso de acciones en rubros como el educativo, alimentario, de salud, vivienda, empleo, y a trav\u00e9s del empoderamiento de las mujeres de la entidad, afirm\u00f3 el gobernador Alfredo Del Mazo Maza.<\/p>\n","protected":false},"author":5,"featured_media":406126,"comment_status":"open","ping_status":"open","sticky":false,"template":"","format":"standard","meta":{"_monsterinsights_skip_tracking":false,"_monsterinsights_sitenote_active":false,"_monsterinsights_sitenote_note":"","_monsterinsights_sitenote_category":0,"footnotes":""},"categories":[5],"tags":[2505,80773,43675,16411,67208,1050],"class_list":["post-406125","post","type-post","status-publish","format-standard","has-post-thumbnail","hentry","category-estado-de-mexico","tag-alfredo-del-mazo-maza","tag-edomex-se-trabaja-para-fortalecer","tag-estado-de-mexico","tag-familias","tag-familias-mexiquenses","tag-lerma"],"_links":{"self":[{"href":"https:\/\/www.diarioimagen.net\/index.php?rest_route=\/wp\/v2\/posts\/406125","targetHints":{"allow":["GET"]}}],"collection":[{"href":"https:\/\/www.diarioimagen.net\/index.php?rest_route=\/wp\/v2\/posts"}],"about":[{"href":"https:\/\/www.diarioimagen.net\/index.php?rest_route=\/wp\/v2\/types\/post"}],"author":[{"embeddable":true,"href":"https:\/\/www.diarioimagen.net\/index.php?rest_route=\/wp\/v2\/users\/5"}],"replies":[{"embeddable":true,"href":"https:\/\/www.diarioimagen.net\/index.php?rest_route=%2Fwp%2Fv2%2Fcomments&post=406125"}],"version-history":[{"count":0,"href":"https:\/\/www.diarioimagen.net\/index.php?rest_route=\/wp\/v2\/posts\/406125\/revisions"}],"wp:featuredmedia":[{"embeddable":true,"href":"https:\/\/www.diarioimagen.net\/index.php?rest_route=\/wp\/v2\/media\/406126"}],"wp:attachment":[{"href":"https:\/\/www.diarioimagen.net\/index.php?rest_route=%2Fwp%2Fv2%2Fmedia&parent=406125"}],"wp:term":[{"taxonomy":"category","embeddable":true,"href":"https:\/\/www.diarioimagen.net\/index.php?rest_route=%2Fwp%2Fv2%2Fcategories&post=406125"},{"taxonomy":"post_tag","embeddable":true,"href":"https:\/\/www.diarioimagen.net\/index.php?rest_route=%2Fwp%2Fv2%2Ftags&post=406125"}],"curies":[{"name":"wp","href":"https:\/\/api.w.org\/{rel}","templated":true}]}}