{"id":406128,"date":"2018-12-05T00:11:03","date_gmt":"2018-12-05T06:11:03","guid":{"rendered":"https:\/\/www.diarioimagen.net\/?p=406128"},"modified":"2018-12-04T23:45:58","modified_gmt":"2018-12-05T05:45:58","slug":"someten-al-mexicable-a-proceso-de-recertificacion","status":"publish","type":"post","link":"https:\/\/www.diarioimagen.net\/?p=406128","title":{"rendered":"Someten al Mexicable a proceso de recertificaci\u00f3n"},"content":{"rendered":"<ul>\n<li><strong><em>Revisar\u00e1n operaci\u00f3n y bit\u00e1coras del mantenimiento<\/em><\/strong><\/li>\n<\/ul>\n<p>&nbsp;<\/p>\n<div id=\"attachment_406129\" style=\"width: 470px\" class=\"wp-caption aligncenter\"><img loading=\"lazy\" decoding=\"async\" aria-describedby=\"caption-attachment-406129\" class=\"wp-image-406129 size-large\" src=\"https:\/\/www.diarioimagen.net\/wp-content\/uploads\/2018\/12\/MEXICABLE5a-portal-460x268.jpg\" alt=\"\" width=\"460\" height=\"268\" srcset=\"https:\/\/www.diarioimagen.net\/wp-content\/uploads\/2018\/12\/MEXICABLE5a-portal-460x268.jpg 460w, https:\/\/www.diarioimagen.net\/wp-content\/uploads\/2018\/12\/MEXICABLE5a-portal-240x140.jpg 240w, https:\/\/www.diarioimagen.net\/wp-content\/uploads\/2018\/12\/MEXICABLE5a-portal.jpg 480w\" sizes=\"auto, (max-width: 460px) 100vw, 460px\" \/><p id=\"caption-attachment-406129\" class=\"wp-caption-text\">Revisar\u00e1n durante 40 d\u00edas la operaci\u00f3n y bit\u00e1coras del mantenimiento del sistema, proceso que inici\u00f3 el 28 de noviembre y concluye el 9 de enero.<\/p><\/div>\n<p>&nbsp;<\/p>\n<p><strong>Ecatepec, Estado de M\u00e9xico<\/strong>.- En atenci\u00f3n a las necesidades de seguridad que exige el Mexicable para sus pasajeros, la empresa alemana T\u00dcV Rheinland realiza el proceso de recertificaci\u00f3n de este sistema, que es el primer telef\u00e9rico en Norteam\u00e9rica que presta el servicio de transporte p\u00fablico.<\/p>\n<p>Desde la noche del viernes, auditores alemanes recorrieron las siete estaciones del Mexicable, a fin de comprobar que todos los sistemas de seguridad funcionan acorde a lo estipulado y que los mantenimientos se han realizado conforme a las especificaciones y normas europeas.<\/p>\n<p>\u201cSe pretende hacer la prueba de revisi\u00f3n de todos los sensores, de todas las geometr\u00edas, de todos los sistemas mec\u00e1nicos, el\u00e9ctricos que componen el sistema, para garantizar que sigue siendo seguro y confiable para los usuarios\u201d, indic\u00f3 Sandra \u00c1lamo, representante de la empresa T\u00dcV Rheinland.<\/p>\n<p>En julio de este a\u00f1o, el Mexicable realiz\u00f3 su segundo paro anual programado verificaci\u00f3n de mantenimientos, a fin de garantizar la correcta operaci\u00f3n de todos los mecanismos de seguridad y funcionalidad del mismo. \u00c1lamo destac\u00f3 y agradeci\u00f3 el respaldo del Sistema de Transporte Masivo y Telef\u00e9rico del Estado de M\u00e9xico (Sitramytem), por la facilidad de realizar la auditor\u00eda de recertificaci\u00f3n sin detener la operaci\u00f3n ni afectar a los usuarios.<\/p>\n<p>\u201cNo detuvimos el sistema, sigue operando y los trabajos pudimos hacerlos durante la noche, para garantizar ambas expectativas, la del usuario y la del certificador\u201d, expres\u00f3 \u00c1lamo, tambi\u00e9n representante de negocios de la empresa alemana. Agreg\u00f3 que tras la revisi\u00f3n, se tiene la certeza de que los usuarios puedan seguir subiendo al sistema que cuenta con una certificaci\u00f3n internacional.<\/p>\n<p>Por separado, V\u00edctor Manuel Jasso, director del Mexicable Ecatepec, afirm\u00f3 que tras la revisi\u00f3n, se conf\u00eda en obtener de nuevo la certificaci\u00f3n, pues se ha trabajado intensamente para mantener los est\u00e1ndares internacionales del sistema, que traslada a 18 mil pasajeros diariamente.<\/p>\n<p>\u201cEllos, como verificadores externos, vienen a verificar que las seguridades del sistema trabajen de manera correcta, adem\u00e1s vienen a verificar y comprobar que los trabajos de mantenimiento se est\u00e1n llevando de acuerdo a las normativas europeas del fabricante\u201d, afirm\u00f3 Jasso.<\/p>\n<p>De igual forma, agreg\u00f3 que el proceso dura 40 d\u00edas, comenz\u00f3 el 28 de noviembre y concluir\u00e1 el 9 de enero, cuando esperan recibir la recertificaci\u00f3n internacional.<\/p>\n<p>\u00c1lamo se\u00f1al\u00f3 que ahora que las autoridades de la Ciudad de M\u00e9xico pretenden implementar un sistema de transporte similar, podr\u00edan conocer el Mexicable de Ecatepec para tener la experiencia probada del sistema.<\/p>\n","protected":false},"excerpt":{"rendered":"<p> En atenci\u00f3n a las necesidades de seguridad que exige el Mexicable para sus pasajeros, la empresa alemana T\u00dcV Rheinland realiza el proceso de recertificaci\u00f3n de este sistema, que es el primer telef\u00e9rico en Norteam\u00e9rica que presta el servicio de transporte p\u00fablico.<\/p>\n","protected":false},"author":5,"featured_media":406129,"comment_status":"open","ping_status":"open","sticky":false,"template":"","format":"standard","meta":{"_monsterinsights_skip_tracking":false,"_monsterinsights_sitenote_active":false,"_monsterinsights_sitenote_note":"","_monsterinsights_sitenote_category":0,"footnotes":""},"categories":[5],"tags":[80776,454,43675,1880,80775,80774],"class_list":["post-406128","post","type-post","status-publish","format-standard","has-post-thumbnail","hentry","category-estado-de-mexico","tag-bitacoras-del-mantenimiento","tag-ecatepec","tag-estado-de-mexico","tag-norteamerica","tag-ometen-al-mexicable","tag-recertificacion"],"_links":{"self":[{"href":"https:\/\/www.diarioimagen.net\/index.php?rest_route=\/wp\/v2\/posts\/406128","targetHints":{"allow":["GET"]}}],"collection":[{"href":"https:\/\/www.diarioimagen.net\/index.php?rest_route=\/wp\/v2\/posts"}],"about":[{"href":"https:\/\/www.diarioimagen.net\/index.php?rest_route=\/wp\/v2\/types\/post"}],"author":[{"embeddable":true,"href":"https:\/\/www.diarioimagen.net\/index.php?rest_route=\/wp\/v2\/users\/5"}],"replies":[{"embeddable":true,"href":"https:\/\/www.diarioimagen.net\/index.php?rest_route=%2Fwp%2Fv2%2Fcomments&post=406128"}],"version-history":[{"count":0,"href":"https:\/\/www.diarioimagen.net\/index.php?rest_route=\/wp\/v2\/posts\/406128\/revisions"}],"wp:featuredmedia":[{"embeddable":true,"href":"https:\/\/www.diarioimagen.net\/index.php?rest_route=\/wp\/v2\/media\/406129"}],"wp:attachment":[{"href":"https:\/\/www.diarioimagen.net\/index.php?rest_route=%2Fwp%2Fv2%2Fmedia&parent=406128"}],"wp:term":[{"taxonomy":"category","embeddable":true,"href":"https:\/\/www.diarioimagen.net\/index.php?rest_route=%2Fwp%2Fv2%2Fcategories&post=406128"},{"taxonomy":"post_tag","embeddable":true,"href":"https:\/\/www.diarioimagen.net\/index.php?rest_route=%2Fwp%2Fv2%2Ftags&post=406128"}],"curies":[{"name":"wp","href":"https:\/\/api.w.org\/{rel}","templated":true}]}}