{"id":406131,"date":"2018-12-05T00:11:01","date_gmt":"2018-12-05T06:11:01","guid":{"rendered":"https:\/\/www.diarioimagen.net\/?p=406131"},"modified":"2018-12-04T23:48:17","modified_gmt":"2018-12-05T05:48:17","slug":"atienden-las-edayo-a-mas-de-100-mil-jovenes-mexiquenses","status":"publish","type":"post","link":"https:\/\/www.diarioimagen.net\/?p=406131","title":{"rendered":"Atienden las EDAYO a m\u00e1s de 100 mil j\u00f3venes"},"content":{"rendered":"<h2>Arco Norte<\/h2>\n<h5>Jos\u00e9 Luis Monta\u00f1ez Aguilar<\/h5>\n<p>&nbsp;<\/p>\n<div id=\"attachment_406132\" style=\"width: 470px\" class=\"wp-caption aligncenter\"><img loading=\"lazy\" decoding=\"async\" aria-describedby=\"caption-attachment-406132\" class=\"size-large wp-image-406132\" src=\"https:\/\/www.diarioimagen.net\/wp-content\/uploads\/2018\/12\/EDAYO5-portal-460x268.jpg\" alt=\"\" width=\"460\" height=\"268\" srcset=\"https:\/\/www.diarioimagen.net\/wp-content\/uploads\/2018\/12\/EDAYO5-portal-460x268.jpg 460w, https:\/\/www.diarioimagen.net\/wp-content\/uploads\/2018\/12\/EDAYO5-portal-240x140.jpg 240w, https:\/\/www.diarioimagen.net\/wp-content\/uploads\/2018\/12\/EDAYO5-portal.jpg 480w\" sizes=\"auto, (max-width: 460px) 100vw, 460px\" \/><p id=\"caption-attachment-406132\" class=\"wp-caption-text\">Las 45 Escuelas de Artes y Oficios (EDAYO) atienden a 221 mil 364 capacitandos, de los cuales, el 53.7 por ciento son personas de entre 15 y 30 a\u00f1os.<\/p><\/div>\n<p>&nbsp;<\/p>\n<p>La secretaria del Trabajo, Martha Hilda Gonz\u00e1lez Calder\u00f3n, dio a conocer que las 45 Escuelas de Artes y Oficios (EDAYO) atienden a 221 mil 364 capacitandos, de los cuales, el 53.7 por ciento son personas de entre 15 y 30 a\u00f1os, por lo que se trabajar\u00e1 de manera coordinada con el gobierno federal para impulsar a los j\u00f3venes mexiquenses para que se inserten al mercado laboral.<\/p>\n<p>Durante la presentaci\u00f3n del Programa \u201cJ\u00f3venes construyendo el futuro\u201d, que realiz\u00f3 Horacio Duarte Olivares, subsecretario de Empleo de la Secretar\u00eda del Trabajo y Previsi\u00f3n Social (STyPS), Gonz\u00e1lez Calder\u00f3n inform\u00f3 que el Estado de M\u00e9xico cuenta con una poblaci\u00f3n de 3.7 millones de hombres y mujeres j\u00f3venes.<\/p>\n<p>Reiter\u00f3 la invitaci\u00f3n del gobernador Alfredo Del Mazo Maza para coadyuvar en este programa y en todos aquellos que el Gobierno federal, particularmente la STyPS, pueda implementar en el Estado de M\u00e9xico.<\/p>\n<p>\u201cCon enorme entusiasmo, respaldamos el programa \u201cJ\u00f3venes construyendo el futuro\u201d, nos parece estrat\u00e9gico, y lo que nosotros pensamos es que hay j\u00f3venes que quiz\u00e1s en este momento no tienen un empleo formal, sobre todo mujeres, que est\u00e1n en la mayor medida y porcentaje, en el empleo informal, pero que hoy por hoy est\u00e1n capacitados\u201d, dijo la secretaria.<\/p>\n<p>Para tener resultados \u00f3ptimos en menor tiempo, contamos con una instituci\u00f3n que tiene m\u00e1s de 40 a\u00f1os, como es el Servicio Nacional de Empleo, que permitir\u00e1 que la vinculaci\u00f3n sea mucho m\u00e1s efectiva y por supuesto, que estos j\u00f3venes tengan empleos mejor pagados, empleos calificados, que finalmente es el objetivo de todos nosotros, concluy\u00f3.<\/p>\n<p>Por su parte, Horacio Duarte Olivares dijo que a trav\u00e9s del programa se apoyar\u00e1 a 2 millones 600 mil j\u00f3venes en todo el pa\u00eds.<\/p>\n<p>Explic\u00f3 que 2 millones 300 mil personas ser\u00e1n ayudadas a trav\u00e9s de la Secretar\u00eda del Trabajo y Previsi\u00f3n Social para que se capaciten y se puedan integrar al sector laboral y a 300 mil se les ayudar\u00e1 con una beca para que contin\u00faen con sus estudios.<\/p>\n<p><em><a href=\"mailto:montanezaguilar@gmail.com\" target=\"_blank\" rel=\"noopener\">montanezaguilar@gmail.com<\/a><\/em><\/p>\n","protected":false},"excerpt":{"rendered":"<p><span style=\"color: #005497;\">Jos\u00e9 Luis Monta\u00f1ez Aguilar<\/span><br \/>\n<br \/>\nLa secretaria del Trabajo, Martha Hilda Gonz\u00e1lez Calder\u00f3n, dio a conocer que las 45 Escuelas de Artes y Oficios (EDAYO) atienden a 221 mil 364 capacitandos, de los cuales, el 53.7 por ciento son personas de entre 15 y 30 a\u00f1os, por lo que se trabajar\u00e1 de manera coordinada con el gobierno federal para impulsar a los j\u00f3venes mexiquenses para que se inserten al mercado laboral.<\/p>\n","protected":false},"author":5,"featured_media":406132,"comment_status":"open","ping_status":"open","sticky":false,"template":"","format":"standard","meta":{"_monsterinsights_skip_tracking":false,"_monsterinsights_sitenote_active":false,"_monsterinsights_sitenote_note":"","_monsterinsights_sitenote_category":0,"footnotes":""},"categories":[5],"tags":[80777,13284,43645,43704,80778,43674],"class_list":["post-406131","post","type-post","status-publish","format-standard","has-post-thumbnail","hentry","category-estado-de-mexico","tag-100-mil-jovenes-mexiquenses","tag-arco-norte","tag-edayo","tag-jose-luis-montanez-aguilar","tag-martha-hilda-gonzalez-calderon","tag-opinion"],"_links":{"self":[{"href":"https:\/\/www.diarioimagen.net\/index.php?rest_route=\/wp\/v2\/posts\/406131","targetHints":{"allow":["GET"]}}],"collection":[{"href":"https:\/\/www.diarioimagen.net\/index.php?rest_route=\/wp\/v2\/posts"}],"about":[{"href":"https:\/\/www.diarioimagen.net\/index.php?rest_route=\/wp\/v2\/types\/post"}],"author":[{"embeddable":true,"href":"https:\/\/www.diarioimagen.net\/index.php?rest_route=\/wp\/v2\/users\/5"}],"replies":[{"embeddable":true,"href":"https:\/\/www.diarioimagen.net\/index.php?rest_route=%2Fwp%2Fv2%2Fcomments&post=406131"}],"version-history":[{"count":0,"href":"https:\/\/www.diarioimagen.net\/index.php?rest_route=\/wp\/v2\/posts\/406131\/revisions"}],"wp:featuredmedia":[{"embeddable":true,"href":"https:\/\/www.diarioimagen.net\/index.php?rest_route=\/wp\/v2\/media\/406132"}],"wp:attachment":[{"href":"https:\/\/www.diarioimagen.net\/index.php?rest_route=%2Fwp%2Fv2%2Fmedia&parent=406131"}],"wp:term":[{"taxonomy":"category","embeddable":true,"href":"https:\/\/www.diarioimagen.net\/index.php?rest_route=%2Fwp%2Fv2%2Fcategories&post=406131"},{"taxonomy":"post_tag","embeddable":true,"href":"https:\/\/www.diarioimagen.net\/index.php?rest_route=%2Fwp%2Fv2%2Ftags&post=406131"}],"curies":[{"name":"wp","href":"https:\/\/api.w.org\/{rel}","templated":true}]}}