{"id":406198,"date":"2018-12-05T00:09:46","date_gmt":"2018-12-05T06:09:46","guid":{"rendered":"https:\/\/www.diarioimagen.net\/?p=406198"},"modified":"2018-12-05T02:52:15","modified_gmt":"2018-12-05T08:52:15","slug":"catedraticas-de-la-uaem-participan-en-proyectos-de-iniciativa-geochicas","status":"publish","type":"post","link":"https:\/\/www.diarioimagen.net\/?p=406198","title":{"rendered":"Catedr\u00e1ticas de la UAEM participan en proyectos de iniciativa \u201cGeoChicas\u201d"},"content":{"rendered":"<ul>\n<li><strong><em>Contribuci\u00f3n para cerrar la brecha de g\u00e9nero<\/em><\/strong><\/li>\n<\/ul>\n<p>&nbsp;<\/p>\n<div id=\"attachment_406243\" style=\"width: 470px\" class=\"wp-caption aligncenter\"><a href=\"https:\/\/www.diarioimagen.net\/?attachment_id=406243\" rel=\"attachment wp-att-406243\"><img loading=\"lazy\" decoding=\"async\" aria-describedby=\"caption-attachment-406243\" class=\"size-large wp-image-406243\" src=\"https:\/\/www.diarioimagen.net\/wp-content\/uploads\/2018\/12\/UAEM-5-460x259.jpg\" alt=\"\" width=\"460\" height=\"259\" srcset=\"https:\/\/www.diarioimagen.net\/wp-content\/uploads\/2018\/12\/UAEM-5-460x259.jpg 460w, https:\/\/www.diarioimagen.net\/wp-content\/uploads\/2018\/12\/UAEM-5-240x135.jpg 240w, https:\/\/www.diarioimagen.net\/wp-content\/uploads\/2018\/12\/UAEM-5-235x132.jpg 235w, https:\/\/www.diarioimagen.net\/wp-content\/uploads\/2018\/12\/UAEM-5-202x114.jpg 202w, https:\/\/www.diarioimagen.net\/wp-content\/uploads\/2018\/12\/UAEM-5-350x196.jpg 350w, https:\/\/www.diarioimagen.net\/wp-content\/uploads\/2018\/12\/UAEM-5-220x123.jpg 220w, https:\/\/www.diarioimagen.net\/wp-content\/uploads\/2018\/12\/UAEM-5-237x132.jpg 237w, https:\/\/www.diarioimagen.net\/wp-content\/uploads\/2018\/12\/UAEM-5.jpg 480w\" sizes=\"auto, (max-width: 460px) 100vw, 460px\" \/><\/a><p id=\"caption-attachment-406243\" class=\"wp-caption-text\">Universitarias detallaron que su proyecto tiene como objetivo hacer visible conocimiento, informaci\u00f3n y lugares que contribuyan a cerrar la brecha de g\u00e9nero.<\/p><\/div>\n<p>&nbsp;<\/p>\n<p><strong>Toluca, Estado de M\u00e9xico<\/strong>.\u2013 Ubicar en mapas digitales los lugares donde se reportan actos violentos, reconocer la cl\u00ednica de atenci\u00f3n m\u00e9dica m\u00e1s cercana o situar las ciudades que tienen calles con el nombre de mujeres son algunos de los proyectos cartogr\u00e1ficos con enfoque de g\u00e9nero que desarrolla \u201cGeoChicas\u201d, iniciativa en la que colaboran catedr\u00e1ticas de la Universidad Aut\u00f3noma del Estado de M\u00e9xico.<\/p>\n<p>En el marco de las actividades institucionales para la eliminaci\u00f3n de la violencia contra la mujer, las universitarias de la Facultad de Geograf\u00eda de la UAEM, Sandra Hern\u00e1ndez Zetina\u00a0y Alejandra Gonz\u00e1lez Becerril, detallaron que su proyecto tiene como objetivo hacer visible conocimiento, informaci\u00f3n y lugares que contribuyan a cerrar la brecha de g\u00e9nero.<\/p>\n<p>En la Facultad de Planeaci\u00f3n Urbana y Regional de la Aut\u00f3noma mexiquense, indicaron que para realizar el mapeo digital, esta iniciativa emplea Open Street, la base de datos de informaci\u00f3n geogr\u00e1fica y en acceso abierto m\u00e1s grande del mundo, que brinda a las personas la posibilidad de comunicar e intercambiar conocimiento y experiencias de su entorno inmediato.<\/p>\n<p>A la par del desarrollo de mapas digitales, se\u00f1alaron, \u201cGeoChicas\u201d ofrece espacios formativos, como seminarios web para el uso de tecnolog\u00eda y de herramientas digitales, pues OpenStreet cuenta con aproximadamente un mill\u00f3n de colaboradores en todo el mundo, pero s\u00f3lo el tres por ciento son mujeres.<\/p>\n<p>Sandra Hern\u00e1ndez Zetina\u00a0y Alejandra Gonz\u00e1lez Becerril afirmaron que la cartograf\u00eda digital proporciona elementos, datos e indicadores que conforman una mirada distinta y cr\u00edtica respecto a la realidad cotidiana y que son de gran utilidad en otras partes del mundo, por ejemplo, para visibilizar los lugares donde se pr\u00e1ctica la mutilaci\u00f3n genital femenina o el matrimonio infantil.<\/p>\n<p>&nbsp;<\/p>\n","protected":false},"excerpt":{"rendered":"<p>Ubicar en mapas digitales los lugares donde se reportan actos violentos, reconocer la cl\u00ednica de atenci\u00f3n m\u00e9dica m\u00e1s cercana o situar las ciudades que tienen calles con el nombre de mujeres son algunos de los proyectos cartogr\u00e1ficos con enfoque de g\u00e9nero que desarrolla \u201cGeoChicas\u201d, iniciativa en la que colaboran catedr\u00e1ticas de la Universidad Aut\u00f3noma del Estado de M\u00e9xico.<\/p>\n","protected":false},"author":3,"featured_media":406243,"comment_status":"open","ping_status":"open","sticky":false,"template":"","format":"standard","meta":{"_monsterinsights_skip_tracking":false,"_monsterinsights_sitenote_active":false,"_monsterinsights_sitenote_note":"","_monsterinsights_sitenote_category":0,"footnotes":""},"categories":[35155],"tags":[80804,43675,452,1491],"class_list":["post-406198","post","type-post","status-publish","format-standard","has-post-thumbnail","hentry","category-estado-de-mexico-estado-de-mexico","tag-catedratico","tag-estado-de-mexico","tag-toluca","tag-uaem"],"_links":{"self":[{"href":"https:\/\/www.diarioimagen.net\/index.php?rest_route=\/wp\/v2\/posts\/406198","targetHints":{"allow":["GET"]}}],"collection":[{"href":"https:\/\/www.diarioimagen.net\/index.php?rest_route=\/wp\/v2\/posts"}],"about":[{"href":"https:\/\/www.diarioimagen.net\/index.php?rest_route=\/wp\/v2\/types\/post"}],"author":[{"embeddable":true,"href":"https:\/\/www.diarioimagen.net\/index.php?rest_route=\/wp\/v2\/users\/3"}],"replies":[{"embeddable":true,"href":"https:\/\/www.diarioimagen.net\/index.php?rest_route=%2Fwp%2Fv2%2Fcomments&post=406198"}],"version-history":[{"count":0,"href":"https:\/\/www.diarioimagen.net\/index.php?rest_route=\/wp\/v2\/posts\/406198\/revisions"}],"wp:featuredmedia":[{"embeddable":true,"href":"https:\/\/www.diarioimagen.net\/index.php?rest_route=\/wp\/v2\/media\/406243"}],"wp:attachment":[{"href":"https:\/\/www.diarioimagen.net\/index.php?rest_route=%2Fwp%2Fv2%2Fmedia&parent=406198"}],"wp:term":[{"taxonomy":"category","embeddable":true,"href":"https:\/\/www.diarioimagen.net\/index.php?rest_route=%2Fwp%2Fv2%2Fcategories&post=406198"},{"taxonomy":"post_tag","embeddable":true,"href":"https:\/\/www.diarioimagen.net\/index.php?rest_route=%2Fwp%2Fv2%2Ftags&post=406198"}],"curies":[{"name":"wp","href":"https:\/\/api.w.org\/{rel}","templated":true}]}}