{"id":406203,"date":"2018-12-05T00:07:06","date_gmt":"2018-12-05T06:07:06","guid":{"rendered":"https:\/\/www.diarioimagen.net\/?p=406203"},"modified":"2018-12-05T02:55:15","modified_gmt":"2018-12-05T08:55:15","slug":"gobierno-de-adan-barron-cumplira-hasta-el-ultimo-dia","status":"publish","type":"post","link":"https:\/\/www.diarioimagen.net\/?p=406203","title":{"rendered":"Gobierno de Ad\u00e1n Barr\u00f3n cumplir\u00e1 hasta el \u00faltimo d\u00eda"},"content":{"rendered":"<p><a href=\"https:\/\/www.diarioimagen.net\/?attachment_id=406250\" rel=\"attachment wp-att-406250\"><img loading=\"lazy\" decoding=\"async\" class=\"aligncenter size-large wp-image-406250\" src=\"https:\/\/www.diarioimagen.net\/wp-content\/uploads\/2018\/12\/TULTITLAN-5-460x259.jpg\" alt=\"\" width=\"460\" height=\"259\" srcset=\"https:\/\/www.diarioimagen.net\/wp-content\/uploads\/2018\/12\/TULTITLAN-5-460x259.jpg 460w, https:\/\/www.diarioimagen.net\/wp-content\/uploads\/2018\/12\/TULTITLAN-5-240x135.jpg 240w, https:\/\/www.diarioimagen.net\/wp-content\/uploads\/2018\/12\/TULTITLAN-5-235x132.jpg 235w, https:\/\/www.diarioimagen.net\/wp-content\/uploads\/2018\/12\/TULTITLAN-5-202x114.jpg 202w, https:\/\/www.diarioimagen.net\/wp-content\/uploads\/2018\/12\/TULTITLAN-5-350x196.jpg 350w, https:\/\/www.diarioimagen.net\/wp-content\/uploads\/2018\/12\/TULTITLAN-5-220x123.jpg 220w, https:\/\/www.diarioimagen.net\/wp-content\/uploads\/2018\/12\/TULTITLAN-5-237x132.jpg 237w, https:\/\/www.diarioimagen.net\/wp-content\/uploads\/2018\/12\/TULTITLAN-5.jpg 480w\" sizes=\"auto, (max-width: 460px) 100vw, 460px\" \/><\/a><\/p>\n<p>&nbsp;<\/p>\n<p><strong>Tultitl\u00e1n, Estado de M\u00e9xico<\/strong><strong>.- <\/strong>El gobierno municipal\u00a0 como muestra del trabajo que realiza a cargo del presidente municipal, Ad\u00e1n Barr\u00f3n Elizalde, pavimenta con concreto hidr\u00e1ulico y mejora la imagen urbana.Se llev\u00f3 a cabo el arranque de obra de la pavimentaci\u00f3n de concreto hidr\u00e1ulico en la calle Fuente de Fauno del tramo de Ni\u00f1os H\u00e9roes a Av. De las Fuentes, en la colonia Fuentes del Valle que pertenece a la zona centro del municipio.<\/p>\n<p>En representaci\u00f3n del edil, Roberto \u00c1ngeles V\u00e1zquez, director g\u00adeneral de Turismo y Cultura, coment\u00f3 que \u201cel d\u00eda de hoy seguimos trabajando para el beneficio de los tultitlenses y el presidente Jorge Ad\u00e1n Barr\u00f3n Elizalde avanza a paso firme llevando obras de calidad, en un trabajo incansable en todos los rincones del municipio, como en esta zona, en la que se ha llevado acciones en todos los \u00e1mbitos y la infraestructura urbana no es la excepci\u00f3n, pues se trata de transformar el rostro del municipio que se encamina hacia el progreso y desarrollo\u201d.<\/p>\n","protected":false},"excerpt":{"rendered":"<p>El gobierno municipal  como muestra del trabajo que realiza a cargo del presidente municipal, Ad\u00e1n Barr\u00f3n Elizalde, pavimenta con concreto hidr\u00e1ulico y mejora la imagen urbana.Se llev\u00f3 a cabo el arranque de obra de la pavimentaci\u00f3n de concreto hidr\u00e1ulico en la calle Fuente de Fauno del tramo de Ni\u00f1os H\u00e9roes a Av. De las Fuentes, en la colonia Fuentes del Valle que pertenece a la zona centro del municipio.<\/p>\n","protected":false},"author":3,"featured_media":406250,"comment_status":"open","ping_status":"open","sticky":false,"template":"","format":"standard","meta":{"_monsterinsights_skip_tracking":false,"_monsterinsights_sitenote_active":false,"_monsterinsights_sitenote_note":"","_monsterinsights_sitenote_category":0,"footnotes":""},"categories":[35155],"tags":[47118,65587,43675,578],"class_list":["post-406203","post","type-post","status-publish","format-standard","has-post-thumbnail","hentry","category-estado-de-mexico-estado-de-mexico","tag-adan-barron-elizalde","tag-cumplir","tag-estado-de-mexico","tag-tultitlan"],"_links":{"self":[{"href":"https:\/\/www.diarioimagen.net\/index.php?rest_route=\/wp\/v2\/posts\/406203","targetHints":{"allow":["GET"]}}],"collection":[{"href":"https:\/\/www.diarioimagen.net\/index.php?rest_route=\/wp\/v2\/posts"}],"about":[{"href":"https:\/\/www.diarioimagen.net\/index.php?rest_route=\/wp\/v2\/types\/post"}],"author":[{"embeddable":true,"href":"https:\/\/www.diarioimagen.net\/index.php?rest_route=\/wp\/v2\/users\/3"}],"replies":[{"embeddable":true,"href":"https:\/\/www.diarioimagen.net\/index.php?rest_route=%2Fwp%2Fv2%2Fcomments&post=406203"}],"version-history":[{"count":0,"href":"https:\/\/www.diarioimagen.net\/index.php?rest_route=\/wp\/v2\/posts\/406203\/revisions"}],"wp:featuredmedia":[{"embeddable":true,"href":"https:\/\/www.diarioimagen.net\/index.php?rest_route=\/wp\/v2\/media\/406250"}],"wp:attachment":[{"href":"https:\/\/www.diarioimagen.net\/index.php?rest_route=%2Fwp%2Fv2%2Fmedia&parent=406203"}],"wp:term":[{"taxonomy":"category","embeddable":true,"href":"https:\/\/www.diarioimagen.net\/index.php?rest_route=%2Fwp%2Fv2%2Fcategories&post=406203"},{"taxonomy":"post_tag","embeddable":true,"href":"https:\/\/www.diarioimagen.net\/index.php?rest_route=%2Fwp%2Fv2%2Ftags&post=406203"}],"curies":[{"name":"wp","href":"https:\/\/api.w.org\/{rel}","templated":true}]}}