{"id":406205,"date":"2018-12-05T00:06:35","date_gmt":"2018-12-05T06:06:35","guid":{"rendered":"https:\/\/www.diarioimagen.net\/?p=406205"},"modified":"2018-12-05T03:05:48","modified_gmt":"2018-12-05T09:05:48","slug":"en-huixquilucan-se-trabaja-a-favor-de-sectores-vulnerables-vargas-del-villar","status":"publish","type":"post","link":"https:\/\/www.diarioimagen.net\/?p=406205","title":{"rendered":"En Huixquilucan se trabaja a favor de sectores vulnerables: Vargas del Villar"},"content":{"rendered":"<ul>\n<li><strong><em>Se reparten puntuales las despensas cada dos meses<\/em><\/strong><\/li>\n<\/ul>\n<p>&nbsp;<\/p>\n<div id=\"attachment_406270\" style=\"width: 470px\" class=\"wp-caption aligncenter\"><a href=\"https:\/\/www.diarioimagen.net\/?attachment_id=406270\" rel=\"attachment wp-att-406270\"><img loading=\"lazy\" decoding=\"async\" aria-describedby=\"caption-attachment-406270\" class=\"size-large wp-image-406270\" src=\"https:\/\/www.diarioimagen.net\/wp-content\/uploads\/2018\/12\/HUIXQUILUCAN-5-460x259.jpg\" alt=\"\" width=\"460\" height=\"259\" srcset=\"https:\/\/www.diarioimagen.net\/wp-content\/uploads\/2018\/12\/HUIXQUILUCAN-5-460x259.jpg 460w, https:\/\/www.diarioimagen.net\/wp-content\/uploads\/2018\/12\/HUIXQUILUCAN-5-240x135.jpg 240w, https:\/\/www.diarioimagen.net\/wp-content\/uploads\/2018\/12\/HUIXQUILUCAN-5-235x132.jpg 235w, https:\/\/www.diarioimagen.net\/wp-content\/uploads\/2018\/12\/HUIXQUILUCAN-5-202x114.jpg 202w, https:\/\/www.diarioimagen.net\/wp-content\/uploads\/2018\/12\/HUIXQUILUCAN-5-350x196.jpg 350w, https:\/\/www.diarioimagen.net\/wp-content\/uploads\/2018\/12\/HUIXQUILUCAN-5-220x123.jpg 220w, https:\/\/www.diarioimagen.net\/wp-content\/uploads\/2018\/12\/HUIXQUILUCAN-5-237x132.jpg 237w, https:\/\/www.diarioimagen.net\/wp-content\/uploads\/2018\/12\/HUIXQUILUCAN-5.jpg 480w\" sizes=\"auto, (max-width: 460px) 100vw, 460px\" \/><\/a><p id=\"caption-attachment-406270\" class=\"wp-caption-text\">Vargas del Villar resalt\u00f3 la entrega de las despensas que se realiza de manera ininterrumpida cada dos meses.<\/p><\/div>\n<p>&nbsp;<\/p>\n<p><strong>Huixquilucan, Estado de M\u00e9xico<\/strong>.- Para realizar acciones que garanticen la mejora en el bienestar de la poblaci\u00f3n, en especial para los grupos vulnerables, durante la Administraci\u00f3n 2016-2018, se implement\u00f3 el programa de Apoyos Alimentarios, que ha beneficiado a 33 mil familias de Huixquilucan, con la entrega de 254 mil 300 despensas.<\/p>\n<p>El presidente municipal, Enrique Vargas del Villar, asegur\u00f3 que ni\u00f1os, j\u00f3venes, mujeres, adultos mayores y personas con discapacidad, han sido los principales beneficiarios de este programa, quienes tambi\u00e9n fueron atendidos por las diferentes direcciones de gobierno, que se han caracterizado por brindar un trato humano y digno.<\/p>\n<p>Vargas del Villar resalt\u00f3 la entrega de las despensas que se realiza de manera ininterrumpida cada dos meses. Durante el 2016 se beneficiaron a 11 mil 300 personas con un total de 56 mil 500 despensas entregadas que tuvieron una inversi\u00f3n de 9 millones 800 mil pesos. En el 2017 se realizaron 5 entregas bimestrales para 10 mil 497 familias, con 86 mil despensas distribuidas entre los beneficiarios de este programa, para lo que se invirtieron 14 millones 718 mil pesos. Adicionalmente, se entregaron 20 mil despensas entre los huixquiluquenses que no pudieron integrarse al programa de Apoyos Alimentarios.<\/p>\n<p>Para el a\u00f1o que est\u00e1 por concluir, se proyect\u00f3 impactar al mismo n\u00famero de beneficiarios que en el 2017, sin embargo, se adicionaron 25 mil 800 despensas, para aquellas personas que no tuvieron acceso al programa.<\/p>\n<p>Vargas del Villar record\u00f3 que los m\u00e1s de 43 millones de pesos invertidos fueron recursos municipales, los cuales pudieron ser direccionados hacia este programa, gracias al manejo responsable de las finanzas p\u00fablicas.<\/p>\n","protected":false},"excerpt":{"rendered":"<p> Para realizar acciones que garanticen la mejora en el bienestar de la poblaci\u00f3n, en especial para los grupos vulnerables, durante la Administraci\u00f3n 2016-2018, se implement\u00f3 el programa de Apoyos Alimentarios, que ha beneficiado a 33 mil familias de Huixquilucan, con la entrega de 254 mil 300 despensas.<\/p>\n","protected":false},"author":3,"featured_media":406270,"comment_status":"open","ping_status":"open","sticky":false,"template":"","format":"standard","meta":{"_monsterinsights_skip_tracking":false,"_monsterinsights_sitenote_active":false,"_monsterinsights_sitenote_note":"","_monsterinsights_sitenote_category":0,"footnotes":""},"categories":[35155],"tags":[43675,1097],"class_list":["post-406205","post","type-post","status-publish","format-standard","has-post-thumbnail","hentry","category-estado-de-mexico-estado-de-mexico","tag-estado-de-mexico","tag-huixquilucan"],"_links":{"self":[{"href":"https:\/\/www.diarioimagen.net\/index.php?rest_route=\/wp\/v2\/posts\/406205","targetHints":{"allow":["GET"]}}],"collection":[{"href":"https:\/\/www.diarioimagen.net\/index.php?rest_route=\/wp\/v2\/posts"}],"about":[{"href":"https:\/\/www.diarioimagen.net\/index.php?rest_route=\/wp\/v2\/types\/post"}],"author":[{"embeddable":true,"href":"https:\/\/www.diarioimagen.net\/index.php?rest_route=\/wp\/v2\/users\/3"}],"replies":[{"embeddable":true,"href":"https:\/\/www.diarioimagen.net\/index.php?rest_route=%2Fwp%2Fv2%2Fcomments&post=406205"}],"version-history":[{"count":0,"href":"https:\/\/www.diarioimagen.net\/index.php?rest_route=\/wp\/v2\/posts\/406205\/revisions"}],"wp:featuredmedia":[{"embeddable":true,"href":"https:\/\/www.diarioimagen.net\/index.php?rest_route=\/wp\/v2\/media\/406270"}],"wp:attachment":[{"href":"https:\/\/www.diarioimagen.net\/index.php?rest_route=%2Fwp%2Fv2%2Fmedia&parent=406205"}],"wp:term":[{"taxonomy":"category","embeddable":true,"href":"https:\/\/www.diarioimagen.net\/index.php?rest_route=%2Fwp%2Fv2%2Fcategories&post=406205"},{"taxonomy":"post_tag","embeddable":true,"href":"https:\/\/www.diarioimagen.net\/index.php?rest_route=%2Fwp%2Fv2%2Ftags&post=406205"}],"curies":[{"name":"wp","href":"https:\/\/api.w.org\/{rel}","templated":true}]}}