{"id":406210,"date":"2018-12-05T00:01:21","date_gmt":"2018-12-05T06:01:21","guid":{"rendered":"https:\/\/www.diarioimagen.net\/?p=406210"},"modified":"2018-12-05T03:00:28","modified_gmt":"2018-12-05T09:00:28","slug":"a-partir-del-proximo-6-de-junio-american-airlines-inicia-un-vuelo-diario-entre-durango-y-dallas-fort-worth-e-incrementara-frecuencias-en-otros-destinos-del-pais","status":"publish","type":"post","link":"https:\/\/www.diarioimagen.net\/?p=406210","title":{"rendered":"A partir del pr\u00f3ximo 6 de junio American Airlines inicia un vuelo diario entre Durango y Dallas\/Fort Worth e incrementar\u00e1 frecuencias en otros destinos del pa\u00eds"},"content":{"rendered":"<h2>De cinco estrellas<\/h2>\n<h5>Victoria Gonz\u00e1lez Prado<\/h5>\n<p><strong>\u00a0<\/strong><\/p>\n<ul>\n<li><em><strong>La cadena espa\u00f1ola de hoteles Riu, galardonada por 17 a\u00f1o consecutivo con el premio: \u201cMejor cadena vacacional\u201d<\/strong><\/em><\/li>\n<li><em><strong>Santiago Rivera, nuevo director general de los hoteles <\/strong><\/em><strong>Meli\u00e1 Punta Cana Beach Resort<\/strong><em><strong> y <\/strong><\/em><strong>Meli\u00e1 Caribe Beach Resort<\/strong><em><strong>, llega para aportar un bagaje y perspectiva \u00fanicos<\/strong><\/em><\/li>\n<\/ul>\n<p><em>\u00a0<\/em><\/p>\n<div id=\"attachment_406262\" style=\"width: 470px\" class=\"wp-caption aligncenter\"><a href=\"https:\/\/www.diarioimagen.net\/?attachment_id=406262\" rel=\"attachment wp-att-406262\"><img loading=\"lazy\" decoding=\"async\" aria-describedby=\"caption-attachment-406262\" class=\"size-large wp-image-406262\" src=\"https:\/\/www.diarioimagen.net\/wp-content\/uploads\/2018\/12\/turismo-3513-460x259.jpg\" alt=\"\" width=\"460\" height=\"259\" srcset=\"https:\/\/www.diarioimagen.net\/wp-content\/uploads\/2018\/12\/turismo-3513-460x259.jpg 460w, https:\/\/www.diarioimagen.net\/wp-content\/uploads\/2018\/12\/turismo-3513-240x135.jpg 240w, https:\/\/www.diarioimagen.net\/wp-content\/uploads\/2018\/12\/turismo-3513-235x132.jpg 235w, https:\/\/www.diarioimagen.net\/wp-content\/uploads\/2018\/12\/turismo-3513-202x114.jpg 202w, https:\/\/www.diarioimagen.net\/wp-content\/uploads\/2018\/12\/turismo-3513-350x196.jpg 350w, https:\/\/www.diarioimagen.net\/wp-content\/uploads\/2018\/12\/turismo-3513-220x123.jpg 220w, https:\/\/www.diarioimagen.net\/wp-content\/uploads\/2018\/12\/turismo-3513-237x132.jpg 237w, https:\/\/www.diarioimagen.net\/wp-content\/uploads\/2018\/12\/turismo-3513.jpg 480w\" sizes=\"auto, (max-width: 460px) 100vw, 460px\" \/><\/a><p id=\"caption-attachment-406262\" class=\"wp-caption-text\">La aerol\u00ednea incrementa su presencia en M\u00e9xico.<\/p><\/div>\n<p>&nbsp;<\/p>\n<p><em>American Airlines<\/em> contin\u00faa su expansi\u00f3n en el pa\u00eds, anunciando el lanzamiento de una nueva ruta hacia M\u00e9xico y el incremento de su servicio a seis destinos. As\u00ed a partir del 6 de junio de 2019, <em>American<\/em> ofrecer\u00e1 un vuelo diario entre el Aeropuerto Internacional de Durango (DGO) y el Aeropuerto Internacional de Dallas\/Fort Worth (DFW). Esta nueva ruta es el destino n\u00famero 22 en el pa\u00eds, cuyo servicio ser\u00e1 operado con un <em>Embraer ERJ-145,<\/em> con capacidad para 50 pasajeros. En abril de este a\u00f1o la aerol\u00ednea anunci\u00f3 su destino 21, Oaxaca, el cual comenzar\u00e1 a operar el pr\u00f3ximo 19 de diciembre.<\/p>\n<p>\u201cEstamos muy orgullosos de anunciar esta nueva ruta entre M\u00e9xico y los Estados Unidos. Este crecimiento muestra el firme compromiso de la aerol\u00ednea con el pa\u00eds\u201d, dijo Jos\u00e9 Mar\u00eda Giraldo, director de <em>American<\/em> en M\u00e9xico quien agreg\u00f3: \u201cM\u00e9xico es un importante destino para nosotros, no s\u00f3lo porque es nuestro destino internacional m\u00e1s grande, donde serviremos pr\u00f3ximamente a 22 ciudades, sino tambi\u00e9n porque tenemos m\u00e1s de mil colegas basados en el pa\u00eds\u201d.<\/p>\n<p>Durango ofrece muchos atractivos culturales y naturales, entre los cuales destacan los recorridos por el Centro Hist\u00f3rico, el cual cuenta con 747 edificios hist\u00f3ricos catalogados por el Instituto Nacional de Antropolog\u00eda e Historia, tales como la Catedral Bas\u00edlica Menor y la Casa del Conde del Valle de Suchil. Tambi\u00e9n cuenta con el parque tem\u00e1tico del Viejo Oeste a 20 minutos de la ciudad y la Sierra Madre Occidental, con sus 40 centros ecotur\u00edsticos con caba\u00f1as, hostales y \u00e1reas de camping. La ciudad dispone de m\u00e1s de 2 mil 100 habitaciones, y la cercan\u00eda a las ciudades de Torre\u00f3n, Mazatl\u00e1n y Zacatecas hace de Durango un destino atractivo y conveniente.<\/p>\n<p>Adicionalmente, la aerol\u00ednea anunci\u00f3 que comenzar\u00e1 a operar seis frecuencias adicionales diarias desde Dallas Fort Worth a seis destinos en el pa\u00eds: Baj\u00edo tres frecuencias diarias, Col\u00f3n, Quer\u00e9taro, tres diarias, Chihuahua, tres diarias, San Luis Potos\u00ed tres diarias, Guadalajara tres diarias y Puerto Vallarta cuatro frecuencias diarias.<\/p>\n<p>La compa\u00f1\u00eda a\u00e9rea ofrece m\u00e1s de 680 vuelos semanales entre M\u00e9xico y los Estados Unidos, desde sus centros de conexiones en Charlotte, Chicago, Dallas\/Fort Worth, Filadelfia, Los \u00c1ngeles, Miami, Nueva York y Phoenix, sirviendo actualmente a 21 aeropuertos internacionales \u2013 y muy pronto 22 \u2013 en M\u00e9xico: Aguascalientes, Canc\u00fan, Ciudad de M\u00e9xico, Chihuahua, Cozumel, Guadalajara, Hermosillo, Le\u00f3n, Mazatl\u00e1n, M\u00e9rida, Monterrey, Morelia, Puerto Vallarta, Quer\u00e9taro, San Jos\u00e9 del Cabo, San Luis Potos\u00ed, Torre\u00f3n, Zacatecas y vuelos por temporada a Zihuatanejo y Manzanillo; adem\u00e1s de las pr\u00f3ximas rutas a Oaxaca y Durango. Desde Canc\u00fan American vuela por temporada a Boston.<\/p>\n<p>\u2730\u2730\u2730\u2730\u2730 <em>Meli\u00e1 Hotels by Meli\u00e1 Hotels International<\/em> (MHI), nombr\u00f3 a <strong>Santiago Rivera<\/strong> como director general de los hoteles reci\u00e9n divididos: <em>Meli\u00e1 Punta Cana Beach,<\/em> un <em>resort<\/em> solo para adultos, y <em>Meli\u00e1 Caribe Beach<\/em>, un <em>resort<\/em> para todo tipo de hu\u00e9spedes. El ejecutivo cuenta con una amplia experiencia en el sector hotelero de lujo y llega en un momento trascendental para los hoteles. Este mes de diciembre, los nuevos hoteles abrir\u00e1n sus puertas con <strong>Santiago Rivera<\/strong> al mando, ofreciendo un gran n\u00famero de nuevos programas, servicios y comodidades dise\u00f1ados para satisfacer las distintas necesidades de todos sus clientes.<\/p>\n<p>Como explica <strong>\u00c1lvaro Tejeda<\/strong>, vicepresidente Regional para Am\u00e9ricas de <em>Meli\u00e1 Hotels International<\/em>: \u201cla incuestionable trayectoria de <strong>Santiago Rivera<\/strong>, su gran talento y su profundo conocimiento de la marca lo convierten en la persona perfecta para dirigir estos dos nuevos hoteles. Tras su paso por distintas marcas de la misma cadena y habiendo creado una estrecha relaci\u00f3n con nuestros hoteles, <strong>Santiago<\/strong> aportar\u00e1 un bagaje y perspectiva \u00fanicos a este incre\u00edble destino\u201d.<\/p>\n<p><strong>Santiago Rivera<\/strong>, que anteriormente dirig\u00eda el hotel <em>Paradisus Canc\u00fan<\/em>, aporta una experiencia de m\u00e1s de 15 a\u00f1os en MHI y en el sector de la hospitalidad de lujo a su nuevo cargo en <em>Meli\u00e1 Punta Cana Beach Resort<\/em> y <em>Meli\u00e1 Caribe Beach Resort<\/em>. Bajo su liderazgo, <em>Paradisus Canc\u00fan<\/em> alcanz\u00f3 un gran \u00e9xito y aument\u00f3 las ventas y la rentabilidad, asegurando a la vez que sus hu\u00e9spedes vivieran una experiencia inolvidable. Con dos t\u00edtulos de posgrado en administraci\u00f3n hotelera y administraci\u00f3n estrat\u00e9gica por la Universidad de Cornell, <strong>Santiago Rivera<\/strong> ha obtenido grandes resultados en otros hoteles de su cartera como <em>Paradisus Los Cabos, Paradisus Playa del Carmen,<\/em> La Perla y La Esmeralda, entre otros.<\/p>\n<p>Las distintas marcas de <em>Meli\u00e1 Hotels<\/em> <em>International<\/em>, con los distintos valores, legados y personalidades que las caracterizan, se encuentran en los lugares m\u00e1s emblem\u00e1ticos y los para\u00edsos m\u00e1s rec\u00f3nditos de todo el mundo. Para m\u00e1s informaci\u00f3n visite www.melia.com<\/p>\n<p>\u2730\u2730\u2730\u2730\u2730 La cadena espa\u00f1ola de hoteles Riu ha sido galardonada por 17 a\u00f1o consecutivo con el premio: <strong>\u201cMejor cadena vacacional\u201d,<\/strong> gracias a las votaciones de los agentes de viajes de B\u00e9lgica, lectores de la revista <strong><em>Travel Magazine.<\/em><\/strong><\/p>\n<p>El premio se entreg\u00f3 en la gala anual que organiza la revista para profesionales del sector tur\u00edstico. Al evento, celebrado en el hotel <em>Hilton<\/em> de Amberes, asistieron 700 representantes de la industria tur\u00edstica de B\u00e9lgica, as\u00ed como invitados internaci\u00f3n<\/p>\n<p>El galard\u00f3n <strong><em>\u201cBest Leisure Hotel Group 2018\u201d<\/em><\/strong> reconoce a la cadena vacacional que ofrece <strong>el mayor nivel de satisfacci\u00f3n a sus clientes<\/strong>. La cadena espa\u00f1ola est\u00e1 orgullosa de recibir este premio por decimos\u00e9ptima ocasi\u00f3n, ya que es un reconocimiento al compromiso con la calidad y al servicio prestado a sus clientes.<\/p>\n<p><strong>Peter Hahn<\/strong>, <em>Business Development Director<\/em> de la cadena hotelera para B\u00e9lgica, Luxemburgo y Francia, recogi\u00f3 el premio en nombre de Riu y coment\u00f3: \u201crecibimos este prestigioso premio con gran placer. Este reconocimiento nos motiva a seguir esforz\u00e1ndonos d\u00eda a d\u00eda para seguir cumpliendo los deseos de nuestros clientes. Para todos los que formamos parte de la cadena hotelera, siempre los clientes son los protagonistas\u201d.<\/p>\n<p><em><a href=\"mailto:victoriagprado@gmail.com\" target=\"_blank\" rel=\"noopener\">victoriagprado@gmail.com<\/a><\/em><br \/>\n<em> Twitter: <a href=\"https:\/\/twitter.com\/victoriagprado\" target=\"_blank\" rel=\"noopener\">@victoriagprado<\/a><\/em><\/p>\n","protected":false},"excerpt":{"rendered":"<p><em>American Airlines<\/em> contin\u00faa su expansi\u00f3n en el pa\u00eds, anunciando el lanzamiento de una nueva ruta hacia M\u00e9xico y el incremento de su servicio a seis destinos. As\u00ed a partir del 6 de junio de 2019, <em>American<\/em> ofrecer\u00e1 un vuelo diario entre el Aeropuerto Internacional de Durango (DGO) y el Aeropuerto Internacional de Dallas\/Fort Worth (DFW).<\/p>\n","protected":false},"author":3,"featured_media":406262,"comment_status":"open","ping_status":"open","sticky":false,"template":"","format":"standard","meta":{"_monsterinsights_skip_tracking":false,"_monsterinsights_sitenote_active":false,"_monsterinsights_sitenote_note":"","_monsterinsights_sitenote_category":0,"footnotes":""},"categories":[11],"tags":[107,43674,43681,106],"class_list":["post-406210","post","type-post","status-publish","format-standard","has-post-thumbnail","hentry","category-turismo","tag-de-cinco-estrellas","tag-opinion","tag-turismo","tag-victoria-gonzalez-prado"],"_links":{"self":[{"href":"https:\/\/www.diarioimagen.net\/index.php?rest_route=\/wp\/v2\/posts\/406210","targetHints":{"allow":["GET"]}}],"collection":[{"href":"https:\/\/www.diarioimagen.net\/index.php?rest_route=\/wp\/v2\/posts"}],"about":[{"href":"https:\/\/www.diarioimagen.net\/index.php?rest_route=\/wp\/v2\/types\/post"}],"author":[{"embeddable":true,"href":"https:\/\/www.diarioimagen.net\/index.php?rest_route=\/wp\/v2\/users\/3"}],"replies":[{"embeddable":true,"href":"https:\/\/www.diarioimagen.net\/index.php?rest_route=%2Fwp%2Fv2%2Fcomments&post=406210"}],"version-history":[{"count":0,"href":"https:\/\/www.diarioimagen.net\/index.php?rest_route=\/wp\/v2\/posts\/406210\/revisions"}],"wp:featuredmedia":[{"embeddable":true,"href":"https:\/\/www.diarioimagen.net\/index.php?rest_route=\/wp\/v2\/media\/406262"}],"wp:attachment":[{"href":"https:\/\/www.diarioimagen.net\/index.php?rest_route=%2Fwp%2Fv2%2Fmedia&parent=406210"}],"wp:term":[{"taxonomy":"category","embeddable":true,"href":"https:\/\/www.diarioimagen.net\/index.php?rest_route=%2Fwp%2Fv2%2Fcategories&post=406210"},{"taxonomy":"post_tag","embeddable":true,"href":"https:\/\/www.diarioimagen.net\/index.php?rest_route=%2Fwp%2Fv2%2Ftags&post=406210"}],"curies":[{"name":"wp","href":"https:\/\/api.w.org\/{rel}","templated":true}]}}