{"id":406406,"date":"2018-12-06T00:09:16","date_gmt":"2018-12-06T06:09:16","guid":{"rendered":"https:\/\/www.diarioimagen.net\/?p=406406"},"modified":"2018-12-06T06:35:44","modified_gmt":"2018-12-06T12:35:44","slug":"academico-de-uaem-presento-en-fil-de-guadalajara-atlas-de-flora-y-fauna-del-edomex","status":"publish","type":"post","link":"https:\/\/www.diarioimagen.net\/?p=406406","title":{"rendered":"Acad\u00e9mico de UAEM present\u00f3 en FIL de Guadalajara Atlas de flora y fauna del Edomex"},"content":{"rendered":"<ul>\n<li><strong><em>Re\u00fane el trabajo de tres a\u00f1os de investigaciones<\/em><\/strong><\/li>\n<\/ul>\n<p>&nbsp;<\/p>\n<div id=\"attachment_406483\" style=\"width: 470px\" class=\"wp-caption aligncenter\"><a href=\"https:\/\/www.diarioimagen.net\/?attachment_id=406483\" rel=\"attachment wp-att-406483\"><img loading=\"lazy\" decoding=\"async\" aria-describedby=\"caption-attachment-406483\" class=\"size-large wp-image-406483\" src=\"https:\/\/www.diarioimagen.net\/wp-content\/uploads\/2018\/12\/UAEM-6-460x259.jpg\" alt=\"\" width=\"460\" height=\"259\" srcset=\"https:\/\/www.diarioimagen.net\/wp-content\/uploads\/2018\/12\/UAEM-6-460x259.jpg 460w, https:\/\/www.diarioimagen.net\/wp-content\/uploads\/2018\/12\/UAEM-6-240x135.jpg 240w, https:\/\/www.diarioimagen.net\/wp-content\/uploads\/2018\/12\/UAEM-6-235x132.jpg 235w, https:\/\/www.diarioimagen.net\/wp-content\/uploads\/2018\/12\/UAEM-6-202x114.jpg 202w, https:\/\/www.diarioimagen.net\/wp-content\/uploads\/2018\/12\/UAEM-6-350x196.jpg 350w, https:\/\/www.diarioimagen.net\/wp-content\/uploads\/2018\/12\/UAEM-6-220x123.jpg 220w, https:\/\/www.diarioimagen.net\/wp-content\/uploads\/2018\/12\/UAEM-6-237x132.jpg 237w, https:\/\/www.diarioimagen.net\/wp-content\/uploads\/2018\/12\/UAEM-6.jpg 480w\" sizes=\"auto, (max-width: 460px) 100vw, 460px\" \/><\/a><p id=\"caption-attachment-406483\" class=\"wp-caption-text\">El Atlas presenta informaci\u00f3n accesible para todo p\u00fablico y re\u00fane el trabajo de tres a\u00f1os con la UAEM.<\/p><\/div>\n<p>&nbsp;<\/p>\n<p><strong>Guadalajara, Jalisco<\/strong>.- En la Feria Internacional del Libro de Guadalajara, el catedr\u00e1tico de la Facultad de Planeaci\u00f3n Urbana y Regional de la Universidad Aut\u00f3noma del Estado de M\u00e9xico, Leopoldo Islas Flores, present\u00f3 el Atlas de flora y fauna del Estado de M\u00e9xico, que re\u00fane m\u00e1s de 400 fotograf\u00edas mediante las cuales se da cuenta de la diversidad biol\u00f3gica de la entidad.<\/p>\n<p>El universitario indic\u00f3 que, editado por el Consejo Editorial de la Administraci\u00f3n P\u00fablica Estatal de la entidad, el libro presenta informaci\u00f3n cient\u00edfica accesible para todo p\u00fablico, re\u00fane el trabajo de tres a\u00f1os con la Universidad Nacional Aut\u00f3noma de M\u00e9xico.<\/p>\n<p>El Atlas, dijo, presentado en uno de los foros editoriales m\u00e1s importantes del pa\u00eds y el mundo aborda lo m\u00e1s representativo de la flora y fauna mexiquenses, muchas especies end\u00e9micas. Detall\u00f3 que, en sus tres secciones, el libro muestra a mam\u00edferos, anfibios, aves, reptiles y peces, la vegetaci\u00f3n de bosques templados, matorrales y orqu\u00eddeas, as\u00ed como mapas para identificar geogr\u00e1ficamente a las especies.<\/p>\n<p>Leopoldo Islas Flores sostuvo que esfuerzos como el Atlas de flora y fauna del Estado de M\u00e9xico contribuyen a visibilizar la amplia diversidad biol\u00f3gica de la entidad, proporcionan datos cient\u00edficos de suma importancia y retiran prejuicios que ponen en peligro a algunas especies.<\/p>\n","protected":false},"excerpt":{"rendered":"<p>En la Feria Internacional del Libro de Guadalajara, el catedr\u00e1tico de la Facultad de Planeaci\u00f3n Urbana y Regional de la Universidad Aut\u00f3noma del Estado de M\u00e9xico, Leopoldo Islas Flores, present\u00f3 el Atlas de flora y fauna del Estado de M\u00e9xico, que re\u00fane m\u00e1s de 400 fotograf\u00edas mediante las cuales se da cuenta de la diversidad biol\u00f3gica de la entidad.<\/p>\n","protected":false},"author":3,"featured_media":406483,"comment_status":"open","ping_status":"open","sticky":false,"template":"","format":"standard","meta":{"_monsterinsights_skip_tracking":false,"_monsterinsights_sitenote_active":false,"_monsterinsights_sitenote_note":"","_monsterinsights_sitenote_category":0,"footnotes":""},"categories":[35155],"tags":[80873,2821,43,1491],"class_list":["post-406406","post","type-post","status-publish","format-standard","has-post-thumbnail","hentry","category-estado-de-mexico-estado-de-mexico","tag-feria-internacional-del-libro-de-guadalajara","tag-guadalajara","tag-jalisco","tag-uaem"],"_links":{"self":[{"href":"https:\/\/www.diarioimagen.net\/index.php?rest_route=\/wp\/v2\/posts\/406406","targetHints":{"allow":["GET"]}}],"collection":[{"href":"https:\/\/www.diarioimagen.net\/index.php?rest_route=\/wp\/v2\/posts"}],"about":[{"href":"https:\/\/www.diarioimagen.net\/index.php?rest_route=\/wp\/v2\/types\/post"}],"author":[{"embeddable":true,"href":"https:\/\/www.diarioimagen.net\/index.php?rest_route=\/wp\/v2\/users\/3"}],"replies":[{"embeddable":true,"href":"https:\/\/www.diarioimagen.net\/index.php?rest_route=%2Fwp%2Fv2%2Fcomments&post=406406"}],"version-history":[{"count":0,"href":"https:\/\/www.diarioimagen.net\/index.php?rest_route=\/wp\/v2\/posts\/406406\/revisions"}],"wp:featuredmedia":[{"embeddable":true,"href":"https:\/\/www.diarioimagen.net\/index.php?rest_route=\/wp\/v2\/media\/406483"}],"wp:attachment":[{"href":"https:\/\/www.diarioimagen.net\/index.php?rest_route=%2Fwp%2Fv2%2Fmedia&parent=406406"}],"wp:term":[{"taxonomy":"category","embeddable":true,"href":"https:\/\/www.diarioimagen.net\/index.php?rest_route=%2Fwp%2Fv2%2Fcategories&post=406406"},{"taxonomy":"post_tag","embeddable":true,"href":"https:\/\/www.diarioimagen.net\/index.php?rest_route=%2Fwp%2Fv2%2Ftags&post=406406"}],"curies":[{"name":"wp","href":"https:\/\/api.w.org\/{rel}","templated":true}]}}