{"id":406519,"date":"2018-12-07T00:05:26","date_gmt":"2018-12-07T06:05:26","guid":{"rendered":"https:\/\/www.diarioimagen.net\/?p=406519"},"modified":"2018-12-07T01:11:40","modified_gmt":"2018-12-07T07:11:40","slug":"presentan-avances-de-la-alerta-de-genero-en-el-estado-de-mexico","status":"publish","type":"post","link":"https:\/\/www.diarioimagen.net\/?p=406519","title":{"rendered":"Presentan avances de la alerta de g\u00e9nero en el Estado de M\u00e9xico"},"content":{"rendered":"<ul>\n<li><em><strong>Seguimiento del mecanismo de protecci\u00f3n a ni\u00f1as, adolescentes y mujeres<\/strong><\/em><\/li>\n<\/ul>\n<p>&nbsp;<\/p>\n<div id=\"attachment_406520\" style=\"width: 470px\" class=\"wp-caption aligncenter\"><img loading=\"lazy\" decoding=\"async\" aria-describedby=\"caption-attachment-406520\" class=\"size-large wp-image-406520\" src=\"https:\/\/www.diarioimagen.net\/wp-content\/uploads\/2018\/12\/ALERTA7-portal-460x268.jpg\" alt=\"\" width=\"460\" height=\"268\" srcset=\"https:\/\/www.diarioimagen.net\/wp-content\/uploads\/2018\/12\/ALERTA7-portal-460x268.jpg 460w, https:\/\/www.diarioimagen.net\/wp-content\/uploads\/2018\/12\/ALERTA7-portal-240x140.jpg 240w, https:\/\/www.diarioimagen.net\/wp-content\/uploads\/2018\/12\/ALERTA7-portal.jpg 480w\" sizes=\"auto, (max-width: 460px) 100vw, 460px\" \/><p id=\"caption-attachment-406520\" class=\"wp-caption-text\">Reuni\u00f3n interinstitucional para dar seguimiento a la atenci\u00f3n a la Alerta de Violencia de G\u00e9nero contra las Mujeres que opera en 11 municipios.<\/p><\/div>\n<p>&nbsp;<\/p>\n<p>Toluca, Estado de M\u00e9xico.- El Secretario de Justicia y Derechos Humanos, Rodrigo Espeleta, encabez\u00f3 la reuni\u00f3n interinstitucional para dar seguimiento a la atenci\u00f3n a la Alerta de Violencia de G\u00e9nero contra las Mujeres que opera en 11 municipios del Estado de M\u00e9xico.<\/p>\n<p>Al encuentro asistieron representantes de los 11 municipios alertados, la Secretaria de Seguridad, Maribel Cervantes, el Fiscal General de Justicia, Alejandro G\u00f3mez, y la Vocal del Consejo Estatal de la Mujer y Bienestar Social (CEMyBS), Melissa Vargas, as\u00ed como la diputada Karina Labastida, Presidenta de la Comisi\u00f3n Especial para Combatir y Erradicar la Violencia vinculada a los Feminicidios y el Diputado Julio Alfonso Hern\u00e1ndez, Presidente de la Comisi\u00f3n de Derechos Humanos, adem\u00e1s de legisladores integrantes de ambas comisiones.<\/p>\n<p>\u201cQue sea esta mesa, si ustedes est\u00e1n de acuerdo, el espacio para que podamos compartir ideas, presentar denuncias, aportar soluciones novedosas en torno a esta alerta y, eventualmente, en torno al fen\u00f3meno de la violencia.<\/p>\n<p>\u201cEs un mecanismo de seguimiento de acciones, donde lo que hacemos es proponer las acciones, revisar c\u00f3mo van, etc\u00e9tera, es una mesa de trabajo que, por supuesto, nos pueden pedir los informes que ustedes consideren y desde luego que el tema de salud es transversal y bienvenidas las aportaciones\u201d, dijo el Secretario Rodrigo Espeleta.<\/p>\n<p>Durante su exposici\u00f3n, el Subsecretario de Movilidad, Francisco Quintero, explic\u00f3 que el Gobierno del Estado de M\u00e9xico ha iniciado un programa de reordenamiento del transporte p\u00fablico gracias al cual, actualmente m\u00e1s de 7 mil 500 unidades de transporte p\u00fablico que circulan por Chalco, Cuautitl\u00e1n Izcalli, Ecatepec, Naucalpan y Nezahualc\u00f3yotl ya cuentan con c\u00e1maras de videovigilancia, botones de p\u00e1nico y GPS, lo que permite monitorearlos desde los C5.<\/p>\n<p>Asimismo, han incluido en los operativos de inspecci\u00f3n del transporte p\u00fablico a personal del CEMyBS, con el fin de hacerlos con perspectiva de g\u00e9nero. Hasta ahora han realizado 474 operativos coordinados en los que tambi\u00e9n participa personal de la FGJEM, la Secretar\u00eda de Seguridad y la Codhem.<\/p>\n<p>En el mismo sentido, la Secretaria Maribel Cervantes detall\u00f3 que est\u00e1n capacitando a los primeros agentes que integran la Unidad de Polic\u00eda con Perspectiva de G\u00e9nero, integrada por hombres y mujeres certificados y capacitados para brindar una atenci\u00f3n diferenciada para abonar no s\u00f3lo a la atenci\u00f3n de casos, sino a la prevenci\u00f3n.<\/p>\n<p>\u201cSi de verdad queremos avanzar hay que educarnos todos, y yo dir\u00eda que empezar por los hombres, y obviamente hay que seguir trabajando por supuesto en las ni\u00f1as, en las jovencitas, que sepan las cosas que no son normales, las cosas que deben llamar nuestra atenci\u00f3n\u201d, detall\u00f3 Cervantes Guerrero.<\/p>\n<p>Los integrantes del grupo interdisciplinario coincidieron en la importancia de generar nuevas masculinidades. Para reforzar ese objetivo, el ISEM ejecuta la estrategia de reeducaci\u00f3n para victimarios y agresores, con la que, a trav\u00e9s de talleres y grupos de trabajo,apoyan y rehabilitan a hombres violentos.<\/p>\n<p>En tanto, el CEMyBS ha creado programas que garanticen el respeto y la igualdad al interior de la administraci\u00f3n p\u00fablica, como el de la operaci\u00f3n de ludotecas en las oficinas de las dependencias del poder Ejecutivo o la instalaci\u00f3n de unidades de g\u00e9nero.<\/p>\n<p>\u201cLa violencia de g\u00e9nero empieza desde los estereotipos, desde los roles que le han sido asignados, de cuidadores a las mujeres, necesitamos empezar a romperlos desde las propias instituciones y eso solamente se rompe con acciones afirmativas\u201d, declar\u00f3 la Vocal Melissa Vargas.<\/p>\n<p>El Fiscal general dijo que tras los avances, es necesario dar un siguiente paso y fomentar la cultura de la denuncia para garantizar el seguimiento a los casos y para hacer justicia a cada mujer que haya sido v\u00edctima de violencia.<\/p>\n<p>\u201cGenerar ese respaldo a la mujer, esa confianza para que tarde que temprano termine en presentar la denuncia, pero no solamente en presentar la denuncia en darle seguimiento a la carpeta de investigaci\u00f3n y entonces lograr poner tras barrotes a quien corresponde\u201d, argument\u00f3 el Fiscal.<\/p>\n<p>Los diputados reconocieron los avances en la atenci\u00f3n a la Alerta, pero pidieron redoblar esfuerzos de manera conjunta para frenar la violencia contra las mujeres.<\/p>\n<p>\u201cEsta legislatura, yo creo que ha sido la legislatura m\u00e1s paritaria que tenemos, ahora somos 37 diputadas, 38 hombres, as\u00ed es de que, cr\u00e9eme que vamos a estar trabajando con un presupuesto con perspectiva de g\u00e9nero, as\u00ed\u00a0 es de que yo las invito a que sigamos trabajando de la mano\u201d, dijo la legisladora.<\/p>\n<p>Durante la reuni\u00f3n se reconoci\u00f3 el esfuerzo de los 11 municipios considerados en la Alerta de G\u00e9nero para crear polic\u00edas de g\u00e9nero, capacitar a su personal y operar unidades de b\u00fasqueda y rescate que son actualmente un referente a nivel nacional.<\/p>\n","protected":false},"excerpt":{"rendered":"<p>El Secretario de Justicia y Derechos Humanos, Rodrigo Espeleta, encabez\u00f3 la reuni\u00f3n interinstitucional para dar seguimiento a la atenci\u00f3n a la Alerta de Violencia de G\u00e9nero contra las Mujeres que opera en 11 municipios del Estado de M\u00e9xico.<\/p>\n","protected":false},"author":5,"featured_media":406520,"comment_status":"open","ping_status":"open","sticky":false,"template":"","format":"standard","meta":{"_monsterinsights_skip_tracking":false,"_monsterinsights_sitenote_active":false,"_monsterinsights_sitenote_note":"","_monsterinsights_sitenote_category":0,"footnotes":""},"categories":[35155],"tags":[80622,43675,16164,80878,80879],"class_list":["post-406519","post","type-post","status-publish","format-standard","has-post-thumbnail","hentry","category-estado-de-mexico-estado-de-mexico","tag-adolescentes-y-mujeres","tag-estado-de-mexico","tag-ninas","tag-resentan-avances-de-la-alerta","tag-rodrigo-espeleta"],"_links":{"self":[{"href":"https:\/\/www.diarioimagen.net\/index.php?rest_route=\/wp\/v2\/posts\/406519","targetHints":{"allow":["GET"]}}],"collection":[{"href":"https:\/\/www.diarioimagen.net\/index.php?rest_route=\/wp\/v2\/posts"}],"about":[{"href":"https:\/\/www.diarioimagen.net\/index.php?rest_route=\/wp\/v2\/types\/post"}],"author":[{"embeddable":true,"href":"https:\/\/www.diarioimagen.net\/index.php?rest_route=\/wp\/v2\/users\/5"}],"replies":[{"embeddable":true,"href":"https:\/\/www.diarioimagen.net\/index.php?rest_route=%2Fwp%2Fv2%2Fcomments&post=406519"}],"version-history":[{"count":0,"href":"https:\/\/www.diarioimagen.net\/index.php?rest_route=\/wp\/v2\/posts\/406519\/revisions"}],"wp:featuredmedia":[{"embeddable":true,"href":"https:\/\/www.diarioimagen.net\/index.php?rest_route=\/wp\/v2\/media\/406520"}],"wp:attachment":[{"href":"https:\/\/www.diarioimagen.net\/index.php?rest_route=%2Fwp%2Fv2%2Fmedia&parent=406519"}],"wp:term":[{"taxonomy":"category","embeddable":true,"href":"https:\/\/www.diarioimagen.net\/index.php?rest_route=%2Fwp%2Fv2%2Fcategories&post=406519"},{"taxonomy":"post_tag","embeddable":true,"href":"https:\/\/www.diarioimagen.net\/index.php?rest_route=%2Fwp%2Fv2%2Ftags&post=406519"}],"curies":[{"name":"wp","href":"https:\/\/api.w.org\/{rel}","templated":true}]}}