{"id":406522,"date":"2018-12-07T00:04:59","date_gmt":"2018-12-07T06:04:59","guid":{"rendered":"https:\/\/www.diarioimagen.net\/?p=406522"},"modified":"2018-12-07T01:11:00","modified_gmt":"2018-12-07T07:11:00","slug":"destaca-edomex-en-indice-de-desempeno-financiero-de-aregional","status":"publish","type":"post","link":"https:\/\/www.diarioimagen.net\/?p=406522","title":{"rendered":"Destaca Edom\u00e9x en \u00cdndice de Desempe\u00f1o Financiero de ARegional"},"content":{"rendered":"<ul>\n<li><em><strong>Entre entidades federativas<\/strong><\/em><\/li>\n<\/ul>\n<p>&nbsp;<\/p>\n<div id=\"attachment_406523\" style=\"width: 470px\" class=\"wp-caption aligncenter\"><img loading=\"lazy\" decoding=\"async\" aria-describedby=\"caption-attachment-406523\" class=\"size-large wp-image-406523\" src=\"https:\/\/www.diarioimagen.net\/wp-content\/uploads\/2018\/12\/INVERSION7-portal-460x268.jpg\" alt=\"\" width=\"460\" height=\"268\" srcset=\"https:\/\/www.diarioimagen.net\/wp-content\/uploads\/2018\/12\/INVERSION7-portal-460x268.jpg 460w, https:\/\/www.diarioimagen.net\/wp-content\/uploads\/2018\/12\/INVERSION7-portal-240x140.jpg 240w, https:\/\/www.diarioimagen.net\/wp-content\/uploads\/2018\/12\/INVERSION7-portal.jpg 480w\" sizes=\"auto, (max-width: 460px) 100vw, 460px\" \/><p id=\"caption-attachment-406523\" class=\"wp-caption-text\">Obtiene el Edomex primer lugar en el \u00cdndice de inversi\u00f3n p\u00fablica estatal. Es la segunda entidad en materia de dinamismo econ\u00f3mico.<\/p><\/div>\n<p>&nbsp;<\/p>\n<p><strong>Toluca, Estado de M\u00e9xico<\/strong>.- Rodrigo Jarque Lira, Secretario de Finanzas, inform\u00f3 que el Gobierno del Estado de M\u00e9xico destac\u00f3 en el primer lugar del Indicador Compuesto de Inversi\u00f3n en el \u00cdndice de Desempe\u00f1o Financiero de las Entidades Federativas (IDFEF) 2017, de la consultora ARegional.<\/p>\n<p>\u201cTuvimos una evaluaci\u00f3n de 94 puntos, que posiciona a la entidad en el primer lugar nacional, por el impulso que brindamos al crecimiento de la inversi\u00f3n p\u00fablica estatal\u201d, coment\u00f3.<\/p>\n<p>Agreg\u00f3 que la entidad es la segunda mejor en materia de desempe\u00f1o financiero, porque cuenta con autonom\u00eda para hacer frente a sus compromisos, gracias a la capacidad y esfuerzo fiscal, pues mejor\u00f3 la relaci\u00f3n entre sus ingresos propios y los ingresos de libre disposici\u00f3n.<\/p>\n<p>Asimismo, ha reducido su dependencia fiscal con los ingresos federales y ha mejorado su desempe\u00f1o fiscal con relaci\u00f3n al PIB estatal.<\/p>\n<p>Record\u00f3 que este reconocimiento confirma lo dicho por las calificadoras internacionales como Fitch Ratings y HR Ratings, quienes en julio y agosto de este a\u00f1o, ubicaron al Estado de M\u00e9xico en el rango de AA-, la segunda mejor calificaci\u00f3n crediticia en el pa\u00eds para entidades federativas.<\/p>\n<p>Jarque explic\u00f3 que en el IDFEF 2017, el Estado de M\u00e9xico obtuvo una calificaci\u00f3n de 80.4 puntos de 100, que lo posiciona en el grupo alto del indicador, en el que se ubican las entidades que cuentan con una situaci\u00f3n financiera estable y lo coloca por encima de la media nacional que registr\u00f3 68.2 puntos.<\/p>\n<p>Destac\u00f3 que este \u00cdndice mide de manera agregada el desempe\u00f1o financiero de las entidades federativas en rubros como ingresos propios, deuda, gasto operativo, ahorro interno e inversi\u00f3n p\u00fablica.<\/p>\n<p>\u201cEl Estado de M\u00e9xico tuvo un crecimiento importante en la recaudaci\u00f3n de ingresos propios, gracias a los esfuerzos realizados para mejorar la fiscalizaci\u00f3n. Adem\u00e1s, el nivel de endeudamiento es sostenible y no representa un problema para las finanzas p\u00fablicas, porque hemos aplicado un manejo responsable para evitar que la deuda crezca\u201d, dijo.<\/p>\n<p>El titular de las Finanzas estatales agreg\u00f3 que en este \u00cdndice, la entidad mexiquense fue reconocida por el buen control de sus gastos administrativos, por haber generado super\u00e1vit y reducir los desequilibrios financieros.<\/p>\n<p>Jarque record\u00f3 que este a\u00f1o, el Estado de M\u00e9xico tambi\u00e9n logr\u00f3, por sexto a\u00f1o consecutivo, el primer lugar en el \u00cdndice de Transparencia y Disponibilidad de la Informaci\u00f3n Fiscal de las Entidades Federativas (ITDIF) 2018, de ARegional, con 97.56 puntos de 100, como reflejo de un esfuerzo constante y del compromiso que tiene esta administraci\u00f3n con la transparencia fiscal, la rendici\u00f3n de cuentas y el gobierno abierto.<\/p>\n<p>Mencion\u00f3 que, adem\u00e1s, por segundo a\u00f1o consecutivo, la Secretar\u00eda de Hacienda y Cr\u00e9dito P\u00fablico otorg\u00f3 al Estado de M\u00e9xico, el primer lugar nacional en el \u201cDiagn\u00f3stico sobre el Avance en la Implementaci\u00f3n del Presupuesto basado en Resultados y operaci\u00f3n del Sistema de Evaluaci\u00f3n del Desempe\u00f1o en las Entidades Federativas\u201d, gracias a la calidad y actualizaci\u00f3n permanente de la gesti\u00f3n presupuestaria.<\/p>\n","protected":false},"excerpt":{"rendered":"<p>Rodrigo Jarque Lira, Secretario de Finanzas, inform\u00f3 que el Gobierno del Estado de M\u00e9xico destac\u00f3 en el primer lugar del Indicador Compuesto de Inversi\u00f3n en el \u00cdndice de Desempe\u00f1o Financiero de las Entidades Federativas (IDFEF) 2017, de la consultora ARegional.<\/p>\n","protected":false},"author":5,"featured_media":406523,"comment_status":"open","ping_status":"open","sticky":false,"template":"","format":"standard","meta":{"_monsterinsights_skip_tracking":false,"_monsterinsights_sitenote_active":false,"_monsterinsights_sitenote_note":"","_monsterinsights_sitenote_category":0,"footnotes":""},"categories":[35155],"tags":[80881,80880,80882,43675,80883,452],"class_list":["post-406522","post","type-post","status-publish","format-standard","has-post-thumbnail","hentry","category-estado-de-mexico-estado-de-mexico","tag-idfef","tag-desempeno-financiero-de-aregional","tag-entidades-federativas","tag-estado-de-mexico","tag-rodrigo-jarque-lira","tag-toluca"],"_links":{"self":[{"href":"https:\/\/www.diarioimagen.net\/index.php?rest_route=\/wp\/v2\/posts\/406522","targetHints":{"allow":["GET"]}}],"collection":[{"href":"https:\/\/www.diarioimagen.net\/index.php?rest_route=\/wp\/v2\/posts"}],"about":[{"href":"https:\/\/www.diarioimagen.net\/index.php?rest_route=\/wp\/v2\/types\/post"}],"author":[{"embeddable":true,"href":"https:\/\/www.diarioimagen.net\/index.php?rest_route=\/wp\/v2\/users\/5"}],"replies":[{"embeddable":true,"href":"https:\/\/www.diarioimagen.net\/index.php?rest_route=%2Fwp%2Fv2%2Fcomments&post=406522"}],"version-history":[{"count":0,"href":"https:\/\/www.diarioimagen.net\/index.php?rest_route=\/wp\/v2\/posts\/406522\/revisions"}],"wp:featuredmedia":[{"embeddable":true,"href":"https:\/\/www.diarioimagen.net\/index.php?rest_route=\/wp\/v2\/media\/406523"}],"wp:attachment":[{"href":"https:\/\/www.diarioimagen.net\/index.php?rest_route=%2Fwp%2Fv2%2Fmedia&parent=406522"}],"wp:term":[{"taxonomy":"category","embeddable":true,"href":"https:\/\/www.diarioimagen.net\/index.php?rest_route=%2Fwp%2Fv2%2Fcategories&post=406522"},{"taxonomy":"post_tag","embeddable":true,"href":"https:\/\/www.diarioimagen.net\/index.php?rest_route=%2Fwp%2Fv2%2Ftags&post=406522"}],"curies":[{"name":"wp","href":"https:\/\/api.w.org\/{rel}","templated":true}]}}