{"id":406528,"date":"2018-12-07T00:15:17","date_gmt":"2018-12-07T06:15:17","guid":{"rendered":"https:\/\/www.diarioimagen.net\/?p=406528"},"modified":"2018-12-07T10:20:46","modified_gmt":"2018-12-07T16:20:46","slug":"inauguran-centro-de-salud-en-san-mateo-atenco","status":"publish","type":"post","link":"https:\/\/www.diarioimagen.net\/?p=406528","title":{"rendered":"Inauguran Centro de Salud en San Mateo Atenco"},"content":{"rendered":"<h2>Arco Norte<\/h2>\n<h5>Jos\u00e9 Luis Monta\u00f1ez Aguilar<\/h5>\n<p>&nbsp;<\/p>\n<div id=\"attachment_406529\" style=\"width: 470px\" class=\"wp-caption aligncenter\"><img loading=\"lazy\" decoding=\"async\" aria-describedby=\"caption-attachment-406529\" class=\"size-large wp-image-406529\" src=\"https:\/\/www.diarioimagen.net\/wp-content\/uploads\/2018\/12\/SALUD7-portal-460x268.jpg\" alt=\"\" width=\"460\" height=\"268\" srcset=\"https:\/\/www.diarioimagen.net\/wp-content\/uploads\/2018\/12\/SALUD7-portal-460x268.jpg 460w, https:\/\/www.diarioimagen.net\/wp-content\/uploads\/2018\/12\/SALUD7-portal-240x140.jpg 240w, https:\/\/www.diarioimagen.net\/wp-content\/uploads\/2018\/12\/SALUD7-portal.jpg 480w\" sizes=\"auto, (max-width: 460px) 100vw, 460px\" \/><p id=\"caption-attachment-406529\" class=\"wp-caption-text\">El nuevo Centro de Salud en San Mateo Atenco cuenta con 21 \u00e1reas de servicios.<\/p><\/div>\n<p>&nbsp;<\/p>\n<p>Al inaugurar el Centro de Salud del Barrio de Guadalupe, en San Mateo Atenco, el secretario de Salud, Gabriel O\u2019Shea Cuevas, se\u00f1al\u00f3 que con esta nueva infraestructura se acercar\u00e1n y otorgar\u00e1n servicios m\u00e9dicos de calidad a la poblaci\u00f3n de esta demarcaci\u00f3n y zonas aleda\u00f1as que as\u00ed lo requieran.<\/p>\n<p>Esta unidad m\u00e9dica de primer nivel cuenta con 21 \u00e1reas, entre las que destacan consultorios de medicina preventiva, medicina general, \u00e1rea de curaciones y citolog\u00eda, estimulaci\u00f3n temprana, \u00e1rea de esterilizaci\u00f3n, archivo, farmacia, consultorio dental, Rayos X y Sala de espera, con lo que se dignifica la atenci\u00f3n a los habitantes de la comunidad.<\/p>\n<p>El tambi\u00e9n director general del Instituto de Salud del Estado de M\u00e9xico\u00a0 (ISEM), reiter\u00f3 el compromiso del gobernador Alfredo Del Mazo Maza por preservar la salud de los mexiquenses y reconoci\u00f3 el trabajo del Gobierno municipal, al se\u00f1alar que el proceso de construcci\u00f3n de esta obra, se llev\u00f3 a cabo de acuerdo a los lineamientos que marca la Federaci\u00f3n.<\/p>\n<p>A su vez, el alcalde, Julio C\u00e9sar Serrano Gonz\u00e1lez, destac\u00f3 que para la edificaci\u00f3n se destinaron 9.6 millones de pesos y, con ello, el nuevo espacio sustituye al antiguo Centro de Salud de la zona, el cual ya ten\u00eda 40 a\u00f1os de existencia.<\/p>\n<p><em><a href=\"mailto:montanezaguilar@gmail.com\" target=\"_blank\" rel=\"noopener\">montanezaguilar@gmail.com<\/a><\/em><\/p>\n","protected":false},"excerpt":{"rendered":"<p><span style=\"color: #005497;\">Jos\u00e9 Luis Monta\u00f1ez Aguilar<\/span><br \/>\n<br \/>\nAl inaugurar el Centro de Salud del Barrio de Guadalupe, en San Mateo Atenco, el secretario de Salud, Gabriel O\u2019Shea Cuevas, se\u00f1al\u00f3 que con esta nueva infraestructura se acercar\u00e1n y otorgar\u00e1n servicios m\u00e9dicos de calidad a la poblaci\u00f3n de esta demarcaci\u00f3n y zonas aleda\u00f1as que as\u00ed lo requieran.<\/p>\n","protected":false},"author":5,"featured_media":406529,"comment_status":"open","ping_status":"open","sticky":false,"template":"","format":"standard","meta":{"_monsterinsights_skip_tracking":false,"_monsterinsights_sitenote_active":false,"_monsterinsights_sitenote_note":"","_monsterinsights_sitenote_category":0,"footnotes":""},"categories":[5],"tags":[68117,6776],"class_list":["post-406528","post","type-post","status-publish","format-standard","has-post-thumbnail","hentry","category-estado-de-mexico","tag-centro-de-salud","tag-san-mateo-atenco"],"_links":{"self":[{"href":"https:\/\/www.diarioimagen.net\/index.php?rest_route=\/wp\/v2\/posts\/406528","targetHints":{"allow":["GET"]}}],"collection":[{"href":"https:\/\/www.diarioimagen.net\/index.php?rest_route=\/wp\/v2\/posts"}],"about":[{"href":"https:\/\/www.diarioimagen.net\/index.php?rest_route=\/wp\/v2\/types\/post"}],"author":[{"embeddable":true,"href":"https:\/\/www.diarioimagen.net\/index.php?rest_route=\/wp\/v2\/users\/5"}],"replies":[{"embeddable":true,"href":"https:\/\/www.diarioimagen.net\/index.php?rest_route=%2Fwp%2Fv2%2Fcomments&post=406528"}],"version-history":[{"count":0,"href":"https:\/\/www.diarioimagen.net\/index.php?rest_route=\/wp\/v2\/posts\/406528\/revisions"}],"wp:featuredmedia":[{"embeddable":true,"href":"https:\/\/www.diarioimagen.net\/index.php?rest_route=\/wp\/v2\/media\/406529"}],"wp:attachment":[{"href":"https:\/\/www.diarioimagen.net\/index.php?rest_route=%2Fwp%2Fv2%2Fmedia&parent=406528"}],"wp:term":[{"taxonomy":"category","embeddable":true,"href":"https:\/\/www.diarioimagen.net\/index.php?rest_route=%2Fwp%2Fv2%2Fcategories&post=406528"},{"taxonomy":"post_tag","embeddable":true,"href":"https:\/\/www.diarioimagen.net\/index.php?rest_route=%2Fwp%2Fv2%2Ftags&post=406528"}],"curies":[{"name":"wp","href":"https:\/\/api.w.org\/{rel}","templated":true}]}}