{"id":406534,"date":"2018-12-07T00:13:22","date_gmt":"2018-12-07T06:13:22","guid":{"rendered":"https:\/\/www.diarioimagen.net\/?p=406534"},"modified":"2018-12-09T23:38:50","modified_gmt":"2018-12-10T05:38:50","slug":"afectara-los-servicios-de-salud-revertir-reforma-a-ley-issemym","status":"publish","type":"post","link":"https:\/\/www.diarioimagen.net\/?p=406534","title":{"rendered":"Afectar\u00e1 los servicios de salud revertir reforma a ley ISSEMyM"},"content":{"rendered":"<ul>\n<li><strong><em>Impactar\u00e1 en disminuciones al cuadro b\u00e1sico de medicamentos: Peredo<\/em><\/strong><\/li>\n<\/ul>\n<h6>Jos\u00e9 Luis Monta\u00f1ez<\/h6>\n<p>&nbsp;<\/p>\n<div id=\"attachment_406535\" style=\"width: 470px\" class=\"wp-caption aligncenter\"><img loading=\"lazy\" decoding=\"async\" aria-describedby=\"caption-attachment-406535\" class=\"wp-image-406535 size-large\" src=\"https:\/\/www.diarioimagen.net\/wp-content\/uploads\/2018\/12\/ISSEMyM7-portal-460x268.jpg\" alt=\"\" width=\"460\" height=\"268\" srcset=\"https:\/\/www.diarioimagen.net\/wp-content\/uploads\/2018\/12\/ISSEMyM7-portal-460x268.jpg 460w, https:\/\/www.diarioimagen.net\/wp-content\/uploads\/2018\/12\/ISSEMyM7-portal-240x140.jpg 240w, https:\/\/www.diarioimagen.net\/wp-content\/uploads\/2018\/12\/ISSEMyM7-portal.jpg 480w\" sizes=\"auto, (max-width: 460px) 100vw, 460px\" \/><p id=\"caption-attachment-406535\" class=\"wp-caption-text\">El ISSEMyM gastaba poco m\u00e1s de 2 mil millones de pesos en medicamentos y para 2018 el presupuesto para este rubro es del orden de los 3 mil millones de pesos.<\/p><\/div>\n<p>&nbsp;<\/p>\n<p><strong>Toluca, Estado de M\u00e9xico<\/strong>.- Luego de que la 60 Legislatura del Estado de M\u00e9xico, encabezada por Morena, revirtiera la Ley del Instituto de Seguridad Social del Estado de M\u00e9xico y Municipios (ISSEMyM) con la que se cambi\u00f3 el sistema de pensiones, Alberto Peredo Jim\u00e9nez, director general del ISSEMyM, inform\u00f3 que las dificultades del Instituto no surgieron de la noche a la ma\u00f1ana, ni son resultado de la acci\u00f3n irresponsable; las causas fueron plenamente identificadas en su momento y las soluciones de fondo se dejaron para el futuro, hasta que el gobierno de Alfredo Del Mazo decidi\u00f3, como acto totalmente responsable y \u00e9tico, atenderlas inmediatamente porque conforme pasaba el tiempo el modelo solidario de reparto se volvi\u00f3 insostenible.<\/p>\n<p>Mientras los gastos en materia de pensiones han crecido en los \u00faltimos 20 a\u00f1os de forma acelerada y exponencial, la poblaci\u00f3n de servidores activos ha disminuido; explic\u00f3 que para el a\u00f1o 2000, por cada pensionado, hab\u00eda 16 servidores p\u00fablicos en activo que manten\u00edan el sistema.<\/p>\n<p>En tanto que para el 2017 esta proporci\u00f3n baj\u00f3 dr\u00e1sticamente a seis trabajadores por cada pensionado y en los a\u00f1os por venir la cantidad de servidores p\u00fablicos que pueden solicitar pensi\u00f3n dar\u00e1 un salto de 63 mil a 150 mil, es decir, un crecimiento de 138 por ciento, lo que significa que tan s\u00f3lo dos trabajadores activos sostendr\u00e1n con sus contribuciones a cada pensionado.<\/p>\n<p>Es tal la magnitud de la presi\u00f3n financiera, que la pensi\u00f3n promedio de los jubilados supera al sueldo promedio de los trabajadores activos, explic\u00f3 Peredo Jim\u00e9nez.<\/p>\n<p>En contraste, la atenci\u00f3n a la salud ha incrementado exponencialmente sus costos: tan s\u00f3lo en 2011 el gasto promedio en salud por trabajador era de 4 mil pesos al a\u00f1o, para 2018, \u00e9ste se ha duplicado a 8 mil pesos per c\u00e1pita, debido en gran medida al incremento en el costo asociado a las enfermedades de alto impacto como la diabetes, el c\u00e1ncer y los males cardiacos, entre otros, cuyos costos por caso pueden superar el mill\u00f3n de pesos.<\/p>\n<p>El titular de la Instituci\u00f3n precis\u00f3 que el ISSEMyM tambi\u00e9n enfrenta presiones econ\u00f3micas derivado de la continua alza en los precios de medicamentos e insumos y puso como ejemplo que en los \u00faltimos a\u00f1os el costo de los medicamentos subi\u00f3 hasta en un 44 por ciento.<\/p>\n<p>En este sentido, en 2012 el ISSEMyM gastaba poco m\u00e1s de 2 mil millones de pesos en medicinas y para 2018 el presupuesto para este rubro es del orden de los 3 mil millones de pesos.<\/p>\n<p>Ante este panorama, las consecuencias de no fondear suficientemente al Instituto impactar\u00e1n en una reducci\u00f3n significativa en los bienes y servicios dedicados a la atenci\u00f3n de la salud de sus derechohabientes, pues ante la falta de los recursos necesarios se presentar\u00eda un incumplimiento de los contratos con proveedores y prestadores de servicios, lo cual redundar\u00eda en la reducci\u00f3n significativa e inmediata del cuadro b\u00e1sico de medicamentos, en la restricci\u00f3n de la cobertura de los servicios y recortes acentuados en la plantilla del personal de salud, entre otras.<\/p>\n<p>En s\u00edntesis, apunt\u00f3 el funcionario, \u201chemos analizado profundamente y con responsabilidad el tama\u00f1o del reto que tenemos enfrente, nos hemos enfocado en el bienestar de la gente, privilegiado el derecho de los servidores p\u00fablicos y sus familias al mantener con esta Reforma los derechos de los trabajadores de antes, los de ahora y los que est\u00e1n por venir\u201d.<\/p>\n<p>Finalmente, Peredo Jim\u00e9nez recalc\u00f3 que \u201ccon esta Reforma el Gobierno que encabeza Alfredo Del Mazo privilegia la atenci\u00f3n y el respaldo a los servidores p\u00fablicos mexiquenses y afronta el problema financiero, que no es exclusivo del Estado de M\u00e9xico, sino es una realidad que han enfrentado diversas naciones en el mundo que se han visto en la necesidad de cambiar de paradigma pensando en el bien general con perspectivas de futuro\u201d.<\/p>\n","protected":false},"excerpt":{"rendered":"<p><span style=\"color: #005497;\">Jos\u00e9 Luis Monta\u00f1ez<\/span><br \/>\n<br \/>\nLuego de que, la 60 Legislatura del Estado de M\u00e9xico, encabezada por Morena, revirtiera la Ley del Instituto de Seguridad Social del Estado de M\u00e9xico y Municipios (ISSEMyM) con la que se cambi\u00f3 el sistema de pensiones, Alberto Peredo Jim\u00e9nez, Director General del ISSEMyM, inform\u00f3 que las dificultades del Instituto no surgieron de la noche a la ma\u00f1ana, <\/p>\n","protected":false},"author":5,"featured_media":406535,"comment_status":"open","ping_status":"open","sticky":false,"template":"","format":"standard","meta":{"_monsterinsights_skip_tracking":false,"_monsterinsights_sitenote_active":false,"_monsterinsights_sitenote_note":"","_monsterinsights_sitenote_category":0,"footnotes":""},"categories":[5],"tags":[43675,699,80892,452],"class_list":["post-406534","post","type-post","status-publish","format-standard","has-post-thumbnail","hentry","category-estado-de-mexico","tag-estado-de-mexico","tag-issemym","tag-sistema-de-pensiones","tag-toluca"],"_links":{"self":[{"href":"https:\/\/www.diarioimagen.net\/index.php?rest_route=\/wp\/v2\/posts\/406534","targetHints":{"allow":["GET"]}}],"collection":[{"href":"https:\/\/www.diarioimagen.net\/index.php?rest_route=\/wp\/v2\/posts"}],"about":[{"href":"https:\/\/www.diarioimagen.net\/index.php?rest_route=\/wp\/v2\/types\/post"}],"author":[{"embeddable":true,"href":"https:\/\/www.diarioimagen.net\/index.php?rest_route=\/wp\/v2\/users\/5"}],"replies":[{"embeddable":true,"href":"https:\/\/www.diarioimagen.net\/index.php?rest_route=%2Fwp%2Fv2%2Fcomments&post=406534"}],"version-history":[{"count":0,"href":"https:\/\/www.diarioimagen.net\/index.php?rest_route=\/wp\/v2\/posts\/406534\/revisions"}],"wp:featuredmedia":[{"embeddable":true,"href":"https:\/\/www.diarioimagen.net\/index.php?rest_route=\/wp\/v2\/media\/406535"}],"wp:attachment":[{"href":"https:\/\/www.diarioimagen.net\/index.php?rest_route=%2Fwp%2Fv2%2Fmedia&parent=406534"}],"wp:term":[{"taxonomy":"category","embeddable":true,"href":"https:\/\/www.diarioimagen.net\/index.php?rest_route=%2Fwp%2Fv2%2Fcategories&post=406534"},{"taxonomy":"post_tag","embeddable":true,"href":"https:\/\/www.diarioimagen.net\/index.php?rest_route=%2Fwp%2Fv2%2Ftags&post=406534"}],"curies":[{"name":"wp","href":"https:\/\/api.w.org\/{rel}","templated":true}]}}