{"id":406621,"date":"2018-12-07T00:09:12","date_gmt":"2018-12-07T06:09:12","guid":{"rendered":"https:\/\/www.diarioimagen.net\/?p=406621"},"modified":"2018-12-07T08:19:07","modified_gmt":"2018-12-07T14:19:07","slug":"el-arqueologo-italiano-orefici-dicta-conferencia-en-la-uaem","status":"publish","type":"post","link":"https:\/\/www.diarioimagen.net\/?p=406621","title":{"rendered":"El arque\u00f3logo italiano Orefici dicta conferencia en la UAEM"},"content":{"rendered":"<ul>\n<li><strong><em>Ha encabezado proyectos en siete pa\u00edses<\/em><\/strong><\/li>\n<\/ul>\n<p>&nbsp;<\/p>\n<div id=\"attachment_406698\" style=\"width: 470px\" class=\"wp-caption aligncenter\"><a href=\"https:\/\/www.diarioimagen.net\/?attachment_id=406698\" rel=\"attachment wp-att-406698\"><img loading=\"lazy\" decoding=\"async\" aria-describedby=\"caption-attachment-406698\" class=\"size-large wp-image-406698\" src=\"https:\/\/www.diarioimagen.net\/wp-content\/uploads\/2018\/12\/UAEM-7-460x259.jpg\" alt=\"\" width=\"460\" height=\"259\" srcset=\"https:\/\/www.diarioimagen.net\/wp-content\/uploads\/2018\/12\/UAEM-7-460x259.jpg 460w, https:\/\/www.diarioimagen.net\/wp-content\/uploads\/2018\/12\/UAEM-7-240x135.jpg 240w, https:\/\/www.diarioimagen.net\/wp-content\/uploads\/2018\/12\/UAEM-7-235x132.jpg 235w, https:\/\/www.diarioimagen.net\/wp-content\/uploads\/2018\/12\/UAEM-7-202x114.jpg 202w, https:\/\/www.diarioimagen.net\/wp-content\/uploads\/2018\/12\/UAEM-7-350x196.jpg 350w, https:\/\/www.diarioimagen.net\/wp-content\/uploads\/2018\/12\/UAEM-7-220x123.jpg 220w, https:\/\/www.diarioimagen.net\/wp-content\/uploads\/2018\/12\/UAEM-7-237x132.jpg 237w, https:\/\/www.diarioimagen.net\/wp-content\/uploads\/2018\/12\/UAEM-7.jpg 480w\" sizes=\"auto, (max-width: 460px) 100vw, 460px\" \/><\/a><p id=\"caption-attachment-406698\" class=\"wp-caption-text\">El arque\u00f3logo Giuseppe Orefici ha encabezado proyectos de investigaci\u00f3n en M\u00e9xico, Bolivia, Venezuela, Brasil, Ecuador, Nicaragua y Chile.<\/p><\/div>\n<p>&nbsp;<\/p>\n<p><strong>Toluca, Estado de M\u00e9xico<\/strong>.\u2013 El arque\u00f3logo italiano Giuseppe Orefici dict\u00f3 una conferencia magistral en la Facultad de Antropolog\u00eda de la Universidad Aut\u00f3noma del Estado de M\u00e9xico en la que habl\u00f3 de las excavaciones arqueol\u00f3gicas realizadas el presente a\u00f1o por el Centro de Estudios Arqueol\u00f3gicos Precolombinos de Per\u00fa en el Centro Ceremonial Cahuachi, ubicado en la zona de Nazca.<\/p>\n<p>Giuseppe Orefici indic\u00f3 que el proyecto Nazca naci\u00f3 despu\u00e9s de sus primeros seis a\u00f1os de trabajo en Per\u00fa. \u201cDesde 1982 trabajamos en la regi\u00f3n centro-sur de Per\u00fa, con la intenci\u00f3n de establecer la relaci\u00f3n entre la presencia del arte rupestre y la de jerogl\u00edficos, una de las expresiones caracter\u00edsticas de la zona, as\u00ed como restos humanos y estructuras funerarias\u201d.<\/p>\n<p>Giuseppe Orefici ha encabezado proyectos de investigaci\u00f3n arqueol\u00f3gica en M\u00e9xico, Bolivia, Venezuela, Brasil, Ecuador, Nicaragua y Chile. En la Isla de Pascua trabaj\u00f3 de 1990 hasta 2001, dirigiendo el proyecto Rapa Nui.<\/p>\n<p>En 1982 emprendi\u00f3 un programa de excavaciones arqueol\u00f3gicas en el \u00e1rea de Nazca, Per\u00fa, y en la actualidad mantiene en curso trabajos en el centro ceremonial de Cahuachi.<\/p>\n<p>El director de la Facultad de Antropolog\u00eda, Ignacio Medina Alegr\u00eda, agradeci\u00f3 la presencia del arque\u00f3logo en la UAEM y refiri\u00f3 que esta actividad se concret\u00f3 como resultado de la vinculaci\u00f3n de la instituci\u00f3n educativa con la delegaci\u00f3n mexiquense del Instituto Nacional de Antropolog\u00eda e Historia (INAH).<\/p>\n<p>Afirm\u00f3 que arqueolog\u00eda y antropolog\u00eda son disciplinas hermanas, por lo que los conocimientos y experiencias que comparti\u00f3 Orefici con la comunidad universitaria son sumamente importantes en la formaci\u00f3n de estudiantes y acad\u00e9micos universitarios.<\/p>\n<p>En su oportunidad, el delegado del INAH en el Estado de M\u00e9xico, Luis Antonio Huitr\u00f3n Santoyo, expres\u00f3 la disposici\u00f3n institucional para estrechar los lazos de colaboraci\u00f3n con la UAEM, ya que ello contribuye a que el INAH cumpla con su responsabilidad en la investigaci\u00f3n, conservaci\u00f3n y difusi\u00f3n del patrimonio arqueol\u00f3gico, paleontol\u00f3gico e hist\u00f3rico de la naci\u00f3n.<\/p>\n","protected":false},"excerpt":{"rendered":"<p>El arque\u00f3logo italiano Giuseppe Orefici dict\u00f3 una conferencia magistral en la Facultad de Antropolog\u00eda de la Universidad Aut\u00f3noma del Estado de M\u00e9xico en la que habl\u00f3 de las excavaciones arqueol\u00f3gicas realizadas el presente a\u00f1o por el Centro de Estudios Arqueol\u00f3gicos Precolombinos de Per\u00fa en el Centro Ceremonial Cahuachi, ubicado en la zona de Nazca.<\/p>\n","protected":false},"author":3,"featured_media":406698,"comment_status":"open","ping_status":"open","sticky":false,"template":"","format":"standard","meta":{"_monsterinsights_skip_tracking":false,"_monsterinsights_sitenote_active":false,"_monsterinsights_sitenote_note":"","_monsterinsights_sitenote_category":0,"footnotes":""},"categories":[35155],"tags":[80935,43675,452,1491],"class_list":["post-406621","post","type-post","status-publish","format-standard","has-post-thumbnail","hentry","category-estado-de-mexico-estado-de-mexico","tag-arquologo","tag-estado-de-mexico","tag-toluca","tag-uaem"],"_links":{"self":[{"href":"https:\/\/www.diarioimagen.net\/index.php?rest_route=\/wp\/v2\/posts\/406621","targetHints":{"allow":["GET"]}}],"collection":[{"href":"https:\/\/www.diarioimagen.net\/index.php?rest_route=\/wp\/v2\/posts"}],"about":[{"href":"https:\/\/www.diarioimagen.net\/index.php?rest_route=\/wp\/v2\/types\/post"}],"author":[{"embeddable":true,"href":"https:\/\/www.diarioimagen.net\/index.php?rest_route=\/wp\/v2\/users\/3"}],"replies":[{"embeddable":true,"href":"https:\/\/www.diarioimagen.net\/index.php?rest_route=%2Fwp%2Fv2%2Fcomments&post=406621"}],"version-history":[{"count":0,"href":"https:\/\/www.diarioimagen.net\/index.php?rest_route=\/wp\/v2\/posts\/406621\/revisions"}],"wp:featuredmedia":[{"embeddable":true,"href":"https:\/\/www.diarioimagen.net\/index.php?rest_route=\/wp\/v2\/media\/406698"}],"wp:attachment":[{"href":"https:\/\/www.diarioimagen.net\/index.php?rest_route=%2Fwp%2Fv2%2Fmedia&parent=406621"}],"wp:term":[{"taxonomy":"category","embeddable":true,"href":"https:\/\/www.diarioimagen.net\/index.php?rest_route=%2Fwp%2Fv2%2Fcategories&post=406621"},{"taxonomy":"post_tag","embeddable":true,"href":"https:\/\/www.diarioimagen.net\/index.php?rest_route=%2Fwp%2Fv2%2Ftags&post=406621"}],"curies":[{"name":"wp","href":"https:\/\/api.w.org\/{rel}","templated":true}]}}