{"id":406623,"date":"2018-12-07T00:08:00","date_gmt":"2018-12-07T06:08:00","guid":{"rendered":"https:\/\/www.diarioimagen.net\/?p=406623"},"modified":"2018-12-07T08:19:53","modified_gmt":"2018-12-07T14:19:53","slug":"acuerdan-trabajo-coordinado-alcaldias-de-miguel-hidalgo-y-de-huixquilucan","status":"publish","type":"post","link":"https:\/\/www.diarioimagen.net\/?p=406623","title":{"rendered":"Acuerdan trabajo coordinado alcald\u00edas de Miguel Hidalgo y de Huixquilucan"},"content":{"rendered":"<ul>\n<li><strong><em>Seguridad, vialidades, alumbrado y \u00e1reas verdes<\/em><\/strong><\/li>\n<\/ul>\n<p>&nbsp;<\/p>\n<div id=\"attachment_406702\" style=\"width: 470px\" class=\"wp-caption aligncenter\"><a href=\"https:\/\/www.diarioimagen.net\/?attachment_id=406702\" rel=\"attachment wp-att-406702\"><img loading=\"lazy\" decoding=\"async\" aria-describedby=\"caption-attachment-406702\" class=\"size-large wp-image-406702\" src=\"https:\/\/www.diarioimagen.net\/wp-content\/uploads\/2018\/12\/HUIXQUILUCAN-7-460x259.jpg\" alt=\"\" width=\"460\" height=\"259\" srcset=\"https:\/\/www.diarioimagen.net\/wp-content\/uploads\/2018\/12\/HUIXQUILUCAN-7-460x259.jpg 460w, https:\/\/www.diarioimagen.net\/wp-content\/uploads\/2018\/12\/HUIXQUILUCAN-7-240x135.jpg 240w, https:\/\/www.diarioimagen.net\/wp-content\/uploads\/2018\/12\/HUIXQUILUCAN-7-235x132.jpg 235w, https:\/\/www.diarioimagen.net\/wp-content\/uploads\/2018\/12\/HUIXQUILUCAN-7-202x114.jpg 202w, https:\/\/www.diarioimagen.net\/wp-content\/uploads\/2018\/12\/HUIXQUILUCAN-7-350x196.jpg 350w, https:\/\/www.diarioimagen.net\/wp-content\/uploads\/2018\/12\/HUIXQUILUCAN-7-220x123.jpg 220w, https:\/\/www.diarioimagen.net\/wp-content\/uploads\/2018\/12\/HUIXQUILUCAN-7-237x132.jpg 237w, https:\/\/www.diarioimagen.net\/wp-content\/uploads\/2018\/12\/HUIXQUILUCAN-7.jpg 480w\" sizes=\"auto, (max-width: 460px) 100vw, 460px\" \/><\/a><p id=\"caption-attachment-406702\" class=\"wp-caption-text\">Se acord\u00f3 la conformaci\u00f3n de un Acuerdo Metropolitano para Seguridad P\u00fablica, e invitar a sumarse a los alcaldes de Cuajimalpa y de Naucalpan, para con ello blindar la regi\u00f3n.<\/p><\/div>\n<p>&nbsp;<\/p>\n<p><strong>Huixquilucan, Estado de M\u00e9xico<\/strong>.- Con el prop\u00f3sito de mejorar la calidad de vida de los habitantes, el presidente municipal de Huixquilucan, Enrique Vargas del Villar y el alcalde de Miguel Hidalgo, V\u00edctor Hugo Romo Guerra, acordaron trabajar de manera coordinada en temas prioritarios para ambas demarcaciones.<\/p>\n<p>En una reuni\u00f3n que sostuvieron ambos gobernantes, se acord\u00f3 la conformaci\u00f3n de un Acuerdo Metropolitano para Seguridad P\u00fablica, principal demanda de la ciudadan\u00eda, convenio al que se invitar\u00e1 a sumarse a los alcaldes de Cuajimalpa y de Naucalpan, para con ello blindar esta regi\u00f3n.<\/p>\n<p>Informaron que en este acuerdo, se tratar\u00e1n temas de inter\u00e9s para los habitantes como lo referente al alumbrado, servicios p\u00fablicos, mantenimiento de calles, parques y jardines, as\u00ed como \u00e1reas verdes y recreativas.<\/p>\n<p>Vargas del Villar y Romo Guerra, reiteraron su compromiso con los ciudadanos de sus demarcaciones, quienes confiaron en ellos para ser sus representantes, en el caso del Presidente de Huixquilucan por un segundo periodo consecutivo que inicia el primero de enero del 2019.<\/p>\n","protected":false},"excerpt":{"rendered":"<p>on el prop\u00f3sito de mejorar la calidad de vida de los habitantes, el presidente municipal de Huixquilucan, Enrique Vargas del Villar y el alcalde de Miguel Hidalgo, V\u00edctor Hugo Romo Guerra, acordaron trabajar de manera coordinada en temas prioritarios para ambas demarcaciones.<\/p>\n","protected":false},"author":3,"featured_media":406702,"comment_status":"open","ping_status":"open","sticky":false,"template":"","format":"standard","meta":{"_monsterinsights_skip_tracking":false,"_monsterinsights_sitenote_active":false,"_monsterinsights_sitenote_note":"","_monsterinsights_sitenote_category":0,"footnotes":""},"categories":[35155],"tags":[65440,43675,1097,8961],"class_list":["post-406623","post","type-post","status-publish","format-standard","has-post-thumbnail","hentry","category-estado-de-mexico-estado-de-mexico","tag-conjunto","tag-estado-de-mexico","tag-huixquilucan","tag-trabajo"],"_links":{"self":[{"href":"https:\/\/www.diarioimagen.net\/index.php?rest_route=\/wp\/v2\/posts\/406623","targetHints":{"allow":["GET"]}}],"collection":[{"href":"https:\/\/www.diarioimagen.net\/index.php?rest_route=\/wp\/v2\/posts"}],"about":[{"href":"https:\/\/www.diarioimagen.net\/index.php?rest_route=\/wp\/v2\/types\/post"}],"author":[{"embeddable":true,"href":"https:\/\/www.diarioimagen.net\/index.php?rest_route=\/wp\/v2\/users\/3"}],"replies":[{"embeddable":true,"href":"https:\/\/www.diarioimagen.net\/index.php?rest_route=%2Fwp%2Fv2%2Fcomments&post=406623"}],"version-history":[{"count":0,"href":"https:\/\/www.diarioimagen.net\/index.php?rest_route=\/wp\/v2\/posts\/406623\/revisions"}],"wp:featuredmedia":[{"embeddable":true,"href":"https:\/\/www.diarioimagen.net\/index.php?rest_route=\/wp\/v2\/media\/406702"}],"wp:attachment":[{"href":"https:\/\/www.diarioimagen.net\/index.php?rest_route=%2Fwp%2Fv2%2Fmedia&parent=406623"}],"wp:term":[{"taxonomy":"category","embeddable":true,"href":"https:\/\/www.diarioimagen.net\/index.php?rest_route=%2Fwp%2Fv2%2Fcategories&post=406623"},{"taxonomy":"post_tag","embeddable":true,"href":"https:\/\/www.diarioimagen.net\/index.php?rest_route=%2Fwp%2Fv2%2Ftags&post=406623"}],"curies":[{"name":"wp","href":"https:\/\/api.w.org\/{rel}","templated":true}]}}