{"id":406949,"date":"2018-12-11T00:10:25","date_gmt":"2018-12-11T06:10:25","guid":{"rendered":"https:\/\/www.diarioimagen.net\/?p=406949"},"modified":"2018-12-14T00:26:27","modified_gmt":"2018-12-14T06:26:27","slug":"hacienda-suspende-la-contratacion-de-personal","status":"publish","type":"post","link":"https:\/\/www.diarioimagen.net\/?p=406949","title":{"rendered":"Hacienda suspende la contrataci\u00f3n de personal"},"content":{"rendered":"<ul>\n<li><em><strong>En dependencias federales<\/strong><\/em><\/li>\n<li><em><strong>Para redistribuir gasto \u201cen beneficio de los m\u00e1s necesitados\u201d<\/strong><\/em><\/li>\n<\/ul>\n<p>&nbsp;<\/p>\n<div id=\"attachment_407041\" style=\"width: 470px\" class=\"wp-caption aligncenter\"><a href=\"https:\/\/www.diarioimagen.net\/?attachment_id=407041\" rel=\"attachment wp-att-407041\"><img loading=\"lazy\" decoding=\"async\" aria-describedby=\"caption-attachment-407041\" class=\"size-large wp-image-407041\" src=\"https:\/\/www.diarioimagen.net\/wp-content\/uploads\/2018\/12\/HACIENDA11-460x288.jpg\" alt=\"\" width=\"460\" height=\"288\" srcset=\"https:\/\/www.diarioimagen.net\/wp-content\/uploads\/2018\/12\/HACIENDA11-460x288.jpg 460w, https:\/\/www.diarioimagen.net\/wp-content\/uploads\/2018\/12\/HACIENDA11-240x150.jpg 240w, https:\/\/www.diarioimagen.net\/wp-content\/uploads\/2018\/12\/HACIENDA11.jpg 700w\" sizes=\"auto, (max-width: 460px) 100vw, 460px\" \/><\/a><p id=\"caption-attachment-407041\" class=\"wp-caption-text\">La Secretar\u00eda de Hacienda ya suspendi\u00f3 la contrataci\u00f3n de personal permanente, eventual y de honorarios en todas las dependencias, anunci\u00f3 Carlos Manuel Urz\u00faa Mac\u00edas.<\/p><\/div>\n<p>&nbsp;<\/p>\n<p>La Secretar\u00eda de Hacienda y Cr\u00e9dito P\u00fablico ya suspendi\u00f3 la contrataci\u00f3n de personal permanente, eventual y hasta por honorarios en todas las dependencias del gobierno federal.<\/p>\n<p>El fin de semana todas las secretar\u00edas de Estado recibieron las directrices del gobierno del presidente Andr\u00e9s Manuel L\u00f3pez Obrador, en medio de reestructuraciones y ajustes derivados del cambio de la administraci\u00f3n federal.<\/p>\n<p>En un oficio, el titular de la Secretar\u00eda de Hacienda, Carlos Manuel Urz\u00faa Mac\u00edas, detalla las medidas que se adoptar\u00e1n desde ahora para impulsar una \u201cpol\u00edtica de Austeridad Republicana que permita la redistribuci\u00f3n el gasto p\u00fablico en beneficio de la poblaci\u00f3n menos beneficiada\u201d.<\/p>\n<p>No obstante, las nuevas disposiciones prev\u00e9n que s\u00ed se podr\u00e1n realizar contrataciones, aunque \u00e9stas estar\u00e1n sujetas a la aprobaci\u00f3n de la Subsecretar\u00eda de Egresos de la SHCP, no sin antes haber presentado su solicitud a la Oficial\u00eda Mayor, quien deber\u00e1 permitir que se tramite la autorizaci\u00f3n.<\/p>\n<p>En el oficio de cinco hojas, tambi\u00e9n se establece que todos los puestos adscritos a las Unidades de Administraci\u00f3n y Finanzas ser\u00e1n propuestos directamente por la dependencia, con el objetivo de lograr ahorros en la administraci\u00f3n p\u00fablica federal.<\/p>\n<p>La centralizaci\u00f3n de estas \u00e1reas, agrega, busca garantizar la coordinaci\u00f3n de las Unidades de Administraci\u00f3n y Finanzas para lograr las metas de ahorro, el redimensionamiento administrativo y la aplicaci\u00f3n de medidas de eficiencia y reducci\u00f3n de costos administrativos.<\/p>\n<p>No obstante, se reconoce que estas medidas responden a la falta de un \u201cmodelo organizacional, al que deber\u00e1n sujetarse las Unidades de Administraci\u00f3n y Finanzas del sector centralizado, as\u00ed como los lineamientos y directrices que ser\u00e1n aplicables a dichas unidades en las entidades paraestatales\u201d.<\/p>\n<p>Por lo que Hacienda plantea que las contrataciones no se realicen hasta que sea delineada esta estrategia y, en caso de ser necesario, los titulares deber\u00e1n justificar la necesidad de mantener la continuidad del funcionamiento de la unidad.<\/p>\n<p>De igual manera se establece, \u201cen observancia a los principios de legalidad, honestidad y transparencia\u201d, una prohibici\u00f3n para contratar a personal que haya recibido una indemnizaci\u00f3n por haber concluido su relaci\u00f3n laboral con el gobierno en un plazo que no sea menor a un a\u00f1o.<\/p>\n<p>Sin embargo, se establece una excepci\u00f3n en la cual la persona deber\u00e1 reembolsar la indemnizaci\u00f3n en su totalidad para que pueda ser contratado nuevamente al servicio de la administraci\u00f3n p\u00fablica federal.<\/p>\n","protected":false},"excerpt":{"rendered":"<p>La Secretar\u00eda de Hacienda y Cr\u00e9dito P\u00fablico ya suspendi\u00f3 la contrataci\u00f3n de personal permanente, eventual y hasta por honorarios en todas las dependencias del gobierno federal.<\/p>\n","protected":false},"author":3,"featured_media":407041,"comment_status":"open","ping_status":"open","sticky":false,"template":"","format":"standard","meta":{"_monsterinsights_skip_tracking":false,"_monsterinsights_sitenote_active":false,"_monsterinsights_sitenote_note":"","_monsterinsights_sitenote_category":0,"footnotes":""},"categories":[8],"tags":[81012,43678,14499,1101,45130],"class_list":["post-406949","post","type-post","status-publish","format-standard","has-post-thumbnail","hentry","category-finanzas","tag-contrataciones","tag-finanzas","tag-personal","tag-secretaria-de-hacienda-y-credito-publico","tag-suspension"],"_links":{"self":[{"href":"https:\/\/www.diarioimagen.net\/index.php?rest_route=\/wp\/v2\/posts\/406949","targetHints":{"allow":["GET"]}}],"collection":[{"href":"https:\/\/www.diarioimagen.net\/index.php?rest_route=\/wp\/v2\/posts"}],"about":[{"href":"https:\/\/www.diarioimagen.net\/index.php?rest_route=\/wp\/v2\/types\/post"}],"author":[{"embeddable":true,"href":"https:\/\/www.diarioimagen.net\/index.php?rest_route=\/wp\/v2\/users\/3"}],"replies":[{"embeddable":true,"href":"https:\/\/www.diarioimagen.net\/index.php?rest_route=%2Fwp%2Fv2%2Fcomments&post=406949"}],"version-history":[{"count":0,"href":"https:\/\/www.diarioimagen.net\/index.php?rest_route=\/wp\/v2\/posts\/406949\/revisions"}],"wp:featuredmedia":[{"embeddable":true,"href":"https:\/\/www.diarioimagen.net\/index.php?rest_route=\/wp\/v2\/media\/407041"}],"wp:attachment":[{"href":"https:\/\/www.diarioimagen.net\/index.php?rest_route=%2Fwp%2Fv2%2Fmedia&parent=406949"}],"wp:term":[{"taxonomy":"category","embeddable":true,"href":"https:\/\/www.diarioimagen.net\/index.php?rest_route=%2Fwp%2Fv2%2Fcategories&post=406949"},{"taxonomy":"post_tag","embeddable":true,"href":"https:\/\/www.diarioimagen.net\/index.php?rest_route=%2Fwp%2Fv2%2Ftags&post=406949"}],"curies":[{"name":"wp","href":"https:\/\/api.w.org\/{rel}","templated":true}]}}