{"id":407118,"date":"2018-12-12T00:07:52","date_gmt":"2018-12-12T06:07:52","guid":{"rendered":"https:\/\/www.diarioimagen.net\/?p=407118"},"modified":"2018-12-12T04:48:36","modified_gmt":"2018-12-12T10:48:36","slug":"notifican-a-el-chelelo-lider-de-plaza-del-cartel-del-golfo-en-nl-requerimiento-de-eu","status":"publish","type":"post","link":"https:\/\/www.diarioimagen.net\/?p=407118","title":{"rendered":"Notifican a \u00abEl Chelelo\u00bb, l\u00edder de plaza del  C\u00e1rtel del Golfo en NL, requerimiento de EU"},"content":{"rendered":"<p><a href=\"https:\/\/www.diarioimagen.net\/?attachment_id=407184\" rel=\"attachment wp-att-407184\"><img loading=\"lazy\" decoding=\"async\" class=\"aligncenter size-large wp-image-407184\" src=\"https:\/\/www.diarioimagen.net\/wp-content\/uploads\/2018\/12\/CHELELO12-460x259.jpg\" alt=\"\" width=\"460\" height=\"259\" srcset=\"https:\/\/www.diarioimagen.net\/wp-content\/uploads\/2018\/12\/CHELELO12-460x259.jpg 460w, https:\/\/www.diarioimagen.net\/wp-content\/uploads\/2018\/12\/CHELELO12-240x135.jpg 240w, https:\/\/www.diarioimagen.net\/wp-content\/uploads\/2018\/12\/CHELELO12-235x132.jpg 235w, https:\/\/www.diarioimagen.net\/wp-content\/uploads\/2018\/12\/CHELELO12-202x114.jpg 202w, https:\/\/www.diarioimagen.net\/wp-content\/uploads\/2018\/12\/CHELELO12-350x196.jpg 350w, https:\/\/www.diarioimagen.net\/wp-content\/uploads\/2018\/12\/CHELELO12-220x123.jpg 220w, https:\/\/www.diarioimagen.net\/wp-content\/uploads\/2018\/12\/CHELELO12-237x132.jpg 237w, https:\/\/www.diarioimagen.net\/wp-content\/uploads\/2018\/12\/CHELELO12.jpg 480w\" sizes=\"auto, (max-width: 460px) 100vw, 460px\" \/><\/a><\/p>\n<p>&nbsp;<\/p>\n<p>Un juez federal notific\u00f3 a Eleazar Medina Rojas, \u201cEl Chelelo\u201d, presunto jefe de plaza del c\u00e1rtel del Golfo en Nuevo Le\u00f3n, que es requerido por la justicia de Estados Unidos. Medina fue detenido en M\u00e9rida, Yucat\u00e1n, tras cometer una infracci\u00f3n de tr\u00e1nsito la semana pasada; fue liberado por un juez que consider\u00f3 que la falta no justificaba la prisi\u00f3n preventiva, pero fue reaprehendido por autoridades federales con fines de extradici\u00f3n.<\/p>\n<p>El juez de Distrito Especializado en el Sistema Penal Acusatorio adscrito al Centro de Justicia Penal Federal en el municipio de Almoloya de Ju\u00e1rez, Estado de M\u00e9xico, determin\u00f3 que el supuesto narcotraficante permanezca en prisi\u00f3n preventiva oficiosa en el penal de m\u00e1xima seguridad del Altiplano.<\/p>\n","protected":false},"excerpt":{"rendered":"<p>Un juez federal notific\u00f3 a Eleazar Medina Rojas, \u201cEl Chelelo\u201d, presunto jefe de plaza del c\u00e1rtel del Golfo en Nuevo Le\u00f3n, que es requerido por la justicia de Estados Unidos. Medina fue detenido en M\u00e9rida, Yucat\u00e1n, tras cometer una infracci\u00f3n de tr\u00e1nsito la semana pasada; fue liberado por un juez que consider\u00f3 que la falta no justificaba la prisi\u00f3n preventiva, pero fue reaprehendido por autoridades federales con fines de extradici\u00f3n.<\/p>\n","protected":false},"author":3,"featured_media":407184,"comment_status":"open","ping_status":"open","sticky":false,"template":"","format":"standard","meta":{"_monsterinsights_skip_tracking":false,"_monsterinsights_sitenote_active":false,"_monsterinsights_sitenote_note":"","_monsterinsights_sitenote_category":0,"footnotes":""},"categories":[7],"tags":[4085,81033,43677],"class_list":["post-407118","post","type-post","status-publish","format-standard","has-post-thumbnail","hentry","category-seguridad","tag-altiplano","tag-el-chelelo","tag-seguridad"],"_links":{"self":[{"href":"https:\/\/www.diarioimagen.net\/index.php?rest_route=\/wp\/v2\/posts\/407118","targetHints":{"allow":["GET"]}}],"collection":[{"href":"https:\/\/www.diarioimagen.net\/index.php?rest_route=\/wp\/v2\/posts"}],"about":[{"href":"https:\/\/www.diarioimagen.net\/index.php?rest_route=\/wp\/v2\/types\/post"}],"author":[{"embeddable":true,"href":"https:\/\/www.diarioimagen.net\/index.php?rest_route=\/wp\/v2\/users\/3"}],"replies":[{"embeddable":true,"href":"https:\/\/www.diarioimagen.net\/index.php?rest_route=%2Fwp%2Fv2%2Fcomments&post=407118"}],"version-history":[{"count":0,"href":"https:\/\/www.diarioimagen.net\/index.php?rest_route=\/wp\/v2\/posts\/407118\/revisions"}],"wp:featuredmedia":[{"embeddable":true,"href":"https:\/\/www.diarioimagen.net\/index.php?rest_route=\/wp\/v2\/media\/407184"}],"wp:attachment":[{"href":"https:\/\/www.diarioimagen.net\/index.php?rest_route=%2Fwp%2Fv2%2Fmedia&parent=407118"}],"wp:term":[{"taxonomy":"category","embeddable":true,"href":"https:\/\/www.diarioimagen.net\/index.php?rest_route=%2Fwp%2Fv2%2Fcategories&post=407118"},{"taxonomy":"post_tag","embeddable":true,"href":"https:\/\/www.diarioimagen.net\/index.php?rest_route=%2Fwp%2Fv2%2Ftags&post=407118"}],"curies":[{"name":"wp","href":"https:\/\/api.w.org\/{rel}","templated":true}]}}