{"id":407165,"date":"2018-12-12T00:07:09","date_gmt":"2018-12-12T06:07:09","guid":{"rendered":"https:\/\/www.diarioimagen.net\/?p=407165"},"modified":"2018-12-12T02:58:29","modified_gmt":"2018-12-12T08:58:29","slug":"el-control-de-la-corte","status":"publish","type":"post","link":"https:\/\/www.diarioimagen.net\/?p=407165","title":{"rendered":"El control de la Corte"},"content":{"rendered":"<h2>Detr\u00e1s del Poder<\/h2>\n<h5>Jos\u00e9 Antonio L\u00f3pez Sosa<\/h5>\n<p>&nbsp;<\/p>\n<p>Esta encarnizada lucha pol\u00edtica, entre la iniciativa del presidente y Morena por reducir los salarios de la administraci\u00f3n p\u00fablica y, la respuesta de los magistrados de la Suprema Corte de Justicia de la Naci\u00f3n tiene dos vertientes.<\/p>\n<p>Por un lado, la Corte y sus ministros se preocupan por la separaci\u00f3n de poderes, s\u00f3lo ahora que les tocan sus salarios, en otras oportunidades, como la extinci\u00f3n de Luz y Fuerza del Centro en 2009, se han plegado a los deseos del ejecutivo federal, \u00bfpor qu\u00e9 no demuestran esa separaci\u00f3n de poderes en asuntos de interes ciudadano y no s\u00f3lo en asuntos de inter\u00e9s de ellos mismos?<\/p>\n<p>Por otro lado, L\u00f3pez Obrador acata y descalifica, pretende se\u00f1alar a todo aquel que no comulgue con sus ideas incluyendo a la Suprema Corte, en el fondo pareciera que desea tener el control del Poder Judicial, cuando ya tiene al ejecutivo y una amplia mayor\u00eda en el legislativo.<\/p>\n<p>Se suma a la coyuntura, el absurdo senador Felix Salgado amenazando con pedir al presidente, la \u201cliquidaci\u00f3n\u201d de los ministros, a ello se suman miles a organizar una marcha para que sean separados los ministros de la Suprema Corte, como si ello obedeciera a una decisi\u00f3n popular en una asamblea.<\/p>\n<p>Estamos frente a un tema delicado, bajo el pretexto de los ingresos millonarios \u2014que s\u00ed existen\u2014 el presidente quiere el control de los tres poderes de la uni\u00f3n y, bajo el pretexto de la separaci\u00f3n de poderes, los magistrados quieren defender sus ostentosos salarios.<\/p>\n<p>Al final \u00bfquien pierde?, nosotros, los ciudadanos que somos testigos de otra pugna entre poderosos, de luchas donde lo que menos importa son nuestras carencias o necesidades.<\/p>\n<p>Una vez m\u00e1s a ver c\u00f3mo la pol\u00edtica tiene sus propios tiempos, sus propias luchas y est\u00e1 por encima de la realidad ciudadana. Los miles que pregonan la salida de los ministros desconocen el pacto federal, no saben que el poder absoluto, corrompe absolutamente.<\/p>\n<p><em><a href=\"http:\/\/www.lopezsosa.com\" target=\"_blank\" rel=\"noopener\">www.lopezsosa.com<\/a><\/em><br \/>\n<em><a href=\"mailto:joseantonio@lopezsosa.com\" target=\"_blank\" rel=\"noopener\">joseantonio@lopezsosa.com<\/a><\/em><br \/>\n<em><a href=\"http:\/\/twitter.com\/joseantonio1977\" target=\"_blank\" rel=\"noopener\">@joseantonio197<\/a><\/em><\/p>\n","protected":false},"excerpt":{"rendered":"<p><span style=\"color: #005497;\"><strong>Jos\u00e9 Antonio L\u00f3pez Sosa<\/strong><\/span><\/p>\n","protected":false},"author":3,"featured_media":0,"comment_status":"open","ping_status":"open","sticky":false,"template":"","format":"standard","meta":{"_monsterinsights_skip_tracking":false,"_monsterinsights_sitenote_active":false,"_monsterinsights_sitenote_note":"","_monsterinsights_sitenote_category":0,"footnotes":""},"categories":[637],"tags":[638,43690,43674],"class_list":["post-407165","post","type-post","status-publish","format-standard","hentry","category-jose-antonio-lopez-sosa","tag-detras-del-poder","tag-jose-antonio-lopez-sosa","tag-opinion"],"_links":{"self":[{"href":"https:\/\/www.diarioimagen.net\/index.php?rest_route=\/wp\/v2\/posts\/407165","targetHints":{"allow":["GET"]}}],"collection":[{"href":"https:\/\/www.diarioimagen.net\/index.php?rest_route=\/wp\/v2\/posts"}],"about":[{"href":"https:\/\/www.diarioimagen.net\/index.php?rest_route=\/wp\/v2\/types\/post"}],"author":[{"embeddable":true,"href":"https:\/\/www.diarioimagen.net\/index.php?rest_route=\/wp\/v2\/users\/3"}],"replies":[{"embeddable":true,"href":"https:\/\/www.diarioimagen.net\/index.php?rest_route=%2Fwp%2Fv2%2Fcomments&post=407165"}],"version-history":[{"count":0,"href":"https:\/\/www.diarioimagen.net\/index.php?rest_route=\/wp\/v2\/posts\/407165\/revisions"}],"wp:attachment":[{"href":"https:\/\/www.diarioimagen.net\/index.php?rest_route=%2Fwp%2Fv2%2Fmedia&parent=407165"}],"wp:term":[{"taxonomy":"category","embeddable":true,"href":"https:\/\/www.diarioimagen.net\/index.php?rest_route=%2Fwp%2Fv2%2Fcategories&post=407165"},{"taxonomy":"post_tag","embeddable":true,"href":"https:\/\/www.diarioimagen.net\/index.php?rest_route=%2Fwp%2Fv2%2Ftags&post=407165"}],"curies":[{"name":"wp","href":"https:\/\/api.w.org\/{rel}","templated":true}]}}