{"id":407310,"date":"2018-12-13T00:17:47","date_gmt":"2018-12-13T06:17:47","guid":{"rendered":"https:\/\/www.diarioimagen.net\/?p=407310"},"modified":"2018-12-13T07:11:57","modified_gmt":"2018-12-13T13:11:57","slug":"fortalecen-mecanismos-de-coordinacion-metropolitana","status":"publish","type":"post","link":"https:\/\/www.diarioimagen.net\/?p=407310","title":{"rendered":"Fortalecen mecanismos de coordinaci\u00f3n metropolitana"},"content":{"rendered":"<h2>Arco Norte<\/h2>\n<h5>Jos\u00e9 Luis Monta\u00f1ez Aguilar<\/h5>\n<p>&nbsp;<\/p>\n<p><a href=\"https:\/\/www.diarioimagen.net\/?attachment_id=407401\" rel=\"attachment wp-att-407401\"><img loading=\"lazy\" decoding=\"async\" class=\"aligncenter size-large wp-image-407401\" src=\"https:\/\/www.diarioimagen.net\/wp-content\/uploads\/2018\/12\/arco-3519-460x259.jpg\" alt=\"\" width=\"460\" height=\"259\" srcset=\"https:\/\/www.diarioimagen.net\/wp-content\/uploads\/2018\/12\/arco-3519-460x259.jpg 460w, https:\/\/www.diarioimagen.net\/wp-content\/uploads\/2018\/12\/arco-3519-240x135.jpg 240w, https:\/\/www.diarioimagen.net\/wp-content\/uploads\/2018\/12\/arco-3519-235x132.jpg 235w, https:\/\/www.diarioimagen.net\/wp-content\/uploads\/2018\/12\/arco-3519-202x114.jpg 202w, https:\/\/www.diarioimagen.net\/wp-content\/uploads\/2018\/12\/arco-3519-350x196.jpg 350w, https:\/\/www.diarioimagen.net\/wp-content\/uploads\/2018\/12\/arco-3519-220x123.jpg 220w, https:\/\/www.diarioimagen.net\/wp-content\/uploads\/2018\/12\/arco-3519-237x132.jpg 237w, https:\/\/www.diarioimagen.net\/wp-content\/uploads\/2018\/12\/arco-3519.jpg 480w\" sizes=\"auto, (max-width: 460px) 100vw, 460px\" \/><\/a><\/p>\n<p>&nbsp;<\/p>\n<p>Los titulares de las secretar\u00edas de Desarrollo Urbano y Metropolitano del Estado de M\u00e9xico (Seduym), Enrique Jacob Rocha, y de Desarrollo Urbano y Vivienda de la Ciudad de M\u00e9xico (Seduvi), Ileana Villalobos, encabezaron la segunda mesa tem\u00e1tica sobre \u201cAsentamientos Humanos\u201d, con lo que dan continuidad a los trabajos de coordinaci\u00f3n metropolitana entre ambas entidades.<\/p>\n<p>Por parte de la Ciudad de M\u00e9xico, Ileana Villalobos refrend\u00f3 el\u00a0 inter\u00e9s de trabajar de manera coordinada\u00a0 para la b\u00fasqueda de soluciones a los problemas comunes que enfrenta la zona metropolitana sobre todo el tema ambiental, por lo que destac\u00f3 la importancia de elaborar una agenda de desarrollo metropolitano que atiende las demandas ciudadanas.<\/p>\n<p>En el segundo d\u00eda de actividades entre la Ciudad de M\u00e9xico y el Estado de M\u00e9xico, el titular de la Seduym record\u00f3 que en la primera reuni\u00f3n de esta Coordinaci\u00f3n se obtuvieron resultados fruct\u00edferos y provechosos, mismos que derivaron en acuerdos entre las diversas instancias de ambos gobiernos para lograr un sano entendimiento.<\/p>\n<p>Por parte de la dependencia capitalina se hizo \u00e9nfasis en la necesidad de establecer criterios y una normativa de desarrollo urbano aplicable a la franja lim\u00edtrofe bajo un concepto de responsabilidad compartida.<\/p>\n<p>El titular de la Seduym subray\u00f3 que el prop\u00f3sito central de estas sinergias es resolver conjuntamente y con visi\u00f3n integral, los problemas y retos que unen a los mexiquenses y capitalinos que habitan en las zonas metropolitanas, adem\u00e1s de trazar la hoja de ruta que se debe marcar para dar forma a la metr\u00f3poli de futuro que la ciudadan\u00eda quiere y necesita.<\/p>\n<p>Dentro de los acuerdos obtenidos en esta mesa de trabajo destacan calendarizar reuniones de trabajo entre los equipos t\u00e9cnicos de planeaci\u00f3n urbana de ambas entidades para revisar el programa de ordenaci\u00f3n de la zona oriente del Valle de M\u00e9xico con integrantes del Programa Universitario de Estudios sobre la Ciudad (PUEC), el cual pertenece a la Universidad Nacional Aut\u00f3noma de M\u00e9xico (UNAM) para construir otros instrumentos de ordenamiento territorial del Valle de M\u00e9xico con un enfoque transversal.<\/p>\n<p>De igual forma, armonizar la normatividad y criterios de planeaci\u00f3n en materia de desarrollo urbano para contar con un marco que alinee la planeaci\u00f3n, as\u00ed como la pol\u00edtica urbana de alcald\u00edas y ayuntamientos a los instrumentos de ordenamiento territorial en las franjas metropolitanas, a fin de tener una mayor congruencia entre alcald\u00edas y coordinaci\u00f3n intermunicipal.<\/p>\n<p>Tambi\u00e9n intercambiar informaci\u00f3n t\u00e9cnica de zonas lim\u00edtrofes y de conservaci\u00f3n de suelo, convocar una reuni\u00f3n t\u00e9cnica al Subsecretario de la Secretar\u00eda de Desarrollo Agrario, Territorial y Urbano (Sedatu) con la concurrencia de Hidalgo para elaboraci\u00f3n del programa de Ordenamiento Territorial, as\u00ed como analizar en la Comisi\u00f3n Metropolitana de Asentamientos Humanos las pol\u00edticas de preservaci\u00f3n ambiental y del suelo con el estado de Morelos y, de igual forma, definir temas y calendarios de los foros de la Ciudad de M\u00e9xico para analizar los temas metropolitanos del Valle de M\u00e9xico.<\/p>\n<p>En la sesi\u00f3n estuvieron presentes, por parte del Gobierno de la Ciudad de M\u00e9xico, Ren\u00e9 Cervera Garc\u00eda, Subsecretario de Coordinaci\u00f3n Metropolitana y Enlace Gubernamental de la Ciudad de M\u00e9xico, y el Director general de Desarrollo Urbano y Vivienda, Eduardo Ju\u00e1rez Aguirre.<\/p>\n<p>Por parte del Estado de M\u00e9xico, Pablo Bas\u00e1\u00f1ez Garc\u00eda, Subsecretario de Desarrollo Metropolitano, Claudia Oyoque Ortiz, Directora General de Proyectos y Coordinaci\u00f3n Metropolitana, y Nina Carolina Izabal Mart\u00ednez, Directora General de Planeaci\u00f3n Urbana.<\/p>\n<p><em><a href=\"mailto:montanezaguilar@gmail.com\" target=\"_blank\" rel=\"noopener\">montanezaguilar@gmail.com<\/a><\/em><\/p>\n","protected":false},"excerpt":{"rendered":"<p><span style=\"color: #005497;\">Jos\u00e9 Luis Monta\u00f1ez Aguilar<\/span><br \/>\n<br \/>\nLos titulares de las secretar\u00edas de Desarrollo Urbano y Metropolitano del Estado de M\u00e9xico (Seduym), Enrique Jacob Rocha, y de Desarrollo Urbano y Vivienda de la Ciudad de M\u00e9xico (Seduvi), Ileana Villalobos, encabezaron la segunda mesa tem\u00e1tica sobre \u201cAsentamientos Humanos\u201d, con lo que dan continuidad a los trabajos de coordinaci\u00f3n metropolitana entre ambas entidades.<\/p>\n","protected":false},"author":3,"featured_media":407401,"comment_status":"open","ping_status":"open","sticky":false,"template":"","format":"standard","meta":{"_monsterinsights_skip_tracking":false,"_monsterinsights_sitenote_active":false,"_monsterinsights_sitenote_note":"","_monsterinsights_sitenote_category":0,"footnotes":""},"categories":[5],"tags":[13284,43704,43674],"class_list":["post-407310","post","type-post","status-publish","format-standard","has-post-thumbnail","hentry","category-estado-de-mexico","tag-arco-norte","tag-jose-luis-montanez-aguilar","tag-opinion"],"_links":{"self":[{"href":"https:\/\/www.diarioimagen.net\/index.php?rest_route=\/wp\/v2\/posts\/407310","targetHints":{"allow":["GET"]}}],"collection":[{"href":"https:\/\/www.diarioimagen.net\/index.php?rest_route=\/wp\/v2\/posts"}],"about":[{"href":"https:\/\/www.diarioimagen.net\/index.php?rest_route=\/wp\/v2\/types\/post"}],"author":[{"embeddable":true,"href":"https:\/\/www.diarioimagen.net\/index.php?rest_route=\/wp\/v2\/users\/3"}],"replies":[{"embeddable":true,"href":"https:\/\/www.diarioimagen.net\/index.php?rest_route=%2Fwp%2Fv2%2Fcomments&post=407310"}],"version-history":[{"count":0,"href":"https:\/\/www.diarioimagen.net\/index.php?rest_route=\/wp\/v2\/posts\/407310\/revisions"}],"wp:featuredmedia":[{"embeddable":true,"href":"https:\/\/www.diarioimagen.net\/index.php?rest_route=\/wp\/v2\/media\/407401"}],"wp:attachment":[{"href":"https:\/\/www.diarioimagen.net\/index.php?rest_route=%2Fwp%2Fv2%2Fmedia&parent=407310"}],"wp:term":[{"taxonomy":"category","embeddable":true,"href":"https:\/\/www.diarioimagen.net\/index.php?rest_route=%2Fwp%2Fv2%2Fcategories&post=407310"},{"taxonomy":"post_tag","embeddable":true,"href":"https:\/\/www.diarioimagen.net\/index.php?rest_route=%2Fwp%2Fv2%2Ftags&post=407310"}],"curies":[{"name":"wp","href":"https:\/\/api.w.org\/{rel}","templated":true}]}}