{"id":407350,"date":"2018-12-13T00:09:56","date_gmt":"2018-12-13T06:09:56","guid":{"rendered":"https:\/\/www.diarioimagen.net\/?p=407350"},"modified":"2018-12-13T06:40:49","modified_gmt":"2018-12-13T12:40:49","slug":"viaja-a-francia-alebrije-monumental-creado-en-tultepec-llamado-masatl","status":"publish","type":"post","link":"https:\/\/www.diarioimagen.net\/?p=407350","title":{"rendered":"Viaja a Francia alebrije monumental creado en Tultepec, llamado \u201cMasatl\u201d"},"content":{"rendered":"<ul>\n<li><strong><em>Fue seleccionado, luego de desfilar en la CDMX<\/em><\/strong><\/li>\n<\/ul>\n<p>&nbsp;<\/p>\n<div id=\"attachment_407437\" style=\"width: 310px\" class=\"wp-caption alignleft\"><a href=\"https:\/\/www.diarioimagen.net\/?attachment_id=407437\" rel=\"attachment wp-att-407437\"><img loading=\"lazy\" decoding=\"async\" aria-describedby=\"caption-attachment-407437\" class=\" wp-image-407437\" src=\"https:\/\/www.diarioimagen.net\/wp-content\/uploads\/2018\/12\/TULTEPEC-13-381x460.jpg\" alt=\"\" width=\"300\" height=\"362\" srcset=\"https:\/\/www.diarioimagen.net\/wp-content\/uploads\/2018\/12\/TULTEPEC-13-381x460.jpg 381w, https:\/\/www.diarioimagen.net\/wp-content\/uploads\/2018\/12\/TULTEPEC-13-199x240.jpg 199w, https:\/\/www.diarioimagen.net\/wp-content\/uploads\/2018\/12\/TULTEPEC-13.jpg 580w\" sizes=\"auto, (max-width: 300px) 100vw, 300px\" \/><\/a><p id=\"caption-attachment-407437\" class=\"wp-caption-text\">El alebrije \u201cMasatl\u201d, que en n\u00e1huatl significa venado, viajar\u00e1 a Francia para participar en el Festival Cultural\u00a0El Dorado 3000\u00a0de la ciudad de Lille, al norte de Francia en abril de 2019.<\/p><\/div>\n<p><strong>Tultepec, Estado de M\u00e9xico<\/strong>.- Luego de haber participado en el Paseo de Alebrijes de la Ciudad de M\u00e9xico organizado por el Museo de Arte Popular y de permanecer en exposici\u00f3n abierta al p\u00fablico frente a la presidencia municipal de Tultepec, \u201cMasatl\u201d, que en n\u00e1huatl significa venado, viajar\u00e1 para participar en el Festival Cultural\u00a0El Dorado 3000\u00a0de la ciudad de Lille, al norte de Francia en abril de 2019.<\/p>\n<p>M\u00e9xico ser\u00e1 el pa\u00eds invitado en este festival, donde se promover\u00e1n diferentes expresiones del arte mexicano a trav\u00e9s de un desfile de 12 esculturas monumentales de alebrijes, decoraciones de papel picado y m\u00e1scaras, as\u00ed como de catrinas gigantes, para as\u00ed profundizar los lazos de amistad con el pa\u00eds galo.<\/p>\n<p>Durante cerca de un mes,\u00a0Masatl y El Mensajero del Viento; ambos elaborados en el Taller X\u00f3lotl de Tultepec, as\u00ed como\u00a0Razzzalobo,\u00a0de Jorge Hidalgo Urb\u00e1n, permanecieron en exhibici\u00f3n abierta para que la ciudadan\u00eda \u201cse tomara la foto del recuerdo\u201d con estos m\u00edticos personajes, como una forma de honrar las tradiciones mexicanas.<\/p>\n<p>De acuerdo con el artista tultepequense Arturo \u00c1vila Gonz\u00e1lez, arquitecto de profesi\u00f3n, quien junto con dos colaboradores cre\u00f3 Masatl, en su taller X\u00f3lotl, ubicado en este municipio, el alebrije mide 3.30 metros de largo, 2.50 de alto y 1.80 de ancho y pesa alrededor de 30 kilos.<\/p>\n<p>\u201cMasatl consiste en un venado con alas, las cuales representan el nivel divino. Tiene cola de serpiente que representa el nivel terrenal y el cuerpo de armadillo representa el inframundo. La cabeza de venado y la cola de serpiente representan el bien y el mal como una dualidad perfecta\u201d, explic\u00f3 el artista.<\/p>\n<p>El Alebrije monumental est\u00e1 elaborado de materiales tradicionales como carrizo, papel peri\u00f3dico, de archivo o papel de estraza con pintura acr\u00edlica sin el uso de moldes, con incrustaciones de papel mach\u00e9 (masa Alebrije), o \u201cmasita de Arturo \u00c1vila\u201d, f\u00f3rmula personal de su creador como sello particular, misma que ya es utilizada en toros y catrinas por otros artesanos, presume el artista.<\/p>\n<p>\u201cEsta t\u00e9cnica de acabado es un homenaje al arte huichol cuya textura y colorido se aprecia desde lejos como si fueran cobijas o sarapes propios de Saltillo, Coahuila. La pieza representa al inframundo o la lucha entre el bien y el mal y la conexi\u00f3n medicinal que estas tribus dan al peyote.<\/p>\n<p>Arturo \u00c1vila Gonz\u00e1lez precis\u00f3 que desde 2011 participa en el concurso Nacional de Alebrijes Monumentales de la CDMX, organizado por el Museo de Arte Popular (MAP), donde ya gan\u00f3 un primer y tercer lugar, as\u00ed como cuatro menciones honor\u00edficas con sus creaciones.<\/p>\n<p>\u201cAunque este a\u00f1o no ganamos un premio econ\u00f3mico, Masatl se exhibi\u00f3 durante el Gran Premio de la F\u00f3rmula 1 en el Aut\u00f3dromo Hermanos Rodr\u00edguez de la Ciudad de M\u00e9xico en octubre pasado, lo que nos vali\u00f3 la invitaci\u00f3n para el Festival El Dorado 3000 y sin duda es una gran distinci\u00f3n\u201d.<\/p>\n<p>El artista tultepequense explic\u00f3 que por el momento la pieza permanecer\u00e1 algunas semanas en el taller X\u00f3lotl, donde fue creado, para realizar algunos ajustes y emprender el viaje a finales de enero a Lille, Francia, para participar en el\u00a0Festival El Dorado 3000, junto con 11 esculturas m\u00e1s.<\/p>\n<p>Una vez concluida su participaci\u00f3n en este festival, Masatl iniciar\u00e1 una gira de cerca de 8 meses por el pa\u00eds galo hasta su parada definitiva que bien pudiera ser un recinto universitario o alg\u00fan museo.<\/p>\n<p>La elaboraci\u00f3n de alebrijes y judas con los materiales mencionados, son una tradici\u00f3n de d\u00e9cadas que a\u00f1o con a\u00f1o premia y fomenta el gobierno municipal de Tultepec a trav\u00e9s de un concurso local, como una actividad artesanal que distingue a la poblaci\u00f3n de este municipio adem\u00e1s de darle sentido de pertenencia.<\/p>\n","protected":false},"excerpt":{"rendered":"<p>Luego de haber participado en el Paseo de Alebrijes de la Ciudad de M\u00e9xico organizado por el Museo de Arte Popular y de permanecer en exposici\u00f3n abierta al p\u00fablico frente a la presidencia municipal de Tultepec, \u201cMasatl\u201d, que en n\u00e1huatl significa venado, viajar\u00e1 para participar en el Festival Cultural El Dorado 3000 de la ciudad de Lille, al norte de Francia en abril de 2019.<\/p>\n","protected":false},"author":3,"featured_media":407436,"comment_status":"open","ping_status":"open","sticky":false,"template":"","format":"standard","meta":{"_monsterinsights_skip_tracking":false,"_monsterinsights_sitenote_active":false,"_monsterinsights_sitenote_note":"","_monsterinsights_sitenote_category":0,"footnotes":""},"categories":[35155],"tags":[81107,43675,1264,3802],"class_list":["post-407350","post","type-post","status-publish","format-standard","has-post-thumbnail","hentry","category-estado-de-mexico-estado-de-mexico","tag-alebrije","tag-estado-de-mexico","tag-paris","tag-tultepec"],"_links":{"self":[{"href":"https:\/\/www.diarioimagen.net\/index.php?rest_route=\/wp\/v2\/posts\/407350","targetHints":{"allow":["GET"]}}],"collection":[{"href":"https:\/\/www.diarioimagen.net\/index.php?rest_route=\/wp\/v2\/posts"}],"about":[{"href":"https:\/\/www.diarioimagen.net\/index.php?rest_route=\/wp\/v2\/types\/post"}],"author":[{"embeddable":true,"href":"https:\/\/www.diarioimagen.net\/index.php?rest_route=\/wp\/v2\/users\/3"}],"replies":[{"embeddable":true,"href":"https:\/\/www.diarioimagen.net\/index.php?rest_route=%2Fwp%2Fv2%2Fcomments&post=407350"}],"version-history":[{"count":0,"href":"https:\/\/www.diarioimagen.net\/index.php?rest_route=\/wp\/v2\/posts\/407350\/revisions"}],"wp:featuredmedia":[{"embeddable":true,"href":"https:\/\/www.diarioimagen.net\/index.php?rest_route=\/wp\/v2\/media\/407436"}],"wp:attachment":[{"href":"https:\/\/www.diarioimagen.net\/index.php?rest_route=%2Fwp%2Fv2%2Fmedia&parent=407350"}],"wp:term":[{"taxonomy":"category","embeddable":true,"href":"https:\/\/www.diarioimagen.net\/index.php?rest_route=%2Fwp%2Fv2%2Fcategories&post=407350"},{"taxonomy":"post_tag","embeddable":true,"href":"https:\/\/www.diarioimagen.net\/index.php?rest_route=%2Fwp%2Fv2%2Ftags&post=407350"}],"curies":[{"name":"wp","href":"https:\/\/api.w.org\/{rel}","templated":true}]}}