{"id":407352,"date":"2018-12-13T00:08:16","date_gmt":"2018-12-13T06:08:16","guid":{"rendered":"https:\/\/www.diarioimagen.net\/?p=407352"},"modified":"2018-12-13T06:42:16","modified_gmt":"2018-12-13T12:42:16","slug":"certifican-a-personal-de-naucalpan-en-transparencia-y-acceso-a-la-informacion","status":"publish","type":"post","link":"https:\/\/www.diarioimagen.net\/?p=407352","title":{"rendered":"Certifican a personal de Naucalpan en transparencia y acceso a la informaci\u00f3n"},"content":{"rendered":"<ul>\n<li><strong><em>Por parte de consejo de la SEP<\/em><\/strong><\/li>\n<\/ul>\n<p>&nbsp;<\/p>\n<div id=\"attachment_407440\" style=\"width: 470px\" class=\"wp-caption aligncenter\"><a href=\"https:\/\/www.diarioimagen.net\/?attachment_id=407440\" rel=\"attachment wp-att-407440\"><img loading=\"lazy\" decoding=\"async\" aria-describedby=\"caption-attachment-407440\" class=\"size-large wp-image-407440\" src=\"https:\/\/www.diarioimagen.net\/wp-content\/uploads\/2018\/12\/NAUCALPAN-13-460x259.jpg\" alt=\"\" width=\"460\" height=\"259\" srcset=\"https:\/\/www.diarioimagen.net\/wp-content\/uploads\/2018\/12\/NAUCALPAN-13-460x259.jpg 460w, https:\/\/www.diarioimagen.net\/wp-content\/uploads\/2018\/12\/NAUCALPAN-13-240x135.jpg 240w, https:\/\/www.diarioimagen.net\/wp-content\/uploads\/2018\/12\/NAUCALPAN-13-235x132.jpg 235w, https:\/\/www.diarioimagen.net\/wp-content\/uploads\/2018\/12\/NAUCALPAN-13-202x114.jpg 202w, https:\/\/www.diarioimagen.net\/wp-content\/uploads\/2018\/12\/NAUCALPAN-13-350x196.jpg 350w, https:\/\/www.diarioimagen.net\/wp-content\/uploads\/2018\/12\/NAUCALPAN-13-220x123.jpg 220w, https:\/\/www.diarioimagen.net\/wp-content\/uploads\/2018\/12\/NAUCALPAN-13-237x132.jpg 237w, https:\/\/www.diarioimagen.net\/wp-content\/uploads\/2018\/12\/NAUCALPAN-13.jpg 480w\" sizes=\"auto, (max-width: 460px) 100vw, 460px\" \/><\/a><p id=\"caption-attachment-407440\" class=\"wp-caption-text\">Coordinadores de Unidades de Transparencia y Acceso a la Informaci\u00f3n P\u00fablica del gobierno de Naucalpan y del OAPAS fueron certificados.<\/p><\/div>\n<p>&nbsp;<\/p>\n<p><strong>Naucalpan, Estado de M\u00e9xico<\/strong>.- Los coordinadores de las Unidades de Transparencia y Acceso a la Informaci\u00f3n P\u00fablica del Gobierno de Naucalpan y del Organismo de Agua Potable, Alcantarillado y Saneamiento (OAPAS), fueron certificados por una entidad nacional como personas capacitadas y con el conocimiento necesario para cumplir con las funciones de sus cargos.<\/p>\n<p>La administraci\u00f3n municipal inform\u00f3 que los coordinadores de dichas unidades, Jorge Cajiga Calder\u00f3n y Estela Gonz\u00e1lez Monta\u00f1ez, respectivamente, recibieron la certificaci\u00f3n EC 1057 del Consejo Nacional de Normalizaci\u00f3n y Certificaci\u00f3n de Competencias de la Secretar\u00eda de Educaci\u00f3n P\u00fablica.<\/p>\n<p>Se\u00f1al\u00f3 que, en octubre, el Instituto de Transparencia, Acceso a la Informaci\u00f3n P\u00fablica y Protecci\u00f3n de Datos Personales del Estado de M\u00e9xico y Municipios, inici\u00f3 el proceso de certificaci\u00f3n para las unidades de la entidad, en el cual participaron los dos funcionarios municipales de Naucalpan.<\/p>\n<p>Como parte de esta evaluaci\u00f3n, Cajiga Calder\u00f3n y Gonz\u00e1lez Monta\u00f1ez, elaboraron un proyecto de reglamento interno y presentaron un manual de operaciones, en los cuales se califica que los documentos estuvieran acorde a los est\u00e1ndares nacionales en la materia.<\/p>\n<p>En una segunda fase, ambos funcionarios presentaron una evaluaci\u00f3n escrita de conocimientos en el \u00e1rea de transparencia y acceso a la informaci\u00f3n, as\u00ed como la aplicaci\u00f3n de un caso concreto, la cual fue positiva; con ello, Naucalpan se convierte en uno de los primeros municipios en contar con personal certificado en las unidades referidas.<\/p>\n<p>La Unidad de Transparencia y Acceso a la Informaci\u00f3n P\u00fablica del Gobierno de Naucalpan atendi\u00f3 este a\u00f1o 693 solicitudes de informaci\u00f3n, de las cuales 45 de ellas se encuentran a\u00fan en proceso de respuesta y 57 recurrieron a un recurso de revisi\u00f3n. El 14 de diciembre CONOCER entregar\u00e1 a los funcionarios el documento oficial de certificaci\u00f3n.<\/p>\n","protected":false},"excerpt":{"rendered":"<p>Los coordinadores de las Unidades de Transparencia y Acceso a la Informaci\u00f3n P\u00fablica del Gobierno de Naucalpan y del Organismo de Agua Potable, Alcantarillado y Saneamiento (OAPAS), fueron certificados por una entidad nacional como personas capacitadas y con el conocimiento necesario para cumplir con las funciones de sus cargos.<\/p>\n","protected":false},"author":3,"featured_media":407440,"comment_status":"open","ping_status":"open","sticky":false,"template":"","format":"standard","meta":{"_monsterinsights_skip_tracking":false,"_monsterinsights_sitenote_active":false,"_monsterinsights_sitenote_note":"","_monsterinsights_sitenote_category":0,"footnotes":""},"categories":[35155],"tags":[43675,51032,970,26216],"class_list":["post-407352","post","type-post","status-publish","format-standard","has-post-thumbnail","hentry","category-estado-de-mexico-estado-de-mexico","tag-estado-de-mexico","tag-informacion","tag-naucalpan","tag-transparencia"],"_links":{"self":[{"href":"https:\/\/www.diarioimagen.net\/index.php?rest_route=\/wp\/v2\/posts\/407352","targetHints":{"allow":["GET"]}}],"collection":[{"href":"https:\/\/www.diarioimagen.net\/index.php?rest_route=\/wp\/v2\/posts"}],"about":[{"href":"https:\/\/www.diarioimagen.net\/index.php?rest_route=\/wp\/v2\/types\/post"}],"author":[{"embeddable":true,"href":"https:\/\/www.diarioimagen.net\/index.php?rest_route=\/wp\/v2\/users\/3"}],"replies":[{"embeddable":true,"href":"https:\/\/www.diarioimagen.net\/index.php?rest_route=%2Fwp%2Fv2%2Fcomments&post=407352"}],"version-history":[{"count":0,"href":"https:\/\/www.diarioimagen.net\/index.php?rest_route=\/wp\/v2\/posts\/407352\/revisions"}],"wp:featuredmedia":[{"embeddable":true,"href":"https:\/\/www.diarioimagen.net\/index.php?rest_route=\/wp\/v2\/media\/407440"}],"wp:attachment":[{"href":"https:\/\/www.diarioimagen.net\/index.php?rest_route=%2Fwp%2Fv2%2Fmedia&parent=407352"}],"wp:term":[{"taxonomy":"category","embeddable":true,"href":"https:\/\/www.diarioimagen.net\/index.php?rest_route=%2Fwp%2Fv2%2Fcategories&post=407352"},{"taxonomy":"post_tag","embeddable":true,"href":"https:\/\/www.diarioimagen.net\/index.php?rest_route=%2Fwp%2Fv2%2Ftags&post=407352"}],"curies":[{"name":"wp","href":"https:\/\/api.w.org\/{rel}","templated":true}]}}