{"id":407471,"date":"2018-12-14T00:11:17","date_gmt":"2018-12-14T06:11:17","guid":{"rendered":"https:\/\/www.diarioimagen.net\/?p=407471"},"modified":"2018-12-14T00:15:28","modified_gmt":"2018-12-14T06:15:28","slug":"se-suma-secretaria-de-cultura-a-la-campana-corazon-azul","status":"publish","type":"post","link":"https:\/\/www.diarioimagen.net\/?p=407471","title":{"rendered":"Se suma Secretar\u00eda de Cultura a campa\u00f1a Coraz\u00f3n Azul"},"content":{"rendered":"<ul>\n<li><strong><em>Lanzan #AQUIESTOY en Edomex<\/em><\/strong><\/li>\n<\/ul>\n<p>&nbsp;<\/p>\n<div id=\"attachment_407472\" style=\"width: 470px\" class=\"wp-caption aligncenter\"><img loading=\"lazy\" decoding=\"async\" aria-describedby=\"caption-attachment-407472\" class=\"wp-image-407472 size-large\" src=\"https:\/\/www.diarioimagen.net\/wp-content\/uploads\/2018\/12\/CAMPA\u00d1A14-PORTAL-460x268.jpg\" alt=\"\" width=\"460\" height=\"268\" srcset=\"https:\/\/www.diarioimagen.net\/wp-content\/uploads\/2018\/12\/CAMPA\u00d1A14-PORTAL-460x268.jpg 460w, https:\/\/www.diarioimagen.net\/wp-content\/uploads\/2018\/12\/CAMPA\u00d1A14-PORTAL-240x140.jpg 240w, https:\/\/www.diarioimagen.net\/wp-content\/uploads\/2018\/12\/CAMPA\u00d1A14-PORTAL.jpg 480w\" sizes=\"auto, (max-width: 460px) 100vw, 460px\" \/><p id=\"caption-attachment-407472\" class=\"wp-caption-text\">El CEMyBS present\u00f3 y lanz\u00f3 la campa\u00f1a \u201cCoraz\u00f3n Azul\u201d #AQUIESTOY.<\/p><\/div>\n<p>&nbsp;<\/p>\n<p><strong>Toluca, Estado de M\u00e9xico<\/strong>.- Como parte de la 19\u00aa. Sesi\u00f3n Ordinaria del Sistema Estatal para la Igualdad de Trato y Oportunidades entre Mujeres y Hombres y para Prevenir, Atender, Sancionar y Erradicar la Violencia contra las Mujeres, del Consejo Estatal de la Mujer y Bienestar Social (CEMyBS), se present\u00f3 y lanz\u00f3 la campa\u00f1a \u201cCoraz\u00f3n Azul\u201d #AQUIESTOY.<\/p>\n<p>Esta campa\u00f1a es un programa de la Oficina de las Naciones Unidas contra la Droga y el Delito, (UNODC por sus siglas en ingl\u00e9s) y est\u00e1 representada en M\u00e9xico por el se\u00f1or Antonino De Leo.<\/p>\n<p>\u00c9ste es un programa internacional contra la trata de personas que busca crear conciencia sobre este delito y su impacto en la sociedad.<\/p>\n<p>Se considera \u00e9ste un medio eficaz para demostrar los esfuerzos coordinados e integrados de los estados, como parte del Protocolo de Palermo contra este delito, mismo que fue ratificado por M\u00e9xico el 25 de diciembre de 2003 y siendo \u00e9ste el protocolo para prevenir, reprimir y sancionar la trata de personas, especialmente mujeres y ni\u00f1os, que complementa a la UNODC.<\/p>\n<p>La Secretar\u00eda de Cultura del Estado de M\u00e9xico, apoyada por la Comisi\u00f3n Intersecretarial Contra la Trata de Personas, se suma y apoya esta campa\u00f1a para prevenir este delito que se puede dar a trav\u00e9s de internet, con fines de prostituci\u00f3n ajena,\u00a0 de trabajos forzados, de mendicidad forzosa y de explotaci\u00f3n sexual.<\/p>\n<p>A trav\u00e9s de la l\u00ednea contra la trata 01800-832-4745, la comunidad mexiquense podr\u00e1 estar informada e involucrarse en la prevenci\u00f3n de este delito, de manera gratuita, an\u00f3nima, confidencial y durante las 24 horas de los 365 d\u00edas del a\u00f1o.<\/p>\n","protected":false},"excerpt":{"rendered":"<p>Como parte de la 19\u00aa. Sesi\u00f3n Ordinaria del Sistema Estatal para la Igualdad de Trato y Oportunidades entre Mujeres y Hombres y para Prevenir, Atender, Sancionar y Erradicar la Violencia contra las Mujeres, del Consejo Estatal de la Mujer y Bienestar Social (CEMyBS), se present\u00f3 y lanz\u00f3 la campa\u00f1a \u201cCoraz\u00f3n Azul\u201d #AQUIESTOY.<\/p>\n","protected":false},"author":5,"featured_media":407472,"comment_status":"open","ping_status":"open","sticky":false,"template":"","format":"standard","meta":{"_monsterinsights_skip_tracking":false,"_monsterinsights_sitenote_active":false,"_monsterinsights_sitenote_note":"","_monsterinsights_sitenote_category":0,"footnotes":""},"categories":[5],"tags":[81117,81116,43675,452],"class_list":["post-407471","post","type-post","status-publish","format-standard","has-post-thumbnail","hentry","category-estado-de-mexico","tag-aquiestoy-en-edomex","tag-cultura-a-la-campana-corazon-azul","tag-estado-de-mexico","tag-toluca"],"_links":{"self":[{"href":"https:\/\/www.diarioimagen.net\/index.php?rest_route=\/wp\/v2\/posts\/407471","targetHints":{"allow":["GET"]}}],"collection":[{"href":"https:\/\/www.diarioimagen.net\/index.php?rest_route=\/wp\/v2\/posts"}],"about":[{"href":"https:\/\/www.diarioimagen.net\/index.php?rest_route=\/wp\/v2\/types\/post"}],"author":[{"embeddable":true,"href":"https:\/\/www.diarioimagen.net\/index.php?rest_route=\/wp\/v2\/users\/5"}],"replies":[{"embeddable":true,"href":"https:\/\/www.diarioimagen.net\/index.php?rest_route=%2Fwp%2Fv2%2Fcomments&post=407471"}],"version-history":[{"count":0,"href":"https:\/\/www.diarioimagen.net\/index.php?rest_route=\/wp\/v2\/posts\/407471\/revisions"}],"wp:featuredmedia":[{"embeddable":true,"href":"https:\/\/www.diarioimagen.net\/index.php?rest_route=\/wp\/v2\/media\/407472"}],"wp:attachment":[{"href":"https:\/\/www.diarioimagen.net\/index.php?rest_route=%2Fwp%2Fv2%2Fmedia&parent=407471"}],"wp:term":[{"taxonomy":"category","embeddable":true,"href":"https:\/\/www.diarioimagen.net\/index.php?rest_route=%2Fwp%2Fv2%2Fcategories&post=407471"},{"taxonomy":"post_tag","embeddable":true,"href":"https:\/\/www.diarioimagen.net\/index.php?rest_route=%2Fwp%2Fv2%2Ftags&post=407471"}],"curies":[{"name":"wp","href":"https:\/\/api.w.org\/{rel}","templated":true}]}}