{"id":407477,"date":"2018-12-14T00:05:32","date_gmt":"2018-12-14T06:05:32","guid":{"rendered":"https:\/\/www.diarioimagen.net\/?p=407477"},"modified":"2018-12-17T00:23:23","modified_gmt":"2018-12-17T06:23:23","slug":"se-colocara-este-domingo-primera-piedra-del-tren-maya","status":"publish","type":"post","link":"https:\/\/www.diarioimagen.net\/?p=407477","title":{"rendered":"Se colocar\u00e1 este domingo primera piedra del Tren Maya"},"content":{"rendered":"<ul>\n<li><em><strong>Obra insignia de la actual administraci\u00f3n<\/strong><\/em><\/li>\n<li><em><strong>Garantizados los recursos por 150 mil mdp para su construcci\u00f3n, dice Fonatur<\/strong><\/em><\/li>\n<\/ul>\n<p>&nbsp;<\/p>\n<p>&nbsp;<\/p>\n<div id=\"attachment_407478\" style=\"width: 470px\" class=\"wp-caption aligncenter\"><img loading=\"lazy\" decoding=\"async\" aria-describedby=\"caption-attachment-407478\" class=\"wp-image-407478 size-large\" src=\"https:\/\/www.diarioimagen.net\/wp-content\/uploads\/2018\/12\/TREN14-portal-460x268.jpg\" alt=\"\" width=\"460\" height=\"268\" srcset=\"https:\/\/www.diarioimagen.net\/wp-content\/uploads\/2018\/12\/TREN14-portal-460x268.jpg 460w, https:\/\/www.diarioimagen.net\/wp-content\/uploads\/2018\/12\/TREN14-portal-240x140.jpg 240w, https:\/\/www.diarioimagen.net\/wp-content\/uploads\/2018\/12\/TREN14-portal.jpg 480w\" sizes=\"auto, (max-width: 460px) 100vw, 460px\" \/><p id=\"caption-attachment-407478\" class=\"wp-caption-text\">En Palenque, Chiapas, se colocar\u00e1 la primera piedra de la obra insignia en materia tur\u00edstica de la administraci\u00f3n.<\/p><\/div>\n<p>&nbsp;<\/p>\n<p>&nbsp;<\/p>\n<p>Este domingo, en Palenque, Chiapas, se colocar\u00e1 la primera piedra de la obra insignia en materia tur\u00edstica de la actual administraci\u00f3n: el Tren Maya, afirm\u00f3 el director Jur\u00eddico del Fondo Nacional de Fomento al Turismo (Fonatur), Alejandro Varela.<\/p>\n<p>Se\u00f1al\u00f3 que de ah\u00ed siguen los trabajos, algunos propiamente en el \u00e1rea y otros que se llaman obras inducidas, toda vez que para hacer un tren no es s\u00f3lo una v\u00eda, sino que hay varias obras, indic\u00f3. \u201cTambi\u00e9n contin\u00faan las licitaciones, y muchos estudios, pues donde no hay v\u00eda est\u00e1n obligados a realizar m\u00e1s estudios, como aquellos de topograf\u00eda, mec\u00e1nica de suelos, geof\u00edsica, pero sobre todo ambientales\u201d, coment\u00f3 durante la presentaci\u00f3n del nuevo y exclusivo hotel Ritz-Carlton Reserve Riviera Nayarit, por parte de Thor Urbana, empresa mexicana en inversi\u00f3n y desarrollo inmobiliario, en conjunto con GFA, Marriott y Mota-Engil Turismo.<\/p>\n<p>Destac\u00f3 que el presidente Andr\u00e9s Manuel L\u00f3pez Obrador dar\u00e1 a conocer en Palenque el calendario de las primeras licitaciones para esta obra de infraestructura, que tendr\u00e1 un recorrido de mil 500 kil\u00f3metros, de Palenque a Canc\u00fan, y conectar\u00e1 a los estados de Chiapas, Tabasco, Campeche, Yucat\u00e1n y Quintana Roo.<\/p>\n<p>El presupuesto para la construcci\u00f3n del Tren Maya saldr\u00e1 del Fonatur, organismo que se encargar\u00e1 de la obra, y asegur\u00f3 que los recursos est\u00e1n garantizados para que el proyecto se concluya. \u201cEl presupuesto federal que se va a comprometer durante la ejecuci\u00f3n del Tren Maya es de alrededor de 80 mil millones de pesos y tendremos que salir por los inversionistas privados para que pongan el resto; en total, la infraestructura se tiene un c\u00e1lculo preliminar de 150 mil millones de pesos para la v\u00eda\u201d, explic\u00f3. \u201cEl Tren Maya debe estar en operaci\u00f3n en un plazo m\u00e1ximo de cinco a\u00f1os y si nos apuramos en cuatro a\u00f1os y medio\u201d, asever\u00f3 el funcionario.<\/p>\n<p style=\"text-align: center;\"><strong>AMLO pedir\u00e1 a la Madre Tierra por construcci\u00f3n <\/strong><\/p>\n<p>El gobierno de M\u00e9xico y los gobiernos de los estados por los que correr\u00e1 el Tren Maya llevar\u00e1n a cabo este domingo el \u201cRitual de los Pueblos Originarios a la Madre Tierra para anuencia del Tren Maya\u201d.<\/p>\n<p>Se trata de una ceremonia en la que representantes de los 12 pueblos originarios de Chiapas pedir\u00e1n consentimiento a la Madre Tierra, en la antigua pista a\u00e9rea en Palenque, con la presencia del Presidente. Tambi\u00e9n se llevar\u00e1 a cabo de manera simult\u00e1nea en Edzn\u00e1 y Bec\u00e1n, Campeche; Chich\u00e9n Itz\u00e1, Yucat\u00e1n; Tenosique, Tabasco, y Tulum, Quintana Roo. El Tren Maya es un proyecto integral de infraestructura y desarrollo del sureste, cuya prioridad es el bienestar de las comunidades y pueblos originarios.<\/p>\n<p>A partir del 17 de diciembre se iniciar\u00e1n los trabajos de rehabilitaci\u00f3n de las v\u00edas f\u00e9rreas existentes de Palenque a Valladolid, pasando por Campeche y M\u00e9rida. El proyecto se encargar\u00e1 del ordenamiento territorial, la inclusi\u00f3n social, el cuidado del ambiente, el desarrollo econ\u00f3mico y el fomento de la cultura, mediante la redistribuci\u00f3n de flujos tur\u00edsticos y de personas.<\/p>\n<p>El tren recorrer\u00e1 alrededor de mil 500 kil\u00f3metros y contar\u00e1 inicialmente con 15 estaciones distribuidas en cinco estados: Chiapas, Tabasco, Campeche, Yucat\u00e1n y Quintana Roo.<\/p>\n<p>Tambi\u00e9n es considerado un proyecto incluyente y sustentable que proteger\u00e1 los recursos naturales, al igual que el patrimonio hist\u00f3rico y cultural de los pueblos originarios.<\/p>\n<p>De acuerdo con el proyecto, para minimizar el impacto ambiental y social, se utilizar\u00e1n derechos de v\u00eda existentes: v\u00edas f\u00e9rreas, carreteras o l\u00edneas de transmisi\u00f3n de alta tensi\u00f3n de CFE.<\/p>\n<p style=\"text-align: center;\"><strong>Viajar\u00e1 AMLO a Palenque este domingo<\/strong><\/p>\n<p>L\u00f3pez Obrador adelant\u00f3 ayer lo que ser\u00e1 su agenda de trabajo para este fin de semana, cuando nuevamente visite el sureste del pa\u00eds.<\/p>\n<p>El mandatario se\u00f1al\u00f3 en conferencia de prensa que el pr\u00f3ximo viernes viajar\u00e1 a la ciudad de M\u00e9rida, en Yucat\u00e1n, donde presentar\u00e1 el plan en materia de salud que seguir\u00e1 durante su administraci\u00f3n.<\/p>\n<p>El s\u00e1bado, el presidente se trasladar\u00e1 a Ciudad del Carmen, en Campeche, para dar a conocer un plan de producci\u00f3n petrolera, en el contexto de un ambicioso programa para reactivar a Petr\u00f3leos Mexicanos e incrementar la soberan\u00eda energ\u00e9tica del pa\u00eds.<\/p>\n<p>Finalmente, el domingo acudir\u00e1 a Palenque, en Chiapas, para atestiguar el inicio de las obras del Tren Maya, que recorrer\u00e1 cinco estados del sureste del pa\u00eds (Campeche, Chiapas, Quintana Roo, Tabasco y Yucat\u00e1n) y ser\u00e1 uno de los proyectos de infraestructura m\u00e1s importantes de la actual administraci\u00f3n, junto con las dos nuevas refiner\u00edas y el Aeropuerto Internacional de Santa Luc\u00eda.<\/p>\n","protected":false},"excerpt":{"rendered":"<p>Este domingo, en Palenque, Chiapas, se colocar\u00e1 la primera piedra de la obra insignia en materia tur\u00edstica de la actual administraci\u00f3n: el Tren Maya, afirm\u00f3 el director Jur\u00eddico del Fondo Nacional de Fomento al Turismo (Fonatur), Alejandro Varela.<\/p>\n","protected":false},"author":5,"featured_media":407478,"comment_status":"open","ping_status":"open","sticky":false,"template":"","format":"standard","meta":{"_monsterinsights_skip_tracking":false,"_monsterinsights_sitenote_active":false,"_monsterinsights_sitenote_note":"","_monsterinsights_sitenote_category":0,"footnotes":""},"categories":[3],"tags":[2545,1352,81121,5520,43673,76415],"class_list":["post-407477","post","type-post","status-publish","format-standard","has-post-thumbnail","hentry","category-nacional","tag-amlo","tag-andres-manuel-lopez-obrador","tag-domingo-primera-piedra","tag-fonatur","tag-nacional","tag-tren-maya"],"_links":{"self":[{"href":"https:\/\/www.diarioimagen.net\/index.php?rest_route=\/wp\/v2\/posts\/407477","targetHints":{"allow":["GET"]}}],"collection":[{"href":"https:\/\/www.diarioimagen.net\/index.php?rest_route=\/wp\/v2\/posts"}],"about":[{"href":"https:\/\/www.diarioimagen.net\/index.php?rest_route=\/wp\/v2\/types\/post"}],"author":[{"embeddable":true,"href":"https:\/\/www.diarioimagen.net\/index.php?rest_route=\/wp\/v2\/users\/5"}],"replies":[{"embeddable":true,"href":"https:\/\/www.diarioimagen.net\/index.php?rest_route=%2Fwp%2Fv2%2Fcomments&post=407477"}],"version-history":[{"count":0,"href":"https:\/\/www.diarioimagen.net\/index.php?rest_route=\/wp\/v2\/posts\/407477\/revisions"}],"wp:featuredmedia":[{"embeddable":true,"href":"https:\/\/www.diarioimagen.net\/index.php?rest_route=\/wp\/v2\/media\/407478"}],"wp:attachment":[{"href":"https:\/\/www.diarioimagen.net\/index.php?rest_route=%2Fwp%2Fv2%2Fmedia&parent=407477"}],"wp:term":[{"taxonomy":"category","embeddable":true,"href":"https:\/\/www.diarioimagen.net\/index.php?rest_route=%2Fwp%2Fv2%2Fcategories&post=407477"},{"taxonomy":"post_tag","embeddable":true,"href":"https:\/\/www.diarioimagen.net\/index.php?rest_route=%2Fwp%2Fv2%2Ftags&post=407477"}],"curies":[{"name":"wp","href":"https:\/\/api.w.org\/{rel}","templated":true}]}}