{"id":407480,"date":"2018-12-14T00:06:54","date_gmt":"2018-12-14T06:06:54","guid":{"rendered":"https:\/\/www.diarioimagen.net\/?p=407480"},"modified":"2018-12-17T00:23:29","modified_gmt":"2018-12-17T06:23:29","slug":"nada-por-la-fuerza-todo-por-la-razon-y-el-derecho-presidente-de-la-scjn","status":"publish","type":"post","link":"https:\/\/www.diarioimagen.net\/?p=407480","title":{"rendered":"Nada por la fuerza: presidente de la SCJN ante L\u00f3pez Obrador"},"content":{"rendered":"<ul>\n<li><em><strong>Rinde su cuarto y \u00faltimo informe de labores<\/strong><\/em><\/li>\n<li><em><strong>\u201cIndependencia de los jueces no es una prerrogativa ni privilegio\u201d<\/strong><\/em><\/li>\n<\/ul>\n<p>&nbsp;<\/p>\n<div id=\"attachment_407481\" style=\"width: 470px\" class=\"wp-caption aligncenter\"><img loading=\"lazy\" decoding=\"async\" aria-describedby=\"caption-attachment-407481\" class=\"wp-image-407481 size-large\" src=\"https:\/\/www.diarioimagen.net\/wp-content\/uploads\/2018\/12\/SCJN14-portal-460x268.jpg\" alt=\"\" width=\"460\" height=\"268\" srcset=\"https:\/\/www.diarioimagen.net\/wp-content\/uploads\/2018\/12\/SCJN14-portal-460x268.jpg 460w, https:\/\/www.diarioimagen.net\/wp-content\/uploads\/2018\/12\/SCJN14-portal-240x140.jpg 240w, https:\/\/www.diarioimagen.net\/wp-content\/uploads\/2018\/12\/SCJN14-portal.jpg 480w\" sizes=\"auto, (max-width: 460px) 100vw, 460px\" \/><p id=\"caption-attachment-407481\" class=\"wp-caption-text\">El presidente de la SCJN, Luis Mar\u00eda Aguilar, rindi\u00f3 su cuarto y \u00faltimo informe de labores en presencia del Ejecutivo federal, Andr\u00e9s Manuel L\u00f3pez Obrador.<\/p><\/div>\n<p>&nbsp;<\/p>\n<p>El presidente de la Suprema Corte de Justicia de la Naci\u00f3n (SCJN), Luis Mar\u00eda Aguilar Morales, llam\u00f3 a los poderes Ejecutivo y Legislativo a trabajar articulados y en armon\u00eda en beneficio del pueblo y para lograr un M\u00e9xico m\u00e1s fuerte, democr\u00e1tico, libre sin corrupci\u00f3n y sin simulaci\u00f3n.<\/p>\n<p>Ante al presidente Andr\u00e9s Manuel L\u00f3pez Obrador, los l\u00edderes del Senado, Mart\u00ed Batres, y de la C\u00e1mara de Diputados, Porfirio Mu\u00f1oz Ledo, as\u00ed como ministros, magistrados e invitados, consider\u00f3 que los tres poderes de la Uni\u00f3n deben trabajar por un M\u00e9xico mejor.<\/p>\n<p>Durante un mensaje que dur\u00f3 poco m\u00e1s de una hora, el ministro presidente tuvo que hacer un breve receso para sentarse y continuar su discurso, en el que asegur\u00f3 que los juzgadores del pa\u00eds trabajan estrechamente unidos y en comunicaci\u00f3n permanente.<\/p>\n<p>Respecto a la presencia del Presidente de la Rep\u00fablica en la sesi\u00f3n solemne en la que rindi\u00f3 su cuarto y \u00faltimo informe anual de labores, dijo que ello es expresi\u00f3n de la normalidad democr\u00e1tica con la que \u201cestamos obligados a conducirnos los representantes de las instituciones del Estado\u201d.<\/p>\n<p>Tambi\u00e9n resalt\u00f3 que \u201cen estos momentos en los que el pa\u00eds se plantea construir los caminos para la paz, equidad y prosperidad, es menester fortalecer a las instituciones que imparten justicia, ya que lo que mantiene la regularidad de la Rep\u00fablica es el derecho y el respeto\u201d.<\/p>\n<p>En su discurso, Aguilar Morales resalt\u00f3 que \u201cquienes integramos el Poder Judicial de la Federaci\u00f3n no somos ajenos a la demanda ciudadana de un mejor servicio p\u00fablico, m\u00e1s eficiente, pero sobre todo honesto y transparente\u201d.<\/p>\n<p>Asimismo, se\u00f1al\u00f3 que el requisito de la independencia e imparcialidad de los jueces no es una prerrogativa ni privilegio que se les reconozca en su propio beneficio, sino que se justifica por la necesidad de que puedan ejercer su funci\u00f3n de guardianes del estado de Derecho.<\/p>\n<p>De ah\u00ed que, agreg\u00f3, \u201cqueremos trabajar en conjunto por un M\u00e9xico mejor, resolviendo las controversias conforme a las leyes que expide el Congreso de la Uni\u00f3n acordes con la Constituci\u00f3n\u201d.<\/p>\n<p>En este marco, exhort\u00f3 al presidente de la Rep\u00fablica y a los legisladores a hacer realidad \u201cel anhelo de los pr\u00f3ceres constitucionalistas de nuestra patria para ser grandes, justos y respetados entre los dem\u00e1s pueblos de la tierra. Nada ni nadie por encima de la Constituci\u00f3n\u201d, expres\u00f3.<\/p>\n<p>Aguilar Morales afirm\u00f3 que la selecci\u00f3n de jueces se rige por rigurosos ex\u00e1menes de oposici\u00f3n y no por compadrazgos, y que en el caso del robo, filtraci\u00f3n y venta del examen para juez de Distrito para el Vig\u00e9simo Octavo concurso de oposici\u00f3n se actu\u00f3 de inmediato. \u201cSi, en un momento determinado, hubo alguna desviaci\u00f3n en ello, inmediatamente que fue detectada, se tomaron medidas estrictas y contundentes, as\u00ed como el inicio de procedimientos de investigaci\u00f3n y de responsabilidad para sancionar a los malos servidores, a m\u00e1s de separarlos de sus cargos cuanto antes.<\/p>\n<p>\u201cDe esto se ha informado a los Plenos del Consejo como de la Corte. Pero sin que ese evento aislado pueda considerarse como una problem\u00e1tica general en el sistema de selecci\u00f3n de juzgadores. Es m\u00e1s, ese concurso ya no produzco resultado alguno, porque el Consejo de la Judicatura lo cancel\u00f3 de inmediato\u201d, dijo.<\/p>\n","protected":false},"excerpt":{"rendered":"<p>El presidente de la Suprema Corte de Justicia de la Naci\u00f3n (SCJN), Luis Mar\u00eda Aguilar Morales, llam\u00f3 a los poderes Ejecutivo y Legislativo a trabajar articulados y en armon\u00eda en beneficio del pueblo y para lograr un M\u00e9xico m\u00e1s fuerte, democr\u00e1tico, libre sin corrupci\u00f3n y sin simulaci\u00f3n.<\/p>\n","protected":false},"author":5,"featured_media":407481,"comment_status":"open","ping_status":"open","sticky":false,"template":"","format":"standard","meta":{"_monsterinsights_skip_tracking":false,"_monsterinsights_sitenote_active":false,"_monsterinsights_sitenote_note":"","_monsterinsights_sitenote_category":0,"footnotes":""},"categories":[3],"tags":[2545,98,65999,81123,77652,43673,6409,81122,2852,1409,1584],"class_list":["post-407480","post","type-post","status-publish","format-standard","has-post-thumbnail","hentry","category-nacional","tag-amlo","tag-camara-de-diputados","tag-fuerza","tag-luis-maria-aguilar","tag-marti-batres","tag-nacional","tag-porfirio-munoz-ledo","tag-presidente-de-la-scjn","tag-scjn","tag-senado","tag-suprema-corte-de-justicia-de-la-nacion"],"_links":{"self":[{"href":"https:\/\/www.diarioimagen.net\/index.php?rest_route=\/wp\/v2\/posts\/407480","targetHints":{"allow":["GET"]}}],"collection":[{"href":"https:\/\/www.diarioimagen.net\/index.php?rest_route=\/wp\/v2\/posts"}],"about":[{"href":"https:\/\/www.diarioimagen.net\/index.php?rest_route=\/wp\/v2\/types\/post"}],"author":[{"embeddable":true,"href":"https:\/\/www.diarioimagen.net\/index.php?rest_route=\/wp\/v2\/users\/5"}],"replies":[{"embeddable":true,"href":"https:\/\/www.diarioimagen.net\/index.php?rest_route=%2Fwp%2Fv2%2Fcomments&post=407480"}],"version-history":[{"count":0,"href":"https:\/\/www.diarioimagen.net\/index.php?rest_route=\/wp\/v2\/posts\/407480\/revisions"}],"wp:featuredmedia":[{"embeddable":true,"href":"https:\/\/www.diarioimagen.net\/index.php?rest_route=\/wp\/v2\/media\/407481"}],"wp:attachment":[{"href":"https:\/\/www.diarioimagen.net\/index.php?rest_route=%2Fwp%2Fv2%2Fmedia&parent=407480"}],"wp:term":[{"taxonomy":"category","embeddable":true,"href":"https:\/\/www.diarioimagen.net\/index.php?rest_route=%2Fwp%2Fv2%2Fcategories&post=407480"},{"taxonomy":"post_tag","embeddable":true,"href":"https:\/\/www.diarioimagen.net\/index.php?rest_route=%2Fwp%2Fv2%2Ftags&post=407480"}],"curies":[{"name":"wp","href":"https:\/\/api.w.org\/{rel}","templated":true}]}}