{"id":407528,"date":"2018-12-14T00:05:52","date_gmt":"2018-12-14T06:05:52","guid":{"rendered":"https:\/\/www.diarioimagen.net\/?p=407528"},"modified":"2018-12-14T07:09:46","modified_gmt":"2018-12-14T13:09:46","slug":"alumnos-de-la-uaem-estudiaran-parto-prematuro","status":"publish","type":"post","link":"https:\/\/www.diarioimagen.net\/?p=407528","title":{"rendered":"Alumnos de la UAEM estudiar\u00e1n parto prematuro"},"content":{"rendered":"<ul>\n<li><strong><em>Realizar\u00e1n registros fisiol\u00f3gicos de aproximadamente 100 embarazadas<\/em><\/strong><\/li>\n<\/ul>\n<p>&nbsp;<\/p>\n<div id=\"attachment_407668\" style=\"width: 470px\" class=\"wp-caption aligncenter\"><a href=\"https:\/\/www.diarioimagen.net\/?attachment_id=407668\" rel=\"attachment wp-att-407668\"><img loading=\"lazy\" decoding=\"async\" aria-describedby=\"caption-attachment-407668\" class=\"size-large wp-image-407668\" src=\"https:\/\/www.diarioimagen.net\/wp-content\/uploads\/2018\/12\/UAEM-14-460x259.jpg\" alt=\"\" width=\"460\" height=\"259\" srcset=\"https:\/\/www.diarioimagen.net\/wp-content\/uploads\/2018\/12\/UAEM-14-460x259.jpg 460w, https:\/\/www.diarioimagen.net\/wp-content\/uploads\/2018\/12\/UAEM-14-240x135.jpg 240w, https:\/\/www.diarioimagen.net\/wp-content\/uploads\/2018\/12\/UAEM-14-235x132.jpg 235w, https:\/\/www.diarioimagen.net\/wp-content\/uploads\/2018\/12\/UAEM-14-202x114.jpg 202w, https:\/\/www.diarioimagen.net\/wp-content\/uploads\/2018\/12\/UAEM-14-350x196.jpg 350w, https:\/\/www.diarioimagen.net\/wp-content\/uploads\/2018\/12\/UAEM-14-220x123.jpg 220w, https:\/\/www.diarioimagen.net\/wp-content\/uploads\/2018\/12\/UAEM-14-237x132.jpg 237w, https:\/\/www.diarioimagen.net\/wp-content\/uploads\/2018\/12\/UAEM-14.jpg 480w\" sizes=\"auto, (max-width: 460px) 100vw, 460px\" \/><\/a><p id=\"caption-attachment-407668\" class=\"wp-caption-text\">El investigador de la Facultad de Medicina de la UAEM, Jos\u00e9 Javier Reyes Lagos, detall\u00f3 que analizar\u00e1n modificaciones cardiacas y actividad uterina, a fin de obtener indicadores de bienestar materno infantil.<\/p><\/div>\n<p>&nbsp;<\/p>\n<p><strong>Toluca, Estado de M\u00e9xico<\/strong>.\u2013 Para analizar el parto prematuro, cuya incidencia en el pa\u00eds es de aproximadamente 30 por ciento, profesores y alumnos de la Universidad Aut\u00f3noma del Estado de M\u00e9xico realizar\u00e1n registros fisiol\u00f3gicos de aproximadamente 100 mujeres embarazadas que acuden al Hospital Materno Perinatal \u201cM\u00f3nica Pretelini S\u00e1enz\u201d de la ciudad de Toluca.<\/p>\n<p>El investigador de la Facultad de Medicina de la UAEM, Jos\u00e9 Javier Reyes Lagos, detall\u00f3 que mediante el uso de electrodos superficiales analizar\u00e1n modificaciones cardiacas y actividad uterina, a fin de obtener indicadores de bienestar materno infantil y, a largo plazo, ayudar a prevenir esta condici\u00f3n, que es un problema de salud p\u00fablica.<\/p>\n<p>El especialista en bioingenier\u00eda m\u00e9dica indic\u00f3 que la labor de parto antes de la semana 37 de gestaci\u00f3n produce m\u00faltiples problemas de salud, pues el feto a\u00fan no termina de desarrollarse, por lo que, como se ha demostrado, los reci\u00e9n nacidos presentan problemas de neurodesarrollo.<\/p>\n<p>Por otra parte, el egresado de la Licenciatura en Bioingenier\u00eda M\u00e9dica de la Facultad de Medicina de la UAEM, Jorge Escalante Gayt\u00e1n, realiz\u00f3 una investigaci\u00f3n respecto a las mujeres en t\u00e9rmino de parto, con el objetivo de contar con un par\u00e1metro de se\u00f1ales fisiol\u00f3gicas, medidas antropom\u00e9tricas como talla y peso y valores de sangre.<\/p>\n<p>Este trabajo, publicado en la revista cient\u00edfica Advances in Neuroimmune Biology de los pa\u00edses bajos, demuestra que las mujeres con mayor peso corporal presentan irregularidades durante las contracciones uterinas, lo que es un factor determinante para la realizaci\u00f3n de una ces\u00e1rea, intervenci\u00f3n quir\u00fargica que no recomienda la Organizaci\u00f3n Mundial de la Salud (OMS).<\/p>\n","protected":false},"excerpt":{"rendered":"<p>Para analizar el parto prematuro, cuya incidencia en el pa\u00eds es de aproximadamente 30 por ciento, profesores y alumnos de la Universidad Aut\u00f3noma del Estado de M\u00e9xico realizar\u00e1n registros fisiol\u00f3gicos de aproximadamente 100 mujeres embarazadas que acuden al Hospital Materno Perinatal \u201cM\u00f3nica Pretelini S\u00e1enz\u201d de la ciudad de Toluca.<\/p>\n","protected":false},"author":3,"featured_media":407668,"comment_status":"open","ping_status":"open","sticky":false,"template":"","format":"standard","meta":{"_monsterinsights_skip_tracking":false,"_monsterinsights_sitenote_active":false,"_monsterinsights_sitenote_note":"","_monsterinsights_sitenote_category":0,"footnotes":""},"categories":[35155],"tags":[19577,43675,452,1491],"class_list":["post-407528","post","type-post","status-publish","format-standard","has-post-thumbnail","hentry","category-estado-de-mexico-estado-de-mexico","tag-alumnos","tag-estado-de-mexico","tag-toluca","tag-uaem"],"_links":{"self":[{"href":"https:\/\/www.diarioimagen.net\/index.php?rest_route=\/wp\/v2\/posts\/407528","targetHints":{"allow":["GET"]}}],"collection":[{"href":"https:\/\/www.diarioimagen.net\/index.php?rest_route=\/wp\/v2\/posts"}],"about":[{"href":"https:\/\/www.diarioimagen.net\/index.php?rest_route=\/wp\/v2\/types\/post"}],"author":[{"embeddable":true,"href":"https:\/\/www.diarioimagen.net\/index.php?rest_route=\/wp\/v2\/users\/3"}],"replies":[{"embeddable":true,"href":"https:\/\/www.diarioimagen.net\/index.php?rest_route=%2Fwp%2Fv2%2Fcomments&post=407528"}],"version-history":[{"count":0,"href":"https:\/\/www.diarioimagen.net\/index.php?rest_route=\/wp\/v2\/posts\/407528\/revisions"}],"wp:featuredmedia":[{"embeddable":true,"href":"https:\/\/www.diarioimagen.net\/index.php?rest_route=\/wp\/v2\/media\/407668"}],"wp:attachment":[{"href":"https:\/\/www.diarioimagen.net\/index.php?rest_route=%2Fwp%2Fv2%2Fmedia&parent=407528"}],"wp:term":[{"taxonomy":"category","embeddable":true,"href":"https:\/\/www.diarioimagen.net\/index.php?rest_route=%2Fwp%2Fv2%2Fcategories&post=407528"},{"taxonomy":"post_tag","embeddable":true,"href":"https:\/\/www.diarioimagen.net\/index.php?rest_route=%2Fwp%2Fv2%2Ftags&post=407528"}],"curies":[{"name":"wp","href":"https:\/\/api.w.org\/{rel}","templated":true}]}}