{"id":407531,"date":"2018-12-14T00:04:22","date_gmt":"2018-12-14T06:04:22","guid":{"rendered":"https:\/\/www.diarioimagen.net\/?p=407531"},"modified":"2018-12-14T07:19:29","modified_gmt":"2018-12-14T13:19:29","slug":"senalan-a-policias-por-el-homicidio-de-estudiante-en-edomex","status":"publish","type":"post","link":"https:\/\/www.diarioimagen.net\/?p=407531","title":{"rendered":"Se\u00f1alan a polic\u00edas por el homicidio de estudiante en Edomex"},"content":{"rendered":"<p><a href=\"https:\/\/www.diarioimagen.net\/?attachment_id=407671\" rel=\"attachment wp-att-407671\"><img loading=\"lazy\" decoding=\"async\" class=\"aligncenter size-large wp-image-407671\" src=\"https:\/\/www.diarioimagen.net\/wp-content\/uploads\/2018\/12\/ESTUDIANTE14-460x283.jpg\" alt=\"\" width=\"460\" height=\"283\" srcset=\"https:\/\/www.diarioimagen.net\/wp-content\/uploads\/2018\/12\/ESTUDIANTE14-460x283.jpg 460w, https:\/\/www.diarioimagen.net\/wp-content\/uploads\/2018\/12\/ESTUDIANTE14-240x147.jpg 240w, https:\/\/www.diarioimagen.net\/wp-content\/uploads\/2018\/12\/ESTUDIANTE14.jpg 700w\" sizes=\"auto, (max-width: 460px) 100vw, 460px\" \/><\/a><\/p>\n<p>&nbsp;<\/p>\n<p>Profesores y alumnos del Instituto Tecnol\u00f3gico de Tlalnepantla (Ittla) se manifestaron frente al plantel educativo, ubicado en la colonia Los Reyes Iztacala, para exigir mayor seguridad y castigo a los responsables del homicidio del estudiante Alan Fernando, supuestamente detenido por polic\u00edas en Cuautitl\u00e1n Izcalli y cuyo cuerpo fue encontrado al d\u00eda siguiente en ese mismo municipio.<\/p>\n<p>Alan Fernando fue sepultado la tarde de ayer en Coyotepec, cuyo cuerpo fue localizado la madrugada del 8 de diciembre en carriles laterales de la autopista M\u00e9xico-Quer\u00e9taro, a la altura del kil\u00f3metro 38, direcci\u00f3n a la Ciudad de M\u00e9xico.<\/p>\n","protected":false},"excerpt":{"rendered":"<p>Profesores y alumnos del Instituto Tecnol\u00f3gico de Tlalnepantla (Ittla) se manifestaron frente al plantel educativo, ubicado en la colonia Los Reyes Iztacala, para exigir mayor seguridad y castigo a los responsables del homicidio del estudiante Alan Fernando, supuestamente detenido por polic\u00edas en Cuautitl\u00e1n Izcalli y cuyo cuerpo fue encontrado al d\u00eda siguiente en ese mismo municipio.<\/p>\n","protected":false},"author":3,"featured_media":407671,"comment_status":"open","ping_status":"open","sticky":false,"template":"","format":"standard","meta":{"_monsterinsights_skip_tracking":false,"_monsterinsights_sitenote_active":false,"_monsterinsights_sitenote_note":"","_monsterinsights_sitenote_category":0,"footnotes":""},"categories":[35155],"tags":[4760,43675,66631],"class_list":["post-407531","post","type-post","status-publish","format-standard","has-post-thumbnail","hentry","category-estado-de-mexico-estado-de-mexico","tag-asesinato","tag-estado-de-mexico","tag-estudiante"],"_links":{"self":[{"href":"https:\/\/www.diarioimagen.net\/index.php?rest_route=\/wp\/v2\/posts\/407531","targetHints":{"allow":["GET"]}}],"collection":[{"href":"https:\/\/www.diarioimagen.net\/index.php?rest_route=\/wp\/v2\/posts"}],"about":[{"href":"https:\/\/www.diarioimagen.net\/index.php?rest_route=\/wp\/v2\/types\/post"}],"author":[{"embeddable":true,"href":"https:\/\/www.diarioimagen.net\/index.php?rest_route=\/wp\/v2\/users\/3"}],"replies":[{"embeddable":true,"href":"https:\/\/www.diarioimagen.net\/index.php?rest_route=%2Fwp%2Fv2%2Fcomments&post=407531"}],"version-history":[{"count":0,"href":"https:\/\/www.diarioimagen.net\/index.php?rest_route=\/wp\/v2\/posts\/407531\/revisions"}],"wp:featuredmedia":[{"embeddable":true,"href":"https:\/\/www.diarioimagen.net\/index.php?rest_route=\/wp\/v2\/media\/407671"}],"wp:attachment":[{"href":"https:\/\/www.diarioimagen.net\/index.php?rest_route=%2Fwp%2Fv2%2Fmedia&parent=407531"}],"wp:term":[{"taxonomy":"category","embeddable":true,"href":"https:\/\/www.diarioimagen.net\/index.php?rest_route=%2Fwp%2Fv2%2Fcategories&post=407531"},{"taxonomy":"post_tag","embeddable":true,"href":"https:\/\/www.diarioimagen.net\/index.php?rest_route=%2Fwp%2Fv2%2Ftags&post=407531"}],"curies":[{"name":"wp","href":"https:\/\/api.w.org\/{rel}","templated":true}]}}