{"id":407546,"date":"2018-12-14T00:08:04","date_gmt":"2018-12-14T06:08:04","guid":{"rendered":"https:\/\/www.diarioimagen.net\/?p=407546"},"modified":"2018-12-14T07:06:38","modified_gmt":"2018-12-14T13:06:38","slug":"adan-barron-inaugura-modulos-sanitarios-en-primaria-sor-juana","status":"publish","type":"post","link":"https:\/\/www.diarioimagen.net\/?p=407546","title":{"rendered":"Ad\u00e1n Barr\u00f3n inaugura m\u00f3dulos sanitarios en primaria Sor Juana"},"content":{"rendered":"<ul>\n<li><strong><em>En su mandato, la educaci\u00f3n es primero<\/em><\/strong><\/li>\n<\/ul>\n<p>&nbsp;<\/p>\n<div id=\"attachment_407660\" style=\"width: 470px\" class=\"wp-caption aligncenter\"><a href=\"https:\/\/www.diarioimagen.net\/?attachment_id=407660\" rel=\"attachment wp-att-407660\"><img loading=\"lazy\" decoding=\"async\" aria-describedby=\"caption-attachment-407660\" class=\"size-large wp-image-407660\" src=\"https:\/\/www.diarioimagen.net\/wp-content\/uploads\/2018\/12\/TULTITLAN-14-460x259.jpg\" alt=\"\" width=\"460\" height=\"259\" srcset=\"https:\/\/www.diarioimagen.net\/wp-content\/uploads\/2018\/12\/TULTITLAN-14-460x259.jpg 460w, https:\/\/www.diarioimagen.net\/wp-content\/uploads\/2018\/12\/TULTITLAN-14-240x135.jpg 240w, https:\/\/www.diarioimagen.net\/wp-content\/uploads\/2018\/12\/TULTITLAN-14-235x132.jpg 235w, https:\/\/www.diarioimagen.net\/wp-content\/uploads\/2018\/12\/TULTITLAN-14-202x114.jpg 202w, https:\/\/www.diarioimagen.net\/wp-content\/uploads\/2018\/12\/TULTITLAN-14-350x196.jpg 350w, https:\/\/www.diarioimagen.net\/wp-content\/uploads\/2018\/12\/TULTITLAN-14-220x123.jpg 220w, https:\/\/www.diarioimagen.net\/wp-content\/uploads\/2018\/12\/TULTITLAN-14-237x132.jpg 237w, https:\/\/www.diarioimagen.net\/wp-content\/uploads\/2018\/12\/TULTITLAN-14.jpg 480w\" sizes=\"auto, (max-width: 460px) 100vw, 460px\" \/><\/a><p id=\"caption-attachment-407660\" class=\"wp-caption-text\">El director el plantel educativo, Pedro Vel\u00e1zquez, agradeci\u00f3 p\u00fablicamente al edil por estar constantemente al pendiente de las faltas que tiene la escuela.<\/p><\/div>\n<p>&nbsp;<\/p>\n<p><strong>Tultitl\u00e1n, Estado de M\u00e9xico<\/strong>.- Comprometido con mejorar la educaci\u00f3n, el edil Jorge Ad\u00e1n Barr\u00f3n Elizalde, contin\u00faa beneficiando a escuelas p\u00fablicas de Tultitl\u00e1n con obras para\u00a0 mejorar la calidad de la ense\u00f1anza y ampliar la infraestructura educativa.<\/p>\n<p>Con el principal objetivo de lograr futuras generaciones, capaces de enfrentar los retos, se dio el corte de list\u00f3n del mejoramiento de m\u00f3dulos sanitarios en la escuela primaria Sor Juana In\u00e9s de la Cruz, ubicada en la Av. Quintana Roo Condominios Sustituci\u00f3n Arista.<\/p>\n<p>En representaci\u00f3n del edil, se cont\u00f3 con la presencia de Marco Antonio Garc\u00eda Z\u00fa\u00f1iga, secretario del ayuntamiento, quien coment\u00f3 \u201cgracias a la entrega de la\u00a0construcci\u00f3n del\u00a0m\u00f3dulo sanitario, se brindar\u00e1 un servicio de calidad, se mejorar\u00e1n sus condiciones de aprendizaje e impulsar\u00e1 una mejor preparaci\u00f3n escolar, tambi\u00e9n agradezco la presencia de la filarm\u00f3nica de la Secretar\u00eda de la Defensa Nacional por la interpretaci\u00f3n de las melod\u00edas\u201d.<\/p>\n<p>Precis\u00f3, que \u00e9sta es s\u00f3lo una de varias obras que fueron comprometidas por el edil durante su campa\u00f1a y ahora son una realidad, al igual que en muchos otros planteles de todo el municipio en los que se han construido salones de usos m\u00faltiples, comedores escolares, arcotechos, mejoramiento de sanitarios, etc.<\/p>\n<p>\u201cMantenemos el compromiso de mejorar las escuelas para optimizar el desempe\u00f1o de las ni\u00f1as y ni\u00f1os, es por eso que levantando la infraestructura de los planteles educativos queremos motivar a los tultitlenses del municipio en continuar con su formaci\u00f3n acad\u00e9mica\u201d recalc\u00f3 el Secretario.<\/p>\n<p>Durante el evento protocolario, el director el plantel educativo, Pedro Vel\u00e1zquez, agradeci\u00f3 p\u00fablicamente al edil por estar constantemente al pendiente de las faltas que tiene la escuela, as\u00ed mismo reconoci\u00f3 el arduo trabajo que ha venido desarrollando en favor de las ni\u00f1as y ni\u00f1os de esta escuela.<\/p>\n<p>\u201cEs que con rehabilitaci\u00f3n, mantenimiento oportuno y la construcci\u00f3n de nuevos espacios; los alumnos puedan desarrollar sus actividades cotidianas es la mejor condiciones posibles, que sean escuelas dignas, que cuenten con todo lo necesario para su operatividad\u201d coment\u00f3 el director\u00a0 del plantel.<\/p>\n<p>El Secretario Marco Antonio Garc\u00eda, procedi\u00f3 al corte de list\u00f3n y develaci\u00f3n de placa, acompa\u00f1ado de funcionarios de su gobierno, as\u00ed como representantes del comit\u00e9 de padres de familia, personal docente y alumnos con quienes celebr\u00f3 la conclusi\u00f3n de esta importante obra.<\/p>\n","protected":false},"excerpt":{"rendered":"<p>Comprometido con mejorar la educaci\u00f3n, el edil Jorge Ad\u00e1n Barr\u00f3n Elizalde, contin\u00faa beneficiando a escuelas p\u00fablicas de Tultitl\u00e1n con obras para  mejorar la calidad de la ense\u00f1anza y ampliar la infraestructura educativa.<\/p>\n","protected":false},"author":3,"featured_media":407660,"comment_status":"open","ping_status":"open","sticky":false,"template":"","format":"standard","meta":{"_monsterinsights_skip_tracking":false,"_monsterinsights_sitenote_active":false,"_monsterinsights_sitenote_note":"","_monsterinsights_sitenote_category":0,"footnotes":""},"categories":[35155],"tags":[43675,48077,67678,578],"class_list":["post-407546","post","type-post","status-publish","format-standard","has-post-thumbnail","hentry","category-estado-de-mexico-estado-de-mexico","tag-estado-de-mexico","tag-jorge-adan-barron-elizalde","tag-modulos","tag-tultitlan"],"_links":{"self":[{"href":"https:\/\/www.diarioimagen.net\/index.php?rest_route=\/wp\/v2\/posts\/407546","targetHints":{"allow":["GET"]}}],"collection":[{"href":"https:\/\/www.diarioimagen.net\/index.php?rest_route=\/wp\/v2\/posts"}],"about":[{"href":"https:\/\/www.diarioimagen.net\/index.php?rest_route=\/wp\/v2\/types\/post"}],"author":[{"embeddable":true,"href":"https:\/\/www.diarioimagen.net\/index.php?rest_route=\/wp\/v2\/users\/3"}],"replies":[{"embeddable":true,"href":"https:\/\/www.diarioimagen.net\/index.php?rest_route=%2Fwp%2Fv2%2Fcomments&post=407546"}],"version-history":[{"count":0,"href":"https:\/\/www.diarioimagen.net\/index.php?rest_route=\/wp\/v2\/posts\/407546\/revisions"}],"wp:featuredmedia":[{"embeddable":true,"href":"https:\/\/www.diarioimagen.net\/index.php?rest_route=\/wp\/v2\/media\/407660"}],"wp:attachment":[{"href":"https:\/\/www.diarioimagen.net\/index.php?rest_route=%2Fwp%2Fv2%2Fmedia&parent=407546"}],"wp:term":[{"taxonomy":"category","embeddable":true,"href":"https:\/\/www.diarioimagen.net\/index.php?rest_route=%2Fwp%2Fv2%2Fcategories&post=407546"},{"taxonomy":"post_tag","embeddable":true,"href":"https:\/\/www.diarioimagen.net\/index.php?rest_route=%2Fwp%2Fv2%2Ftags&post=407546"}],"curies":[{"name":"wp","href":"https:\/\/api.w.org\/{rel}","templated":true}]}}