{"id":407548,"date":"2018-12-14T00:07:50","date_gmt":"2018-12-14T06:07:50","guid":{"rendered":"https:\/\/www.diarioimagen.net\/?p=407548"},"modified":"2018-12-14T07:07:39","modified_gmt":"2018-12-14T13:07:39","slug":"deja-gobierno-de-david-lopez-cardenas-certeza-juridica-del-patrimonio-municipal","status":"publish","type":"post","link":"https:\/\/www.diarioimagen.net\/?p=407548","title":{"rendered":"Deja gobierno de David L\u00f3pez C\u00e1rdenas certeza jur\u00eddica del patrimonio municipal"},"content":{"rendered":"<p><a href=\"https:\/\/www.diarioimagen.net\/?attachment_id=407662\" rel=\"attachment wp-att-407662\"><img loading=\"lazy\" decoding=\"async\" class=\"aligncenter size-large wp-image-407662\" src=\"https:\/\/www.diarioimagen.net\/wp-content\/uploads\/2018\/12\/METEPEC-14-460x259.jpg\" alt=\"\" width=\"460\" height=\"259\" srcset=\"https:\/\/www.diarioimagen.net\/wp-content\/uploads\/2018\/12\/METEPEC-14-460x259.jpg 460w, https:\/\/www.diarioimagen.net\/wp-content\/uploads\/2018\/12\/METEPEC-14-240x135.jpg 240w, https:\/\/www.diarioimagen.net\/wp-content\/uploads\/2018\/12\/METEPEC-14-235x132.jpg 235w, https:\/\/www.diarioimagen.net\/wp-content\/uploads\/2018\/12\/METEPEC-14-202x114.jpg 202w, https:\/\/www.diarioimagen.net\/wp-content\/uploads\/2018\/12\/METEPEC-14-350x196.jpg 350w, https:\/\/www.diarioimagen.net\/wp-content\/uploads\/2018\/12\/METEPEC-14-220x123.jpg 220w, https:\/\/www.diarioimagen.net\/wp-content\/uploads\/2018\/12\/METEPEC-14-237x132.jpg 237w, https:\/\/www.diarioimagen.net\/wp-content\/uploads\/2018\/12\/METEPEC-14.jpg 480w\" sizes=\"auto, (max-width: 460px) 100vw, 460px\" \/><\/a><\/p>\n<p>&nbsp;<\/p>\n<p><strong>Metepec, Estado de M\u00e9xico.- <\/strong>En un ejercicio de transparencia, en sesi\u00f3n de cabildo, la s\u00edndico de Metepec, Teresa Salgado Varona, entreg\u00f3 al alcalde David L\u00f3pez C\u00e1rdenas, el Libro Especial Tomo III, que registra la regularizaci\u00f3n de 29 inmuebles, lo que representa un incremento en el patrimonio municipal de m\u00e1s de 85 millones de pesos.<\/p>\n<p>En el acto que da certeza jur\u00eddica al patrimonio de Metepec, el presidente municipal reconoci\u00f3 el trabajo de las \u00e1reas involucras para integrar este documento que, dijo, permite actualizar el inventario de los bienes, con el objetivo de entregarlo en tiempo y forma a la administraci\u00f3n entrante.<\/p>\n","protected":false},"excerpt":{"rendered":"<p>En un ejercicio de transparencia, en sesi\u00f3n de cabildo, la s\u00edndico de Metepec, Teresa Salgado Varona, entreg\u00f3 al alcalde David L\u00f3pez C\u00e1rdenas, el Libro Especial Tomo III, que registra la regularizaci\u00f3n de 29 inmuebles, lo que representa un incremento en el patrimonio municipal de m\u00e1s de 85 millones de pesos.<\/p>\n","protected":false},"author":3,"featured_media":407662,"comment_status":"open","ping_status":"open","sticky":false,"template":"","format":"standard","meta":{"_monsterinsights_skip_tracking":false,"_monsterinsights_sitenote_active":false,"_monsterinsights_sitenote_note":"","_monsterinsights_sitenote_category":0,"footnotes":""},"categories":[35155],"tags":[14250,43675,876],"class_list":["post-407548","post","type-post","status-publish","format-standard","has-post-thumbnail","hentry","category-estado-de-mexico-estado-de-mexico","tag-david-lopez-cardenas","tag-estado-de-mexico","tag-metepec"],"_links":{"self":[{"href":"https:\/\/www.diarioimagen.net\/index.php?rest_route=\/wp\/v2\/posts\/407548","targetHints":{"allow":["GET"]}}],"collection":[{"href":"https:\/\/www.diarioimagen.net\/index.php?rest_route=\/wp\/v2\/posts"}],"about":[{"href":"https:\/\/www.diarioimagen.net\/index.php?rest_route=\/wp\/v2\/types\/post"}],"author":[{"embeddable":true,"href":"https:\/\/www.diarioimagen.net\/index.php?rest_route=\/wp\/v2\/users\/3"}],"replies":[{"embeddable":true,"href":"https:\/\/www.diarioimagen.net\/index.php?rest_route=%2Fwp%2Fv2%2Fcomments&post=407548"}],"version-history":[{"count":0,"href":"https:\/\/www.diarioimagen.net\/index.php?rest_route=\/wp\/v2\/posts\/407548\/revisions"}],"wp:featuredmedia":[{"embeddable":true,"href":"https:\/\/www.diarioimagen.net\/index.php?rest_route=\/wp\/v2\/media\/407662"}],"wp:attachment":[{"href":"https:\/\/www.diarioimagen.net\/index.php?rest_route=%2Fwp%2Fv2%2Fmedia&parent=407548"}],"wp:term":[{"taxonomy":"category","embeddable":true,"href":"https:\/\/www.diarioimagen.net\/index.php?rest_route=%2Fwp%2Fv2%2Fcategories&post=407548"},{"taxonomy":"post_tag","embeddable":true,"href":"https:\/\/www.diarioimagen.net\/index.php?rest_route=%2Fwp%2Fv2%2Ftags&post=407548"}],"curies":[{"name":"wp","href":"https:\/\/api.w.org\/{rel}","templated":true}]}}