{"id":407598,"date":"2018-12-14T00:10:07","date_gmt":"2018-12-14T06:10:07","guid":{"rendered":"https:\/\/www.diarioimagen.net\/?p=407598"},"modified":"2018-12-14T07:57:58","modified_gmt":"2018-12-14T13:57:58","slug":"termina-la-segunda-semana-y-la-confrontacion-no-baja","status":"publish","type":"post","link":"https:\/\/www.diarioimagen.net\/?p=407598","title":{"rendered":"Termina la segunda semana y la confrontaci\u00f3n no baja"},"content":{"rendered":"<h2>Tras la puerta del poder<\/h2>\n<h5>Roberto Vizca\u00edno<\/h5>\n<p>&nbsp;<\/p>\n<div id=\"attachment_407682\" style=\"width: 470px\" class=\"wp-caption aligncenter\"><a href=\"https:\/\/www.diarioimagen.net\/?attachment_id=407682\" rel=\"attachment wp-att-407682\"><img loading=\"lazy\" decoding=\"async\" aria-describedby=\"caption-attachment-407682\" class=\"size-large wp-image-407682\" src=\"https:\/\/www.diarioimagen.net\/wp-content\/uploads\/2018\/12\/y-ni-asi-luis-xavier-460x358.jpg\" alt=\"\" width=\"460\" height=\"358\" srcset=\"https:\/\/www.diarioimagen.net\/wp-content\/uploads\/2018\/12\/y-ni-asi-luis-xavier-460x358.jpg 460w, https:\/\/www.diarioimagen.net\/wp-content\/uploads\/2018\/12\/y-ni-asi-luis-xavier-240x187.jpg 240w, https:\/\/www.diarioimagen.net\/wp-content\/uploads\/2018\/12\/y-ni-asi-luis-xavier-768x598.jpg 768w, https:\/\/www.diarioimagen.net\/wp-content\/uploads\/2018\/12\/y-ni-asi-luis-xavier.jpg 1200w\" sizes=\"auto, (max-width: 460px) 100vw, 460px\" \/><\/a><p id=\"caption-attachment-407682\" class=\"wp-caption-text\">Y ni as\u00ed&#8230; | Luis Xavier<\/p><\/div>\n<p>&nbsp;<\/p>\n<p>Hoy, al entrar al segundo viernes del r\u00e9gimen de la 4ta Transformaci\u00f3n, los conflictos y confrontaciones son el pan de todos los d\u00edas en la agenda del gobierno de <strong>Andr\u00e9s Manuel L\u00f3pez Obrador<\/strong>.<\/p>\n<p>Mi perspicaz abuela, Do\u00f1a <strong>Carmelita,<\/strong> lo hubiera simplificado con un, \u201candan como perros y gatos\u201d.<\/p>\n<p>Los pleitos en la estructura del poder y la vida p\u00fablica est\u00e1n en todos los niveles y \u00e1reas.<\/p>\n<p>Sigue a todo lo que da el choque entre <strong>Andr\u00e9s Manuel L\u00f3pez Obrador<\/strong> y sus fracciones parlamentarias mayoritarias en San L\u00e1zaro y el Senado &#8211;comandadas por Mario Delgado y Ricardo Monreal respectivamente&#8211;, contra ministros, magistrados y jueces del Poder Judicial.<\/p>\n<p>Los tenedores de bonos &#8211;es decir, los inversionistas&#8211;, del Nuevo Aeropuerto internacional de la Ciudad de M\u00e9xico rechazan de nuevo la oferta de <strong>Carlos Urz\u00faa,<\/strong> secretario de Hacienda de AMLO, para evitar la judicializaci\u00f3n internacional del caso y amenazan con persistir hasta \u201cdoblar\u201d al gobierno mexicano.<\/p>\n<p>Ante la supuesta cancelaci\u00f3n de la Reforma Educativa por parte del tabasque\u00f1o, los 12 gobernadores del PAN se encierran con <strong>Marko Cortes<\/strong> dirigente nacional del blanquiazul y advierten que \u201canalizan\u201d regresarle al gobierno federal la estructura y el servicio de educaci\u00f3n en todos sus niveles.<\/p>\n<p>Adicionalmente corre entre ellos el malestar por el trato de rechazo expresado por <strong>Andr\u00e9s Manuel L\u00f3pez Obrador<\/strong> hacia la ratificaci\u00f3n del triunfo de <strong>Martha Erika Alonso<\/strong> como gobernadora de Puebla y la amenaza latente de que su ex contendiente, <strong>Miguel Barbosa,<\/strong> pase a ser designado por AMLO como su s\u00faper delegado en la entidad.<\/p>\n<p>\u201cEso ser\u00eda simple y llanamente un acto de venganza artera imposible de tolerar\u201d; indicaron los mandatarios panistas.<\/p>\n<p>\u201cLa gobernadora no est\u00e1 sola, y si <strong>L\u00f3pez Obrador<\/strong> piensa que puede someterla con una acci\u00f3n vil como esa, nos va a obligar a responder en conjunto.<\/p>\n<p>A romper con su gobierno. Todos, en bloque\u2026 y hay varios gobernadores del PRI que tampoco est\u00e1n de acuerdo con esto\u201d, advirtieron.<\/p>\n<p>Y para completar el cuadro del desacuerdo, la oposici\u00f3n formada por legisladores del PAN, PRI, PRD, MC y Verde, terminaron por salirse ayer del pleno luego de que la c\u00fapula de Morena presidida por <strong>Ricardo Monreal,<\/strong> intent\u00f3 sustituir mediante un albazo al perredista mexiquense <strong>Juan Zepeda<\/strong> por la morenista morelense <strong>Luc\u00eda Virginia Meza Guzm\u00e1n<\/strong>, en la Comisi\u00f3n de Justicia del Senado.<\/p>\n<p>El intento deriv\u00f3 en un r\u00edspido debate de casi 4 horas durante las cuales hubo desde llamados a la negociaci\u00f3n y la cordura, hasta amenazas y cuestionamientos de todo tipo, personales y pol\u00edticos.<\/p>\n<p>Al final, los pri\u00edstas, panistas, perredistas, de Movimiento Ciudadano y del Verde, abandonaron el pleno y dejaron solos a los de la alianza de AMLO: Morena, PT y Pes.<\/p>\n<p>Detr\u00e1s del conflicto est\u00e1 el intento de <strong>Ricardo Monreal <\/strong>por recuperar el predominio de su grupo y alianza en la integraci\u00f3n de la Comisi\u00f3n de Justicia que hoy est\u00e1 compuesta por 15 senadores: 6 de Morena, 3 del PAN, 2 del PRI, 2 PRD, 1 MC y 1 de PT.<\/p>\n<p>Esta integraci\u00f3n daba para la alianza de AMLO 7 senadores frente a 8 de la oposici\u00f3n.<\/p>\n<p>Una vez que echaron fuera a <strong>Juan Zepeda,<\/strong> senador del PRD, para colocar en su lugar <strong>Luc\u00eda Virginia Meza Guzm\u00e1n,<\/strong> de Morena, la alianza pejista quedaba arriba con 8 senadores frente a 7 de la oposici\u00f3n.<\/p>\n<p>Este movimiento es esencial para tramitar la designaci\u00f3n del nuevo ministro de la Suprema Corte que deber\u00e1 ocupar la vacante que dej\u00f3 <strong>Jos\u00e9 Ram\u00f3n Coss\u00edo<\/strong> al cumplir su encargo.<\/p>\n<p><strong>L\u00f3pez Obrador<\/strong> envi\u00f3 una terna formada por <strong>Loretta Ort\u00edz, Celia Maya Garc\u00eda<\/strong> y <strong>Juan Luis Gonz\u00e1lez Alc\u00e1ntara Carranc\u00e1<\/strong> para que el Senado designe al nuevo ministro.<\/p>\n<p>Pero la intenci\u00f3n de <strong>Monreal <\/strong>y su fracci\u00f3n y aliados es la de designar al nuevo ministro lo m\u00e1s pronto posible, para que este intervenga en la elecci\u00f3n del nuevo presidente de la Suprema Corte prevista para estos d\u00edas, antes de que los ministros se vayan el pr\u00f3ximo viernes de vacaciones.<\/p>\n<p>Hoy, para ocupar la presidencia de la Suprema Corte que dejar\u00e1 <strong>Luis Mar\u00eda Aguilar Morales<\/strong> vacante por terminar su per\u00edodo, se han inscrito los ministros<strong> Alfredo Guti\u00e9rrez Ortiz Mena, Jorge Mario Pardo Rebolledo, Alberto P\u00e9rez Day\u00e1n y Arturo Zald\u00edvar Lelo de Larrea.<\/strong><\/p>\n<p>En los pasillos de la Suprema Corte y del Congreso se habla de que a <strong>AMLO<\/strong> le encantar\u00eda que quedara <strong>Arturo Zald\u00edvar Lelo de Larrea, <\/strong>un ministro m\u00e1s cercano a los postulados del tabasque\u00f1o.<\/p>\n<p>De ah\u00ed todo el pleito de ayer en el Senado.<\/p>\n<p style=\"text-align: center;\"><strong>Recriminaciones<\/strong><\/p>\n<p>En este contexto el presidente <strong>L\u00f3pez Obrador<\/strong> cumpli\u00f3 con su promesa de asistir al \u00faltimo informe del presidente de la Suprema Corte, <strong>Luis Mar\u00eda Aguilar Morales<\/strong>, de quien en d\u00edas anteriores dijo reiteradamente que ganaba casi como <strong>Donald Trump<\/strong> y a quien le exigi\u00f3 descolgar todos los cuadros de Benito Ju\u00e1rez por no cumplir lo que dec\u00eda el benem\u00e9rito de que los servidores p\u00fablicos deb\u00edan vivir en la justa median\u00eda.<\/p>\n<p>Evidentemente irritado con el mandatario, el presidente de la Suprema Corte no pudo sustraerse de emitir su enojo ante <strong>AMLO <\/strong>quien simplemente no se dio por aludido.<\/p>\n<p>Y es que el ministro presidente de la SC <strong>Luis Mar\u00eda Aguilar <\/strong>se fue por otro lado. Lo que hizo fue advertir que \u201csi un juez no goza de independencia, deja de ser juez\u201d.<\/p>\n<p>Pero <strong>L\u00f3pez Obrador <\/strong>no ha se\u00f1alado lo contrario, sino que ha criticado los altos salarios no su actuaci\u00f3n judicial.<\/p>\n<p>Perdido en otro debate, el presidente de la Corte continu\u00f3:<\/p>\n<p>\u201cPara el ejercicio digno de nuestra profesi\u00f3n, lo primero a defender es nuestra independencia real y absoluta.<\/p>\n<p>\u00abS\u00f3lo as\u00ed desempe\u00f1aremos adecuadamente la elevada responsabilidad de cumplir y hacer cumplir la Constituci\u00f3n\u2026<\/p>\n<p>\u00abMi convicci\u00f3n es que si un juez no goza de condiciones de independencia, deja de ser juez para convertirse en mandatario de alguien\u2026<\/p>\n<p>\u00abConcomitantemente, no puede tolerarse el menor acto de corrupci\u00f3n y debe ser combatido con la m\u00e1xima severidad establecida en la ley\u00bb, indic\u00f3.<\/p>\n<p>Al final y a pesar de tenerlo ah\u00ed, frente a \u00e9l, el ministro Aguilar Morales no dijo nada que aludiera a las cr\u00edticas que el Presidente de M\u00e9xico les ha hecho a los ministros.<\/p>\n<p style=\"text-align: center;\"><strong>Rescatado por ambulantes<\/strong><\/p>\n<p>Sonriente, <strong>L\u00f3pez Obrador<\/strong> felicit\u00f3 y se despidi\u00f3 de los ministros y emprendi\u00f3 el regreso a pie a sus oficinas en Palacio Nacional que se encuentra al otro lado de la calle de Corregidora.<\/p>\n<p>Esperado por la muchedumbre, su guardia de apenas 3 ayudantes fue r\u00e1pidamente rebasada por los ciudadanos y periodistas que rodearon a <strong>AMLO<\/strong> hasta impedirle caminar.<\/p>\n<p>Al ver la escena, los ambulantes de Corregidora se organizaron de inmediato y fueron al rescate del Presidente a quien le organizaron una valla que le permiti\u00f3 llegar a Palacio.<\/p>\n<p>Una muestra m\u00e1s de la vulnerabilidad e inseguridad en que se mueve el tabasque\u00f1o.<\/p>\n<p><em><a href=\"http:\/\/www.endirecto.com.mx\/\" target=\"_blank\" rel=\"noopener\">www.endirecto.com.mx<\/a><\/em><br \/>\n<em><a href=\"https:\/\/twitter.com\/_rvizcaino\" target=\"_blank\" rel=\"noopener\">@_RVizcaino<\/a><\/em><br \/>\n<a href=\"https:\/\/www.facebook.com\/rvizcainoa\" target=\"_blank\" rel=\"noopener\">f<em>acebook.com\/rvizcainoa<\/em><\/a><\/p>\n","protected":false},"excerpt":{"rendered":"<p><span style=\"color: #005497;\"><strong>Roberto Vizca\u00edno<\/strong><\/span><br \/>\n<br \/>\nHoy, al entrar al segundo viernes del r\u00e9gimen de la 4ta Transformaci\u00f3n, los conflictos y confrontaciones son el pan de todos los d\u00edas en la agenda del gobierno de <strong>Andr\u00e9s Manuel L\u00f3pez Obrador<\/strong>.<\/p>\n","protected":false},"author":3,"featured_media":407682,"comment_status":"open","ping_status":"open","sticky":false,"template":"","format":"standard","meta":{"_monsterinsights_skip_tracking":false,"_monsterinsights_sitenote_active":false,"_monsterinsights_sitenote_note":"","_monsterinsights_sitenote_category":0,"footnotes":""},"categories":[136],"tags":[43674,93,94],"class_list":["post-407598","post","type-post","status-publish","format-standard","has-post-thumbnail","hentry","category-roberto-vizcaino-opinion","tag-opinion","tag-roberto-vizcaino","tag-tras-la-puerta-del-poder"],"_links":{"self":[{"href":"https:\/\/www.diarioimagen.net\/index.php?rest_route=\/wp\/v2\/posts\/407598","targetHints":{"allow":["GET"]}}],"collection":[{"href":"https:\/\/www.diarioimagen.net\/index.php?rest_route=\/wp\/v2\/posts"}],"about":[{"href":"https:\/\/www.diarioimagen.net\/index.php?rest_route=\/wp\/v2\/types\/post"}],"author":[{"embeddable":true,"href":"https:\/\/www.diarioimagen.net\/index.php?rest_route=\/wp\/v2\/users\/3"}],"replies":[{"embeddable":true,"href":"https:\/\/www.diarioimagen.net\/index.php?rest_route=%2Fwp%2Fv2%2Fcomments&post=407598"}],"version-history":[{"count":0,"href":"https:\/\/www.diarioimagen.net\/index.php?rest_route=\/wp\/v2\/posts\/407598\/revisions"}],"wp:featuredmedia":[{"embeddable":true,"href":"https:\/\/www.diarioimagen.net\/index.php?rest_route=\/wp\/v2\/media\/407682"}],"wp:attachment":[{"href":"https:\/\/www.diarioimagen.net\/index.php?rest_route=%2Fwp%2Fv2%2Fmedia&parent=407598"}],"wp:term":[{"taxonomy":"category","embeddable":true,"href":"https:\/\/www.diarioimagen.net\/index.php?rest_route=%2Fwp%2Fv2%2Fcategories&post=407598"},{"taxonomy":"post_tag","embeddable":true,"href":"https:\/\/www.diarioimagen.net\/index.php?rest_route=%2Fwp%2Fv2%2Ftags&post=407598"}],"curies":[{"name":"wp","href":"https:\/\/api.w.org\/{rel}","templated":true}]}}