{"id":407752,"date":"2018-12-17T00:08:01","date_gmt":"2018-12-17T06:08:01","guid":{"rendered":"https:\/\/www.diarioimagen.net\/?p=407752"},"modified":"2018-12-17T23:45:34","modified_gmt":"2018-12-18T05:45:34","slug":"compromisos-cumplidos-gobierno-transparente-y-distinguido-con-premios-sello-de-david-lopez-cardenas-en-metepec","status":"publish","type":"post","link":"https:\/\/www.diarioimagen.net\/?p=407752","title":{"rendered":"Compromisos cumplidos, gobierno transparente y distinguido con premios, sello de David L\u00f3pez C\u00e1rdenas, en Metepec"},"content":{"rendered":"<ul>\n<li><em><strong>63 pol\u00edticas p\u00fablicas fueron avaladas en evaluaciones de organismos y dependencias externas con resultados positivos<\/strong><\/em><\/li>\n<\/ul>\n<p>&nbsp;<\/p>\n<div id=\"attachment_407807\" style=\"width: 470px\" class=\"wp-caption aligncenter\"><a href=\"https:\/\/www.diarioimagen.net\/?attachment_id=407807\" rel=\"attachment wp-att-407807\"><img loading=\"lazy\" decoding=\"async\" aria-describedby=\"caption-attachment-407807\" class=\"size-large wp-image-407807\" src=\"https:\/\/www.diarioimagen.net\/wp-content\/uploads\/2018\/12\/IMG_1467-460x313.jpg\" alt=\"\" width=\"460\" height=\"313\" srcset=\"https:\/\/www.diarioimagen.net\/wp-content\/uploads\/2018\/12\/IMG_1467-460x313.jpg 460w, https:\/\/www.diarioimagen.net\/wp-content\/uploads\/2018\/12\/IMG_1467-240x163.jpg 240w, https:\/\/www.diarioimagen.net\/wp-content\/uploads\/2018\/12\/IMG_1467-768x523.jpg 768w, https:\/\/www.diarioimagen.net\/wp-content\/uploads\/2018\/12\/IMG_1467.jpg 1200w\" sizes=\"auto, (max-width: 460px) 100vw, 460px\" \/><\/a><p id=\"caption-attachment-407807\" class=\"wp-caption-text\">El alcalde de Metepec, David L\u00f3pez C\u00e1rdenas, se despidi\u00f3 del personal del ayuntamiento en forma personal, aunque todav\u00eda despachar\u00e1 hasta el 31 del actual<\/p><\/div>\n<p><strong>\u00a0<\/strong><\/p>\n<p><strong>Pueblo M\u00e1gico de Metepec, Estado de M\u00e9xico.- \u00a0<\/strong>Al rendir su tercer informe de gobierno en el Teatro Quimera, el alcalde\u00a0\u00a0de Metepec, David L\u00f3pez C\u00e1rdenas, dio cuenta de resultados en tres a\u00f1os, destacando el cumplimiento de todos los compromisos ante la ciudadan\u00eda y una administraci\u00f3n distinguida por la transparencia, con m\u00faltiples reconocimientos, as\u00ed como un municipio con infraestructura moderna, desarrollo econ\u00f3mico y estabilidad social y pol\u00edtica.<\/p>\n<p>Ante funcionarios federales y de la entidad; vecinas y vecinos, artesanos y personajes de todos los sectores de la sociedad metepequense, el presidente municipal inform\u00f3 sobre los logros obtenidos durante su administraci\u00f3n.<\/p>\n<p>Con apoyo audiovisual, L\u00f3pez C\u00e1rdenas expuso 10 principales puntos que consolidaron el importante desarrollo del municipio en educaci\u00f3n, transparencia, finanzas sanas, crecimiento econ\u00f3mico, infraestructura urbana, cultura, seguridad y modernizaci\u00f3n administrativa, por mencionar algunos, que se manifestaron en beneficio directo a la ciudadan\u00eda y en consecuencia permitieron elevar la calidad de vida de los habitantes.<\/p>\n<p>El mun\u00edcipe resalt\u00f3 que desde el principio de su gesti\u00f3n hubo acercamiento con los pueblos originarios de Metepec, llevando a cabo 11 Talleres de Planeaci\u00f3n Participativa y un Foro, donde se recibieron m\u00e1s de 200 propuestas, permitiendo con ello definir prioridades y dise\u00f1ar las pol\u00edticas p\u00fablicas adecuadas para la atenci\u00f3n ciudadana.<\/p>\n<p>Resalt\u00f3 que derivado del ejercicio incluyente y transparente, se implement\u00f3 el programa Metepec Decide Contigo por la Educaci\u00f3n, beneficiando a todos alumnos de nivel b\u00e1sico de 127 escuelas p\u00fablicas del municipio con la entrega de 111 mil paquetes escolares consistentes en chamarra, calzado deportivo, lonchera o mochila, destinando m\u00e1s de 85 millones de pesos de recursos\u00a0\u00a0del municipio; de igual forma, agreg\u00f3, se entregaron m\u00e1s de 12 mil becas a estudiantes de todos los niveles educativos.<\/p>\n<p>L\u00f3pez C\u00e1rdenas subray\u00f3 que gracias al trabajo de quienes integran las \u00e1reas de gobierno, se acreditaron 63 pol\u00edticas p\u00fablicas ante organismos internacionales y diferentes dependencias y organizaciones acad\u00e9micas y no gubernamentales, permitiendo as\u00ed mejorar los servicios y atenci\u00f3n a la ciudadan\u00eda.<\/p>\n<p>Abund\u00f3 que la disciplina financiera con la que siempre se condujo el gobierno, deriv\u00f3 en mejores pr\u00e1cticas, consolidando a Metepec como uno de los municipios m\u00e1s transparentes del pa\u00eds, logrando por tres a\u00f1os consecutivos el primer lugar en el \u00cdndice de Informaci\u00f3n Presupuestal, acreditado por el Instituto Mexicano para la Competitividad (IMCO); adem\u00e1s de obtener la calificaci\u00f3n crediticia de HR Ratings con perspectiva estable y de la Fitch\u2013Ratings que calific\u00f3 con A+, lo que corrobora el manejo responsable de las finanzas p\u00fablicas.<\/p>\n<p>De entre otros logros, David L\u00f3pez, destac\u00f3 la construcci\u00f3n de la Estaci\u00f3n de Bomberos \u201cMetepec 19 de Septiembre\u201d, una de las m\u00e1s grandes del pa\u00eds; la apertura de la librer\u00eda del Fondo de Cultura Econ\u00f3mica (FCE) \u201cIsidro Fabela\u201d; la acreditaci\u00f3n CALEA, que avala el cumplimiento de protocolos que aplica la Direcci\u00f3n de Seguridad P\u00fablica y Tr\u00e1nsito.<\/p>\n<p>La entrega de 33 cubiertas en planteles educativos; la inversi\u00f3n de 43 millones de pesos para la construcci\u00f3n de calles con concreto hidr\u00e1ulico equivalente a 10 hect\u00e1reas; el impulso y preservaci\u00f3n de la cultura, d\u00e1ndole continuidad al Festival Internacional de Arte y Cultura Quimera, donde artesanos metepequenses pudieron exponer y comercializar sus obras que han sido reconocidas dentro y fuera del pa\u00eds.<\/p>\n<p>Con tenis, mezclilla y camisa, el edil se mostr\u00f3 c\u00f3modo, fresco, con seguridad y visiblemente satisfecho al compartir con el auditorio repleto, los resultados tras mil 84 d\u00edas de labor, \u201camigas y amigos, el \u00e9xito no est\u00e1 hecho exclusivamente de triunfos, no se mide en n\u00fameros, ni votos; el \u00e9xito se alimenta de lealtades, de confianza, en la libertad de poder salir a la calle como cualquier ciudadano y dar los buenos d\u00edas sin poses, as\u00ed, natural, como somos en Metepec\u201d.<\/p>\n<p>El presidente municipal agradeci\u00f3 la colaboraci\u00f3n de los gobiernos de la Rep\u00fablica y del Estado de M\u00e9xico por el decidido apoyo para la consolidaci\u00f3n de metas, mismas que tambi\u00e9n hubiera sido imposible alcanzar, dijo, sin la colaboraci\u00f3n de todos los metepequenses y servidores p\u00fablicos.<\/p>\n<p>Entre aplausos y amplia ovaci\u00f3n, el alcalde se despidi\u00f3 oficialmente del encargo, a\u00fan cuando todav\u00eda atender\u00e1 intensa agenda de trabajo programada hasta el d\u00eda \u00faltimo de diciembre.<\/p>\n\n\t\t<style type=\"text\/css\">\n\t\t\t#gallery-1 {\n\t\t\t\tmargin: auto;\n\t\t\t}\n\t\t\t#gallery-1 .gallery-item {\n\t\t\t\tfloat: left;\n\t\t\t\tmargin-top: 10px;\n\t\t\t\ttext-align: center;\n\t\t\t\twidth: 33%;\n\t\t\t}\n\t\t\t#gallery-1 img {\n\t\t\t\tborder: 2px solid #cfcfcf;\n\t\t\t}\n\t\t\t#gallery-1 .gallery-caption {\n\t\t\t\tmargin-left: 0;\n\t\t\t}\n\t\t\t\/* see gallery_shortcode() in wp-includes\/media.php *\/\n\t\t<\/style>\n\t\t<div id='gallery-1' class='gallery galleryid-407752 gallery-columns-3 gallery-size-medium'><dl class='gallery-item'>\n\t\t\t<dt class='gallery-icon landscape'>\n\t\t\t\t<a href='https:\/\/www.diarioimagen.net\/?attachment_id=407807'><img loading=\"lazy\" decoding=\"async\" width=\"240\" height=\"163\" src=\"https:\/\/www.diarioimagen.net\/wp-content\/uploads\/2018\/12\/IMG_1467-240x163.jpg\" class=\"attachment-medium size-medium\" alt=\"\" aria-describedby=\"gallery-1-407807\" srcset=\"https:\/\/www.diarioimagen.net\/wp-content\/uploads\/2018\/12\/IMG_1467-240x163.jpg 240w, https:\/\/www.diarioimagen.net\/wp-content\/uploads\/2018\/12\/IMG_1467-768x523.jpg 768w, https:\/\/www.diarioimagen.net\/wp-content\/uploads\/2018\/12\/IMG_1467-460x313.jpg 460w, https:\/\/www.diarioimagen.net\/wp-content\/uploads\/2018\/12\/IMG_1467.jpg 1200w\" sizes=\"auto, (max-width: 240px) 100vw, 240px\" \/><\/a>\n\t\t\t<\/dt>\n\t\t\t\t<dd class='wp-caption-text gallery-caption' id='gallery-1-407807'>\n\t\t\t\tEl alcalde de Metepec, David L\u00f3pez C\u00e1rdenas, se despidi\u00f3 del personal del ayuntamiento en forma personal, aunque todav\u00eda despachar\u00e1 hasta el 31 del actual\n\t\t\t\t<\/dd><\/dl><dl class='gallery-item'>\n\t\t\t<dt class='gallery-icon landscape'>\n\t\t\t\t<a href='https:\/\/www.diarioimagen.net\/?attachment_id=407808'><img loading=\"lazy\" decoding=\"async\" width=\"240\" height=\"160\" src=\"https:\/\/www.diarioimagen.net\/wp-content\/uploads\/2018\/12\/IMG_1461-240x160.jpg\" class=\"attachment-medium size-medium\" alt=\"\" srcset=\"https:\/\/www.diarioimagen.net\/wp-content\/uploads\/2018\/12\/IMG_1461-240x160.jpg 240w, https:\/\/www.diarioimagen.net\/wp-content\/uploads\/2018\/12\/IMG_1461-460x307.jpg 460w, https:\/\/www.diarioimagen.net\/wp-content\/uploads\/2018\/12\/IMG_1461.jpg 700w\" sizes=\"auto, (max-width: 240px) 100vw, 240px\" \/><\/a>\n\t\t\t<\/dt><\/dl><dl class='gallery-item'>\n\t\t\t<dt class='gallery-icon landscape'>\n\t\t\t\t<a href='https:\/\/www.diarioimagen.net\/?attachment_id=407811'><img loading=\"lazy\" decoding=\"async\" width=\"240\" height=\"134\" src=\"https:\/\/www.diarioimagen.net\/wp-content\/uploads\/2018\/12\/IMG_1464-240x134.jpg\" class=\"attachment-medium size-medium\" alt=\"\" srcset=\"https:\/\/www.diarioimagen.net\/wp-content\/uploads\/2018\/12\/IMG_1464-240x134.jpg 240w, https:\/\/www.diarioimagen.net\/wp-content\/uploads\/2018\/12\/IMG_1464-460x257.jpg 460w, https:\/\/www.diarioimagen.net\/wp-content\/uploads\/2018\/12\/IMG_1464-480x270.jpg 480w, https:\/\/www.diarioimagen.net\/wp-content\/uploads\/2018\/12\/IMG_1464-235x132.jpg 235w, https:\/\/www.diarioimagen.net\/wp-content\/uploads\/2018\/12\/IMG_1464-202x114.jpg 202w, https:\/\/www.diarioimagen.net\/wp-content\/uploads\/2018\/12\/IMG_1464-350x196.jpg 350w, https:\/\/www.diarioimagen.net\/wp-content\/uploads\/2018\/12\/IMG_1464-220x123.jpg 220w, https:\/\/www.diarioimagen.net\/wp-content\/uploads\/2018\/12\/IMG_1464-237x132.jpg 237w, https:\/\/www.diarioimagen.net\/wp-content\/uploads\/2018\/12\/IMG_1464.jpg 700w\" sizes=\"auto, (max-width: 240px) 100vw, 240px\" \/><\/a>\n\t\t\t<\/dt><\/dl><br style=\"clear: both\" \/><dl class='gallery-item'>\n\t\t\t<dt class='gallery-icon landscape'>\n\t\t\t\t<a href='https:\/\/www.diarioimagen.net\/?attachment_id=407809'><img loading=\"lazy\" decoding=\"async\" width=\"240\" height=\"160\" src=\"https:\/\/www.diarioimagen.net\/wp-content\/uploads\/2018\/12\/IMG_1462-240x160.jpg\" class=\"attachment-medium size-medium\" alt=\"\" srcset=\"https:\/\/www.diarioimagen.net\/wp-content\/uploads\/2018\/12\/IMG_1462-240x160.jpg 240w, https:\/\/www.diarioimagen.net\/wp-content\/uploads\/2018\/12\/IMG_1462-460x307.jpg 460w, https:\/\/www.diarioimagen.net\/wp-content\/uploads\/2018\/12\/IMG_1462.jpg 700w\" sizes=\"auto, (max-width: 240px) 100vw, 240px\" \/><\/a>\n\t\t\t<\/dt><\/dl><dl class='gallery-item'>\n\t\t\t<dt class='gallery-icon landscape'>\n\t\t\t\t<a href='https:\/\/www.diarioimagen.net\/?attachment_id=407812'><img loading=\"lazy\" decoding=\"async\" width=\"240\" height=\"181\" src=\"https:\/\/www.diarioimagen.net\/wp-content\/uploads\/2018\/12\/IMG_1465-240x181.jpg\" class=\"attachment-medium size-medium\" alt=\"\" srcset=\"https:\/\/www.diarioimagen.net\/wp-content\/uploads\/2018\/12\/IMG_1465-240x181.jpg 240w, https:\/\/www.diarioimagen.net\/wp-content\/uploads\/2018\/12\/IMG_1465-460x347.jpg 460w, https:\/\/www.diarioimagen.net\/wp-content\/uploads\/2018\/12\/IMG_1465.jpg 700w\" sizes=\"auto, (max-width: 240px) 100vw, 240px\" \/><\/a>\n\t\t\t<\/dt><\/dl><dl class='gallery-item'>\n\t\t\t<dt class='gallery-icon landscape'>\n\t\t\t\t<a href='https:\/\/www.diarioimagen.net\/?attachment_id=407813'><img loading=\"lazy\" decoding=\"async\" width=\"240\" height=\"160\" src=\"https:\/\/www.diarioimagen.net\/wp-content\/uploads\/2018\/12\/IMG_1466-240x160.jpg\" class=\"attachment-medium size-medium\" alt=\"\" srcset=\"https:\/\/www.diarioimagen.net\/wp-content\/uploads\/2018\/12\/IMG_1466-240x160.jpg 240w, https:\/\/www.diarioimagen.net\/wp-content\/uploads\/2018\/12\/IMG_1466-460x307.jpg 460w, https:\/\/www.diarioimagen.net\/wp-content\/uploads\/2018\/12\/IMG_1466.jpg 700w\" sizes=\"auto, (max-width: 240px) 100vw, 240px\" \/><\/a>\n\t\t\t<\/dt><\/dl><br style=\"clear: both\" \/><dl class='gallery-item'>\n\t\t\t<dt class='gallery-icon landscape'>\n\t\t\t\t<a href='https:\/\/www.diarioimagen.net\/?attachment_id=407810'><img loading=\"lazy\" decoding=\"async\" width=\"240\" height=\"160\" src=\"https:\/\/www.diarioimagen.net\/wp-content\/uploads\/2018\/12\/IMG_1463-240x160.jpg\" class=\"attachment-medium size-medium\" alt=\"\" srcset=\"https:\/\/www.diarioimagen.net\/wp-content\/uploads\/2018\/12\/IMG_1463-240x160.jpg 240w, https:\/\/www.diarioimagen.net\/wp-content\/uploads\/2018\/12\/IMG_1463-460x307.jpg 460w, https:\/\/www.diarioimagen.net\/wp-content\/uploads\/2018\/12\/IMG_1463.jpg 700w\" sizes=\"auto, (max-width: 240px) 100vw, 240px\" \/><\/a>\n\t\t\t<\/dt><\/dl>\n\t\t\t<br style='clear: both' \/>\n\t\t<\/div>\n\n","protected":false},"excerpt":{"rendered":"<p>Al rendir su tercer informe de gobierno en el Teatro Quimera, el alcalde  de Metepec, David L\u00f3pez C\u00e1rdenas, dio cuenta de resultados en tres a\u00f1os, destacando el cumplimiento de todos los compromisos ante la ciudadan\u00eda y una administraci\u00f3n distinguida por la transparencia, con m\u00faltiples reconocimientos, as\u00ed como un municipio con infraestructura moderna, desarrollo econ\u00f3mico y estabilidad social y pol\u00edtica.<\/p>\n","protected":false},"author":3,"featured_media":407807,"comment_status":"open","ping_status":"open","sticky":false,"template":"","format":"standard","meta":{"_monsterinsights_skip_tracking":false,"_monsterinsights_sitenote_active":false,"_monsterinsights_sitenote_note":"","_monsterinsights_sitenote_category":0,"footnotes":""},"categories":[5],"tags":[14250,43675,876,73710],"class_list":["post-407752","post","type-post","status-publish","format-standard","has-post-thumbnail","hentry","category-estado-de-mexico","tag-david-lopez-cardenas","tag-estado-de-mexico","tag-metepec","tag-teatro-quimera"],"_links":{"self":[{"href":"https:\/\/www.diarioimagen.net\/index.php?rest_route=\/wp\/v2\/posts\/407752","targetHints":{"allow":["GET"]}}],"collection":[{"href":"https:\/\/www.diarioimagen.net\/index.php?rest_route=\/wp\/v2\/posts"}],"about":[{"href":"https:\/\/www.diarioimagen.net\/index.php?rest_route=\/wp\/v2\/types\/post"}],"author":[{"embeddable":true,"href":"https:\/\/www.diarioimagen.net\/index.php?rest_route=\/wp\/v2\/users\/3"}],"replies":[{"embeddable":true,"href":"https:\/\/www.diarioimagen.net\/index.php?rest_route=%2Fwp%2Fv2%2Fcomments&post=407752"}],"version-history":[{"count":0,"href":"https:\/\/www.diarioimagen.net\/index.php?rest_route=\/wp\/v2\/posts\/407752\/revisions"}],"wp:featuredmedia":[{"embeddable":true,"href":"https:\/\/www.diarioimagen.net\/index.php?rest_route=\/wp\/v2\/media\/407807"}],"wp:attachment":[{"href":"https:\/\/www.diarioimagen.net\/index.php?rest_route=%2Fwp%2Fv2%2Fmedia&parent=407752"}],"wp:term":[{"taxonomy":"category","embeddable":true,"href":"https:\/\/www.diarioimagen.net\/index.php?rest_route=%2Fwp%2Fv2%2Fcategories&post=407752"},{"taxonomy":"post_tag","embeddable":true,"href":"https:\/\/www.diarioimagen.net\/index.php?rest_route=%2Fwp%2Fv2%2Ftags&post=407752"}],"curies":[{"name":"wp","href":"https:\/\/api.w.org\/{rel}","templated":true}]}}