{"id":407754,"date":"2018-12-17T00:10:14","date_gmt":"2018-12-17T06:10:14","guid":{"rendered":"https:\/\/www.diarioimagen.net\/?p=407754"},"modified":"2018-12-17T03:58:22","modified_gmt":"2018-12-17T09:58:22","slug":"prioridad-un-transporte-publico-eficiente-y-seguro","status":"publish","type":"post","link":"https:\/\/www.diarioimagen.net\/?p=407754","title":{"rendered":"Prioridad, un transporte p\u00fablico eficiente y seguro"},"content":{"rendered":"<ul>\n<li><strong><em>Reuni\u00f3n entre autoridades del Edomex y CDMX<\/em><\/strong><\/li>\n<li><strong><em>Instalan la Comisi\u00f3n Metropolitana de Movilidad<\/em><\/strong><\/li>\n<\/ul>\n<p>&nbsp;<\/p>\n<p><a href=\"https:\/\/www.diarioimagen.net\/?attachment_id=407820\" rel=\"attachment wp-att-407820\"><img loading=\"lazy\" decoding=\"async\" class=\"aligncenter size-large wp-image-407820\" src=\"https:\/\/www.diarioimagen.net\/wp-content\/uploads\/2018\/12\/movilidad-460x259.jpg\" alt=\"\" width=\"460\" height=\"259\" srcset=\"https:\/\/www.diarioimagen.net\/wp-content\/uploads\/2018\/12\/movilidad-460x259.jpg 460w, https:\/\/www.diarioimagen.net\/wp-content\/uploads\/2018\/12\/movilidad-240x135.jpg 240w, https:\/\/www.diarioimagen.net\/wp-content\/uploads\/2018\/12\/movilidad-235x132.jpg 235w, https:\/\/www.diarioimagen.net\/wp-content\/uploads\/2018\/12\/movilidad-202x114.jpg 202w, https:\/\/www.diarioimagen.net\/wp-content\/uploads\/2018\/12\/movilidad-350x196.jpg 350w, https:\/\/www.diarioimagen.net\/wp-content\/uploads\/2018\/12\/movilidad-220x123.jpg 220w, https:\/\/www.diarioimagen.net\/wp-content\/uploads\/2018\/12\/movilidad-237x132.jpg 237w, https:\/\/www.diarioimagen.net\/wp-content\/uploads\/2018\/12\/movilidad.jpg 480w\" sizes=\"auto, (max-width: 460px) 100vw, 460px\" \/><\/a><\/p>\n<p>&nbsp;<\/p>\n<p><strong>Ciudad de M\u00e9xico<\/strong>.- Los secretarios de Movilidad de la Ciudad de M\u00e9xico y el Edomex, Andr\u00e9s Lajous y Raymundo Mart\u00ednez, junto al titular de Comunicaciones mexiquense, Luis Lim\u00f3n, y el subsecretario de Coordinaci\u00f3n Metropolitana, Ren\u00e9 Cervera, instalaron la Comisi\u00f3n Metropolitana de Movilidad, misma que busca implementar pol\u00edticas p\u00fablicas de movilidad integradas y unificadas entre ambas entidades. \u201cTrabajaremos sin fronteras\u201d, expres\u00f3 Luis Lim\u00f3n, al t\u00e9rmino del encuentro.<\/p>\n<p>Esta reuni\u00f3n se realiz\u00f3 en la sede de la Semovi, d\u00edas despu\u00e9s de que el gobernador Alfredo Del Mazo y la jefa de Gobierno de la CDMX, Claudia Sheinbaum, retomaran la Comisi\u00f3n Metropolitana.<\/p>\n<p>Con sus equipos de trabajo, los secretarios presentaron las prioridades para cada entidad en materia de transporte y movilidad sustentables, donde coincidieron en hacer al transporte p\u00fablico m\u00e1s eficiente y seguro, as\u00ed como lograr una regulaci\u00f3n homologada de sistemas. Los temas m\u00e1s importantes para ambos equipos fueron garantizar la interoperabilidad entre la Ciudad de M\u00e9xico y el Edomex, especialmente en el Sistema de Transporte Metro y en Metrob\u00fas, el Sistema de Ciclov\u00edas metropolitanas, recuperaci\u00f3n del espacio p\u00fablico, colaborar en el enriquecimiento de informaci\u00f3n de origen-destino de ciudadanos en ambas entidades y la elaboraci\u00f3n de un padr\u00f3n \u00fanico confiable del transporte de ruta.<\/p>\n<p>Adem\u00e1s, se propuso la creaci\u00f3n de un centro \u00fanico de movilidad entre unidades, y la coordinaci\u00f3n para la operaci\u00f3n de la CETRAM Indios Verdes y la creaci\u00f3n de un proyecto ejecutivo de transporte Chalco-La Paz.<\/p>\n<p>Como resultado de las coincidencias en esta primera reuni\u00f3n, se destac\u00f3 la propuesta de homologaci\u00f3n de sistemas de pago para facilitar la interoperabilidad de sistemas de transporte masivo. En esta unificaci\u00f3n del medio de pago, se considera al Metrob\u00fas del GCDMX, el Mexib\u00fas del Edom\u00e9x, y el Tren Suburbano del gobierno federal. Para recuperar espacios p\u00fablicos, se planea convertirlos en sitios seguros y \u00fatiles para la ciudadan\u00eda, como los bajo puentes.<\/p>\n<p>Los funcionarios acordaron que las sesiones se realizar\u00e1n de manera permanente y programada, a fin de dar seguimiento a los esquemas de coordinaci\u00f3n que han instruido Claudia Sheinbaum, como jefa del Ejecutivo de la Ciudad de M\u00e9xico, y Alfredo Del Mazo, como gobernador del Estado de M\u00e9xico.<\/p>\n","protected":false},"excerpt":{"rendered":"<p>Los secretarios de Movilidad de la Ciudad de M\u00e9xico y el Edomex, Andr\u00e9s Lajous y Raymundo Mart\u00ednez, junto al titular de Comunicaciones mexiquense, Luis Lim\u00f3n, y el subsecretario de Coordinaci\u00f3n Metropolitana, Ren\u00e9 Cervera, instalaron la Comisi\u00f3n Metropolitana de Movilidad, misma que busca implementar pol\u00edticas p\u00fablicas de movilidad integradas y unificadas entre ambas entidades. \u201cTrabajaremos sin fronteras\u201d, expres\u00f3 Luis Lim\u00f3n, al t\u00e9rmino del encuentro.<\/p>\n","protected":false},"author":3,"featured_media":407820,"comment_status":"open","ping_status":"open","sticky":false,"template":"","format":"standard","meta":{"_monsterinsights_skip_tracking":false,"_monsterinsights_sitenote_active":false,"_monsterinsights_sitenote_note":"","_monsterinsights_sitenote_category":0,"footnotes":""},"categories":[5],"tags":[204,70345,43675,4962],"class_list":["post-407754","post","type-post","status-publish","format-standard","has-post-thumbnail","hentry","category-estado-de-mexico","tag-ciudad-de-mexico","tag-eficiencia","tag-estado-de-mexico","tag-transporte-publico"],"_links":{"self":[{"href":"https:\/\/www.diarioimagen.net\/index.php?rest_route=\/wp\/v2\/posts\/407754","targetHints":{"allow":["GET"]}}],"collection":[{"href":"https:\/\/www.diarioimagen.net\/index.php?rest_route=\/wp\/v2\/posts"}],"about":[{"href":"https:\/\/www.diarioimagen.net\/index.php?rest_route=\/wp\/v2\/types\/post"}],"author":[{"embeddable":true,"href":"https:\/\/www.diarioimagen.net\/index.php?rest_route=\/wp\/v2\/users\/3"}],"replies":[{"embeddable":true,"href":"https:\/\/www.diarioimagen.net\/index.php?rest_route=%2Fwp%2Fv2%2Fcomments&post=407754"}],"version-history":[{"count":0,"href":"https:\/\/www.diarioimagen.net\/index.php?rest_route=\/wp\/v2\/posts\/407754\/revisions"}],"wp:featuredmedia":[{"embeddable":true,"href":"https:\/\/www.diarioimagen.net\/index.php?rest_route=\/wp\/v2\/media\/407820"}],"wp:attachment":[{"href":"https:\/\/www.diarioimagen.net\/index.php?rest_route=%2Fwp%2Fv2%2Fmedia&parent=407754"}],"wp:term":[{"taxonomy":"category","embeddable":true,"href":"https:\/\/www.diarioimagen.net\/index.php?rest_route=%2Fwp%2Fv2%2Fcategories&post=407754"},{"taxonomy":"post_tag","embeddable":true,"href":"https:\/\/www.diarioimagen.net\/index.php?rest_route=%2Fwp%2Fv2%2Ftags&post=407754"}],"curies":[{"name":"wp","href":"https:\/\/api.w.org\/{rel}","templated":true}]}}