{"id":407774,"date":"2018-12-17T00:06:04","date_gmt":"2018-12-17T06:06:04","guid":{"rendered":"https:\/\/www.diarioimagen.net\/?p=407774"},"modified":"2018-12-17T23:45:21","modified_gmt":"2018-12-18T05:45:21","slug":"se-espera-mas-frio-en-gran-parte-del-pais","status":"publish","type":"post","link":"https:\/\/www.diarioimagen.net\/?p=407774","title":{"rendered":"Se espera m\u00e1s fr\u00edo en gran parte del pa\u00eds"},"content":{"rendered":"<ul>\n<li><strong><em>Por frente 17<\/em><\/strong><\/li>\n<\/ul>\n<p>&nbsp;<\/p>\n<div id=\"attachment_407875\" style=\"width: 470px\" class=\"wp-caption aligncenter\"><a href=\"https:\/\/www.diarioimagen.net\/?attachment_id=407875\" rel=\"attachment wp-att-407875\"><img loading=\"lazy\" decoding=\"async\" aria-describedby=\"caption-attachment-407875\" class=\"size-large wp-image-407875\" src=\"https:\/\/www.diarioimagen.net\/wp-content\/uploads\/2018\/12\/FRIO17-460x259.jpg\" alt=\"\" width=\"460\" height=\"259\" srcset=\"https:\/\/www.diarioimagen.net\/wp-content\/uploads\/2018\/12\/FRIO17-460x259.jpg 460w, https:\/\/www.diarioimagen.net\/wp-content\/uploads\/2018\/12\/FRIO17-240x135.jpg 240w, https:\/\/www.diarioimagen.net\/wp-content\/uploads\/2018\/12\/FRIO17-235x132.jpg 235w, https:\/\/www.diarioimagen.net\/wp-content\/uploads\/2018\/12\/FRIO17-202x114.jpg 202w, https:\/\/www.diarioimagen.net\/wp-content\/uploads\/2018\/12\/FRIO17-350x196.jpg 350w, https:\/\/www.diarioimagen.net\/wp-content\/uploads\/2018\/12\/FRIO17-220x123.jpg 220w, https:\/\/www.diarioimagen.net\/wp-content\/uploads\/2018\/12\/FRIO17-237x132.jpg 237w, https:\/\/www.diarioimagen.net\/wp-content\/uploads\/2018\/12\/FRIO17.jpg 480w\" sizes=\"auto, (max-width: 460px) 100vw, 460px\" \/><\/a><p id=\"caption-attachment-407875\" class=\"wp-caption-text\">El SMN report\u00f3 que la masa de aire polar que gener\u00f3 al frente fr\u00edo n\u00famero 17, originar\u00e1 ambiente fr\u00edo a muy fr\u00edo sobre gran parte del pa\u00eds.<\/p><\/div>\n<p>&nbsp;<\/p>\n<p>El Servicio Meteorol\u00f3gico Nacional (SMN) report\u00f3 que la masa de aire polar que gener\u00f3 al frente fr\u00edo n\u00famero 17, originar\u00e1 ambiente fr\u00edo a muy fr\u00edo sobre gran parte del pa\u00eds, ocurrencia de heladas en el norte, noreste y centro de la Rep\u00fablica.<\/p>\n<p>Adem\u00e1s de \u201cEvento de Norte\u201d con rachas superiores a 80 kil\u00f3metros por hora en el Istmo y Golfo de Tehuantepec.<\/p>\n<p>En el aviso m\u00e1s reciente del organismo dependiente de la Comisi\u00f3n Nacional del Agua (Conagua), tambi\u00e9n pronostic\u00f3 para la Pen\u00ednsula de Baja California cielo medio nublado con lluvias aisladas. Ambiente fresco durante el d\u00eda y viento de direcci\u00f3n variable de 10 a 25 km\/h.<\/p>\n<p>En el Pac\u00edfico Norte se mantendr\u00e1 cielo parcialmente nublado con intervalos de chubascos en Sonora y lluvias aisladas en Sinaloa. Ambiente fresco. Viento del noroeste de 10 a 25 kil\u00f3metros por hora con rachas de 40 kil\u00f3metros por hora.<\/p>\n<p>Mientras en el Pac\u00edfico Sur predominar\u00e1 cielo medio nublado con intervalos de chubascos en Chiapas, as\u00ed como lluvias aisladas en Oaxaca y Guerrero. Bancos de niebla en zonas de monta\u00f1a.<\/p>\n<p>En el Golfo de M\u00e9xico se estima cielo parcialmente nublado a lo largo del d\u00eda con lluvias aisladas en Veracruz y Tabasco. Ambiente templado. Bancos de niebla en zonas monta\u00f1osas. Viento de componente norte de 25 a 40 kil\u00f3metros por hora.<\/p>\n<p>Cielo parcialmente nublado con lluvias aisladas en Campeche. Ambiente c\u00e1lido y viento de componente norte de 15 a 30 kil\u00f3metros por hora en la regi\u00f3n, es lo que se prev\u00e9 en la Pen\u00ednsula de Yucat\u00e1n.<\/p>\n<p>En la Mesa Central prevalecer\u00e1 cielo parcialmente nublado. Bancos de niebla o neblina y heladas en las primeras horas de la ma\u00f1ana.<\/p>\n<p>Adem\u00e1s ambiente fresco durante el d\u00eda y viento de direcci\u00f3n variable de 10 a 25 kil\u00f3metros por hora.<\/p>\n","protected":false},"excerpt":{"rendered":"<p>El Servicio Meteorol\u00f3gico Nacional (SMN) report\u00f3 que la masa de aire polar que gener\u00f3 al frente fr\u00edo n\u00famero 17, originar\u00e1 ambiente fr\u00edo a muy fr\u00edo sobre gran parte del pa\u00eds, ocurrencia de heladas en el norte, noreste y centro de la Rep\u00fablica.<\/p>\n","protected":false},"author":3,"featured_media":407875,"comment_status":"open","ping_status":"open","sticky":false,"template":"","format":"standard","meta":{"_monsterinsights_skip_tracking":false,"_monsterinsights_sitenote_active":false,"_monsterinsights_sitenote_note":"","_monsterinsights_sitenote_category":0,"footnotes":""},"categories":[3],"tags":[127,43673,530],"class_list":["post-407774","post","type-post","status-publish","format-standard","has-post-thumbnail","hentry","category-nacional","tag-frio","tag-nacional","tag-servicio-meteorologico-nacional"],"_links":{"self":[{"href":"https:\/\/www.diarioimagen.net\/index.php?rest_route=\/wp\/v2\/posts\/407774","targetHints":{"allow":["GET"]}}],"collection":[{"href":"https:\/\/www.diarioimagen.net\/index.php?rest_route=\/wp\/v2\/posts"}],"about":[{"href":"https:\/\/www.diarioimagen.net\/index.php?rest_route=\/wp\/v2\/types\/post"}],"author":[{"embeddable":true,"href":"https:\/\/www.diarioimagen.net\/index.php?rest_route=\/wp\/v2\/users\/3"}],"replies":[{"embeddable":true,"href":"https:\/\/www.diarioimagen.net\/index.php?rest_route=%2Fwp%2Fv2%2Fcomments&post=407774"}],"version-history":[{"count":0,"href":"https:\/\/www.diarioimagen.net\/index.php?rest_route=\/wp\/v2\/posts\/407774\/revisions"}],"wp:featuredmedia":[{"embeddable":true,"href":"https:\/\/www.diarioimagen.net\/index.php?rest_route=\/wp\/v2\/media\/407875"}],"wp:attachment":[{"href":"https:\/\/www.diarioimagen.net\/index.php?rest_route=%2Fwp%2Fv2%2Fmedia&parent=407774"}],"wp:term":[{"taxonomy":"category","embeddable":true,"href":"https:\/\/www.diarioimagen.net\/index.php?rest_route=%2Fwp%2Fv2%2Fcategories&post=407774"},{"taxonomy":"post_tag","embeddable":true,"href":"https:\/\/www.diarioimagen.net\/index.php?rest_route=%2Fwp%2Fv2%2Ftags&post=407774"}],"curies":[{"name":"wp","href":"https:\/\/api.w.org\/{rel}","templated":true}]}}