{"id":407780,"date":"2018-12-17T00:01:05","date_gmt":"2018-12-17T06:01:05","guid":{"rendered":"https:\/\/www.diarioimagen.net\/?p=407780"},"modified":"2018-12-17T03:21:05","modified_gmt":"2018-12-17T09:21:05","slug":"air-france-designo-a-anne-rigail-como-su-nueva-ceo-siendo-la-primera-mujer-en-ocupar-este-cargo-a-partir-de-hoy","status":"publish","type":"post","link":"https:\/\/www.diarioimagen.net\/?p=407780","title":{"rendered":"<em>Air France<\/em> design\u00f3 a Anne Rigail como su nueva CEO, siendo la primera mujer en ocupar este cargo, a partir de hoy"},"content":{"rendered":"<h2>De cinco estrellas<\/h2>\n<h5>Victoria Gonz\u00e1lez Prado<\/h5>\n<p><strong>\u00a0<\/strong><\/p>\n<ul>\n<li><strong>All Nippon Airways<em> expande sus opciones de reserva en l\u00ednea al integrar PayPal, como nuevo m\u00e9todo de pago<\/em><\/strong><\/li>\n<li><strong>Hoteles City Express<em> anuncia la apertura de ocho nuevas propiedades, sumando as\u00ed 152 unidades y m\u00e1s de 17 mil 100 habitaciones<\/em><\/strong><\/li>\n<li><strong>Interjet<em> inici\u00f3 operaciones hacia y desde San Salvador desde el pasado s\u00e1bado 15, a fin de continuar su estrategia de expansi\u00f3n internacional<\/em><\/strong><\/li>\n<\/ul>\n<p>&nbsp;<\/p>\n<div id=\"attachment_407839\" style=\"width: 308px\" class=\"wp-caption alignleft\"><a href=\"https:\/\/www.diarioimagen.net\/?attachment_id=407839\" rel=\"attachment wp-att-407839\"><img loading=\"lazy\" decoding=\"async\" aria-describedby=\"caption-attachment-407839\" class=\"size-large wp-image-407839\" src=\"https:\/\/www.diarioimagen.net\/wp-content\/uploads\/2018\/12\/turismo-3521-298x460.jpg\" alt=\"\" width=\"298\" height=\"460\" srcset=\"https:\/\/www.diarioimagen.net\/wp-content\/uploads\/2018\/12\/turismo-3521-298x460.jpg 298w, https:\/\/www.diarioimagen.net\/wp-content\/uploads\/2018\/12\/turismo-3521-155x240.jpg 155w, https:\/\/www.diarioimagen.net\/wp-content\/uploads\/2018\/12\/turismo-3521.jpg 453w\" sizes=\"auto, (max-width: 298px) 100vw, 298px\" \/><\/a><p id=\"caption-attachment-407839\" class=\"wp-caption-text\">Anne Rigail, nueva CEO de <em>Air France<\/em>.<\/p><\/div>\n<p><strong>Anne Rigail<\/strong> es la nueva CEO de <em>Air France<\/em>, que toma posesi\u00f3n de su cargo el d\u00eda de hoy, luego de ser vicepresidenta del \u00e1rea de <em>Customer<\/em> y, reemplaza a <strong>Benjamin Smith<\/strong>, quien fue nombrado CEO interino de la aerol\u00ednea.<\/p>\n<p><strong>Anne-Marie Couderc<\/strong>, presidenta del Consejo de Administraci\u00f3n del Grupo dijo: \u201cagradezco a <strong>Benjamin Smith<\/strong> por el excelente trabajo que ha realizado como CEO interino de <em>Air France. <\/em>Bajo su liderazgo, nuestra aerol\u00ednea ha tomado r\u00e1pidamente pasos decisivos al renovar un di\u00e1logo social constructivo y proponer una nueva estructura de direcci\u00f3n ejecutiva, como se puede ver con la llegada de <strong>Anne Rigail<\/strong>. Le deseo a <strong>Anne<\/strong> mucho \u00e9xito en su nueva posici\u00f3n, en beneficio, tanto de <em>Air France<\/em> como del Grupo <em>Air France-KLM<\/em>. Mucho me alegra que ella haya aceptado este nuevo y emocionante desaf\u00edo.\u201d<\/p>\n<p>Por su parte, <strong>Benjamin Smith <\/strong>indic\u00f3: \u201cestamos contentos de que <strong>Anne Rigail<\/strong> se convierta en la nueva directora ejecutiva de Air France. <strong>Anne<\/strong> es conocedora de la industria a\u00e9rea. A lo largo de su carrera, siempre ha prestado especial atenci\u00f3n a los empleados, al implementar diversos proyectos y transformaciones, y ha colocado a nuestros pasajeros como prioridad en todo lo que hace. Con el apoyo y compromiso de cada empleado, conf\u00edo en que podemos enfrentar los desaf\u00edos actuales de <em>Air France<\/em>, y garantizar la excelencia en el servicio a todos nuestros clientes. Tengo plena fe en que <strong>Anne <\/strong>lograr\u00e1 transformar a <em>Air France<\/em>. Junto con <strong>Pieter Elbers<\/strong>, presidente y CEO de <em>KLM Royal Dutch Airlines<\/em>, el Grupo <em>Air France-KLM<\/em> est\u00e1 dando un paso importante en su reorganizaci\u00f3n, para reconquistar su sitio en el mercado\u201d.<\/p>\n<p>Cabe destacar que la nueva CEO se gradu\u00f3 en la universidad <em>Mines Par\u00eds Tech. <\/em>Comenz\u00f3 a trabajar con <em>Air Inter<\/em> en 1991. En 1996, fue nombrada jefa de Servicios al Cliente de <em>Air France<\/em> en Paris-Orly.<\/p>\n<p>En 1999, fue nombrada directora de Pasaje y Conexiones de Equipaje en el centro de Par\u00eds-Charles de Gaulle y, luego, jefa de Producto para Clientes y Equipaje.<\/p>\n<p>En 2005, jefa del Centro de Control de Operaciones en Par\u00eds-CDG. Se convirti\u00f3 en vicepresidente de Operaciones Terrestres en Par\u00eds-Charles de Gaulle en 2009.<\/p>\n<p>En 2013 tom\u00f3 el cargo de vicepresidenta ejecutiva de Servicios a bordo a cargo de las tripulaciones, y en 2017, vicepresidenta ejecutiva del \u00e1rea <em>Customer.<\/em><\/p>\n<p>\u2730\u2730\u2730\u2730\u2730 <em>All Nippon Airways<\/em> (ANA), poseedora de cinco estrellas por seis a\u00f1os consecutivos en el \u00edndice <em>SkyTrax World Airline Raiting<\/em>, expande sus opciones de reserva en l\u00ednea al integrar <em>PayPal <\/em>como nuevo m\u00e9todo de pago.<\/p>\n<p>As\u00ed, los clientes de ANA podr\u00e1n elegir <em>PayPal<\/em> como m\u00e9todo preferido de pago en el sitio <em>web<\/em> y en la <em>app,<\/em> tanto para vuelos internacionales como para viajes al interior de Jap\u00f3n, siempre que ambos se reserven al mismo tiempo. Esta facilidad de pago estar\u00e1 disponible para Jap\u00f3n, Hong Kong, Singapur, Tailandia, Taiw\u00e1n, Filipinas, Camboya, Australia, Estados Unidos, Canad\u00e1, M\u00e9xico, Reino Unido, Alemania, Francia, Italia, Espa\u00f1a, B\u00e9lgica y Suiza.<\/p>\n<p>La aerol\u00ednea decidi\u00f3 incorporar la forma de pago, con la finalidad de abrir nuevas oportunidades para los consumidores expertos en tecnolog\u00eda. As\u00ed tambi\u00e9n se reciben tarjetas de cr\u00e9dito, monedas <em>ANA SKY<\/em>, tiendas de conveniencia y transferencias bancarias<sup>*<\/sup>.<\/p>\n<p><strong>Mitsuo Tomita<\/strong>, vicepresidente ejecutivo de ANA dijo: \u201cnos emociona dar este paso encaminado a ofrecer servicios a la medida de nuestros pasajeros al a\u00f1adir a <em>PayPal <\/em>a nuestra lista de opciones de pago\u201d. Esta plataforma es global con m\u00e1s de 250 millones de cuentas activas alrededor del mundo, y queremos hacer de la experiencia de viajar, tan conveniente y accesible como sea posible\u201d.<\/p>\n<p>La decisi\u00f3n de la aerol\u00ednea japonesa de integrar este m\u00e9todo de pago es un reflejo de su visi\u00f3n a futuro y su empuje hacia la innovaci\u00f3n orientados a brindar un mejor servicio.<\/p>\n<p>*Las opciones de pago a trav\u00e9s de monedas <em>ANA SKY<\/em>, tiendas de conveniencia y transferencias bancarias depender\u00e1n del pa\u00eds donde est\u00e9n disponibles.<\/p>\n<p><strong>\u00a0<\/strong>\u2730\u2730\u2730\u2730\u2730 Hoteles <em>City Express<\/em> anuncia la apertura de ocho nuevas propiedades, sumando as\u00ed 152 unidades y m\u00e1s de 17 mil 100 habitaciones en operaci\u00f3n en los cuatro pa\u00edses donde tiene presencia: M\u00e9xico, Costa Rica, Colombia y Chile.<\/p>\n<p>Los hoteles de la cadena que abrir\u00e1n para alcanzar la meta de 152 hoteles en operaci\u00f3n son: <em>City Express Plus M\u00e9rida<\/em>, que abrir\u00e1 hoy 17 de diciembre. En Ciudad de M\u00e9xico, <em>La Villa City Express Plus<\/em>, <em>City Express<\/em> Ensenada y <em>City Express Plus Tijuana<\/em> iniciar\u00e1n operaciones entre el 22 y el 31 de diciembre.<\/p>\n<p>Tambi\u00e9n, <em>City Express Ciudad de M\u00e9xico Tlalpan<\/em>, <em>City Express Plus Chihuahua<\/em> y <em>City Centro San Luis Potos\u00ed<\/em> abrir\u00e1n en las primeras semanas del 2019.<\/p>\n<p>Con estas aperturas, la cadena hotelera, concluye su proyecto de desarrollo del a\u00f1o, en el cual se establec\u00eda la apertura de 17 nuevas unidades para sumarlas a la oferta hotelera de 135 hoteles con la que finaliz\u00f3 en el 2017.<\/p>\n<p>\u2730\u2730\u2730\u2730\u2730 La aerol\u00ednea mexicana Interjet inici\u00f3 operaciones hacia y desde San Salvador desde el pasado s\u00e1bado 15, con el fin de continuar con su estrategia de expansi\u00f3n internacional. Los vuelos son operados con aeronaves A320 con capacidad para 150 pasajeros.<\/p>\n<p>Los vuelos M\u00e9xico-San Salvador-M\u00e9xico, cuentan con horarios accesibles. En la ruta San Salvador-M\u00e9xico los pasajeros pueden conectar hacia destinos como Nueva York y Los \u00c1ngeles en los Estados Unidos, y hacia Guadalajara, Tijuana y Monterrey en la Rep\u00fablica Mexicana.<\/p>\n<p>Con el fin de promover esta nueva ruta entre los segmentos de mercado de negocios y turismo, as\u00ed como quienes viajan para visitar a sus familiares, Interjet ha lanzado atractivas tarifas de introducci\u00f3n, desde 299 d\u00f3lares, viaje redondo y con impuestos incluidos, adquiriendo los boletos desde ahora y hasta antes del 16 de febrero de 2019, completando el viaje a m\u00e1s tardar el 28 de febrero del mismo a\u00f1o.<\/p>\n<p>Con esta acci\u00f3n, la aerol\u00ednea sumar\u00e1 una nueva ruta a su oferta actual, que consta de 55 destinos, de los cuales 20 son internacionales.<\/p>\n<p>Cabe resaltar que la aerol\u00ednea moviliz\u00f3 a m\u00e1s de 3 millones de pasajeros en el mercado internacional durante los primeros diez meses del a\u00f1o, cifra que represent\u00f3 un aumento del 36.6 por ciento, en relaci\u00f3n con el mismo per\u00edodo del a\u00f1o anterior.<\/p>\n<p>Para reservar o consultar las condiciones de esta oferta, los pasajeros pueden llamar desde la Ciudad de M\u00e9xico al (55) 1102-5555 o del interior de la Rep\u00fablica al 01 (800) 0112345. Tambi\u00e9n en la p\u00e1gina interjet.com<\/p>\n<p><strong>\u201cEl \u00c1ngel de la Fama tiene sus alas hechas de papel\u2026 peri\u00f3dico\u201d.<\/strong><\/p>\n<p><em><a href=\"mailto:victoriagprado@gmail.com\" target=\"_blank\" rel=\"noopener\">victoriagprado@gmail.com<\/a><\/em><br \/>\n<em> Twitter: <a href=\"https:\/\/twitter.com\/victoriagprado\" target=\"_blank\" rel=\"noopener\">@victoriagprado<\/a><\/em><\/p>\n","protected":false},"excerpt":{"rendered":"<p><strong>Anne Rigail<\/strong> es la nueva CEO de <em>Air France<\/em>, que toma posesi\u00f3n de su cargo el d\u00eda de hoy, luego de ser vicepresidenta del \u00e1rea de <em>Customer<\/em> y, reemplaza a <strong>Benjamin Smith<\/strong>, quien fue nombrado CEO interino de la aerol\u00ednea.<\/p>\n","protected":false},"author":3,"featured_media":407841,"comment_status":"open","ping_status":"open","sticky":false,"template":"","format":"standard","meta":{"_monsterinsights_skip_tracking":false,"_monsterinsights_sitenote_active":false,"_monsterinsights_sitenote_note":"","_monsterinsights_sitenote_category":0,"footnotes":""},"categories":[11],"tags":[107,43674,43681,106],"class_list":["post-407780","post","type-post","status-publish","format-standard","has-post-thumbnail","hentry","category-turismo","tag-de-cinco-estrellas","tag-opinion","tag-turismo","tag-victoria-gonzalez-prado"],"_links":{"self":[{"href":"https:\/\/www.diarioimagen.net\/index.php?rest_route=\/wp\/v2\/posts\/407780","targetHints":{"allow":["GET"]}}],"collection":[{"href":"https:\/\/www.diarioimagen.net\/index.php?rest_route=\/wp\/v2\/posts"}],"about":[{"href":"https:\/\/www.diarioimagen.net\/index.php?rest_route=\/wp\/v2\/types\/post"}],"author":[{"embeddable":true,"href":"https:\/\/www.diarioimagen.net\/index.php?rest_route=\/wp\/v2\/users\/3"}],"replies":[{"embeddable":true,"href":"https:\/\/www.diarioimagen.net\/index.php?rest_route=%2Fwp%2Fv2%2Fcomments&post=407780"}],"version-history":[{"count":0,"href":"https:\/\/www.diarioimagen.net\/index.php?rest_route=\/wp\/v2\/posts\/407780\/revisions"}],"wp:featuredmedia":[{"embeddable":true,"href":"https:\/\/www.diarioimagen.net\/index.php?rest_route=\/wp\/v2\/media\/407841"}],"wp:attachment":[{"href":"https:\/\/www.diarioimagen.net\/index.php?rest_route=%2Fwp%2Fv2%2Fmedia&parent=407780"}],"wp:term":[{"taxonomy":"category","embeddable":true,"href":"https:\/\/www.diarioimagen.net\/index.php?rest_route=%2Fwp%2Fv2%2Fcategories&post=407780"},{"taxonomy":"post_tag","embeddable":true,"href":"https:\/\/www.diarioimagen.net\/index.php?rest_route=%2Fwp%2Fv2%2Ftags&post=407780"}],"curies":[{"name":"wp","href":"https:\/\/api.w.org\/{rel}","templated":true}]}}