{"id":407786,"date":"2018-12-17T00:07:22","date_gmt":"2018-12-17T06:07:22","guid":{"rendered":"https:\/\/www.diarioimagen.net\/?p=407786"},"modified":"2018-12-17T03:33:25","modified_gmt":"2018-12-17T09:33:25","slug":"trabajadores-ven-pasar-gobiernos-y-su-vida-empeora-jose-luis-moreno","status":"publish","type":"post","link":"https:\/\/www.diarioimagen.net\/?p=407786","title":{"rendered":"Trabajadores ven pasar gobiernos y su vida empeora: Jos\u00e9 Luis Moreno"},"content":{"rendered":"<ul>\n<li><strong><em>Vamos de mal en peor: COCEM<\/em><\/strong><\/li>\n<\/ul>\n<p>&nbsp;<\/p>\n<div id=\"attachment_407869\" style=\"width: 470px\" class=\"wp-caption aligncenter\"><a href=\"https:\/\/www.diarioimagen.net\/?attachment_id=407869\" rel=\"attachment wp-att-407869\"><img loading=\"lazy\" decoding=\"async\" aria-describedby=\"caption-attachment-407869\" class=\"size-large wp-image-407869\" src=\"https:\/\/www.diarioimagen.net\/wp-content\/uploads\/2018\/12\/TLALNEPANTLA-17-460x259.jpg\" alt=\"\" width=\"460\" height=\"259\" srcset=\"https:\/\/www.diarioimagen.net\/wp-content\/uploads\/2018\/12\/TLALNEPANTLA-17-460x259.jpg 460w, https:\/\/www.diarioimagen.net\/wp-content\/uploads\/2018\/12\/TLALNEPANTLA-17-240x135.jpg 240w, https:\/\/www.diarioimagen.net\/wp-content\/uploads\/2018\/12\/TLALNEPANTLA-17-235x132.jpg 235w, https:\/\/www.diarioimagen.net\/wp-content\/uploads\/2018\/12\/TLALNEPANTLA-17-202x114.jpg 202w, https:\/\/www.diarioimagen.net\/wp-content\/uploads\/2018\/12\/TLALNEPANTLA-17-350x196.jpg 350w, https:\/\/www.diarioimagen.net\/wp-content\/uploads\/2018\/12\/TLALNEPANTLA-17-220x123.jpg 220w, https:\/\/www.diarioimagen.net\/wp-content\/uploads\/2018\/12\/TLALNEPANTLA-17-237x132.jpg 237w, https:\/\/www.diarioimagen.net\/wp-content\/uploads\/2018\/12\/TLALNEPANTLA-17.jpg 480w\" sizes=\"auto, (max-width: 460px) 100vw, 460px\" \/><\/a><p id=\"caption-attachment-407869\" class=\"wp-caption-text\">El dirigente de la COCEM se\u00f1al\u00f3 que \u201cla gasolina sube y en consecuencia se disparan los precios de todo, incluyendo las tarifas del transporte p\u00fablico\u201d.<\/p><\/div>\n<p>&nbsp;<\/p>\n<p><strong>Tlalnepantla, Estado de M\u00e9xico<\/strong>.- El dirigente nacional de la Confederaci\u00f3n de Obreros, Campesinos y Empleados de M\u00e9xico (COCEM), Don Jos\u00e9 Luis Moreno V\u00e9lez, fue contundente al se\u00f1alar que la clase trabajadora ve pasar un gobierno tras otro, pero su calidad de vida lejos de mejorar, empeora cada vez m\u00e1s.<\/p>\n<p>Durante el tradicional convivio de fin de a\u00f1o que dicha central obrera ofrece a sus agremiados, Moreno V\u00e9lez asegur\u00f3 que es incre\u00edble lo que pasa, ya que viene una administraci\u00f3n y luego otra, \u201cy la \u00fanica certeza que tenemos, es que vamos de mal en peor.\u201d<\/p>\n<p>Y record\u00f3 que se dijo en esta \u00faltima campa\u00f1a electoral que no iba a haber ya m\u00e1s \u201cgasolinazos\u201d y sin embargo, todo indica que \u00e9stos ya vienen, \u201cla gasolina sube y en consecuencia se disparan los precios de todo, incluyendo las tarifas del transporte p\u00fablico\u201d.<\/p>\n<p>\u201cYo siento cada d\u00eda con m\u00e1s profundidad los problemas que tienen los trabajadores y espero que tengamos la capacidad de entenderlo y resistir; yo creo que alg\u00fan d\u00eda que las organizaciones obreras nos unamos de verdad, y luchemos por modificar el sistema inflacionario, junto con las autoridades, podr\u00edamos encontrar una soluci\u00f3n para beneficio de todos\u201d, recalc\u00f3 el m\u00e1ximo l\u00edder de COCEM.<\/p>\n<p>Asimismo, reconoci\u00f3 que esta situaci\u00f3n es muy dif\u00edcil \u201cy seguro que yo ya no lo ver\u00e9, pero es uno de los deseos de un servidor que esto cambie, que las situaciones se vean mejor, nosotros luchamos junto con ustedes, nuestros compa\u00f1eros, para mejorar los salarios cada a\u00f1o, pero hay dos problemas que nos paran en seco:<\/p>\n<p>Si alg\u00fan trabajador est\u00e1 cerca de brincar al siguiente rengl\u00f3n para la cotizaci\u00f3n de impuestos, y si lo pasamos\u00a0 cuando viene el descuento, resulta m\u00e1s afectado el trabajador, y eso nos perjudica porque piensan que el sindicato lejos de beneficiar, les caus\u00f3 un da\u00f1\u00f3\u201d.<\/p>\n<p>Dijo que el otro asunto, es la revisi\u00f3n de contratos, \u201cporque d\u00eda a d\u00eda recibimos cr\u00edticas, nosotros luchamos permanente para mejorar las condiciones laborales, y la verdad es que no encontramos la forma, en el documento que se hizo en la organizaci\u00f3n, luchamos por el reparto de utilidades, pero las empresas siguen abusando y no nos dan la raz\u00f3n.\u201d<\/p>\n<p>Pese a lo anterior, expuso que con tenacidad y esp\u00edritu de lucha para defender los derechos de los trabajadores \u201cestamos cerca de la meta, hemos tenido reuniones con las autoridades del Trabajo, conservo la esperanza de que podamos resolverlo. Si el problema de outsourcing y el reparto de utilidades fuera favorable saldr\u00edamos adelante\u201d.<\/p>\n<p>Tras expresar sus parabienes a los liderazgos y base sindical de COCEM, al desearles que el a\u00f1o que viene sea mejor y traiga bendiciones a todas las familias, indic\u00f3 que el outsoursing no est\u00e1 beneficiando a los trabajadores, por lo que el sindicato tiene que luchar para defenderlos, toda vez que no\u00a0 hay equidad.<\/p>\n<p>En tanto, el l\u00edder de COCEM en el Edom\u00e9x y presidente del Congreso Laboral del Estado de M\u00e9xico (CLEM) Oscar Moreno Moreno,\u00a0 present\u00f3 un video en el que se abordan temas como la fundaci\u00f3n de dicha organizaci\u00f3n y se reconoce la trayectoria en la lucha sindical de parte de sus dirigentes como Don Jes\u00fas Moreno y Don Jos\u00e9 Luis Moreno.<\/p>\n<p>Al convivio de COCEM, acudieron destacados empresarios como Fernando Castro, Edgar Castro, al igual que el ex presidente municipal de Nicol\u00e1s Romero, Alejandro Castro.<\/p>\n","protected":false},"excerpt":{"rendered":"<p>El dirigente nacional de la Confederaci\u00f3n de Obreros, Campesinos y Empleados de M\u00e9xico (COCEM), Don Jos\u00e9 Luis Moreno V\u00e9lez, fue contundente al se\u00f1alar que la clase trabajadora ve pasar un gobierno tras otro, pero su calidad de vida lejos de mejorar, empeora cada vez m\u00e1s.<\/p>\n","protected":false},"author":3,"featured_media":407869,"comment_status":"open","ping_status":"open","sticky":false,"template":"","format":"standard","meta":{"_monsterinsights_skip_tracking":false,"_monsterinsights_sitenote_active":false,"_monsterinsights_sitenote_note":"","_monsterinsights_sitenote_category":0,"footnotes":""},"categories":[35155],"tags":[43675,81187,81186,169],"class_list":["post-407786","post","type-post","status-publish","format-standard","has-post-thumbnail","hentry","category-estado-de-mexico-estado-de-mexico","tag-estado-de-mexico","tag-gobiernos-empeora","tag-jose-luis-moreno","tag-tlalnepantla"],"_links":{"self":[{"href":"https:\/\/www.diarioimagen.net\/index.php?rest_route=\/wp\/v2\/posts\/407786","targetHints":{"allow":["GET"]}}],"collection":[{"href":"https:\/\/www.diarioimagen.net\/index.php?rest_route=\/wp\/v2\/posts"}],"about":[{"href":"https:\/\/www.diarioimagen.net\/index.php?rest_route=\/wp\/v2\/types\/post"}],"author":[{"embeddable":true,"href":"https:\/\/www.diarioimagen.net\/index.php?rest_route=\/wp\/v2\/users\/3"}],"replies":[{"embeddable":true,"href":"https:\/\/www.diarioimagen.net\/index.php?rest_route=%2Fwp%2Fv2%2Fcomments&post=407786"}],"version-history":[{"count":0,"href":"https:\/\/www.diarioimagen.net\/index.php?rest_route=\/wp\/v2\/posts\/407786\/revisions"}],"wp:featuredmedia":[{"embeddable":true,"href":"https:\/\/www.diarioimagen.net\/index.php?rest_route=\/wp\/v2\/media\/407869"}],"wp:attachment":[{"href":"https:\/\/www.diarioimagen.net\/index.php?rest_route=%2Fwp%2Fv2%2Fmedia&parent=407786"}],"wp:term":[{"taxonomy":"category","embeddable":true,"href":"https:\/\/www.diarioimagen.net\/index.php?rest_route=%2Fwp%2Fv2%2Fcategories&post=407786"},{"taxonomy":"post_tag","embeddable":true,"href":"https:\/\/www.diarioimagen.net\/index.php?rest_route=%2Fwp%2Fv2%2Ftags&post=407786"}],"curies":[{"name":"wp","href":"https:\/\/api.w.org\/{rel}","templated":true}]}}