{"id":407790,"date":"2018-12-17T00:05:10","date_gmt":"2018-12-17T06:05:10","guid":{"rendered":"https:\/\/www.diarioimagen.net\/?p=407790"},"modified":"2018-12-17T03:26:13","modified_gmt":"2018-12-17T09:26:13","slug":"en-naucalpan-se-realizo-la-tradicional-carrera-del-pavo-2018","status":"publish","type":"post","link":"https:\/\/www.diarioimagen.net\/?p=407790","title":{"rendered":"En Naucalpan se realiz\u00f3 la tradicional Carrera del Pavo 2018"},"content":{"rendered":"<p><a href=\"https:\/\/www.diarioimagen.net\/?attachment_id=407856\" rel=\"attachment wp-att-407856\"><img loading=\"lazy\" decoding=\"async\" class=\"aligncenter size-large wp-image-407856\" src=\"https:\/\/www.diarioimagen.net\/wp-content\/uploads\/2018\/12\/NAUCALPAN-17-460x259.jpg\" alt=\"\" width=\"460\" height=\"259\" srcset=\"https:\/\/www.diarioimagen.net\/wp-content\/uploads\/2018\/12\/NAUCALPAN-17-460x259.jpg 460w, https:\/\/www.diarioimagen.net\/wp-content\/uploads\/2018\/12\/NAUCALPAN-17-240x135.jpg 240w, https:\/\/www.diarioimagen.net\/wp-content\/uploads\/2018\/12\/NAUCALPAN-17-235x132.jpg 235w, https:\/\/www.diarioimagen.net\/wp-content\/uploads\/2018\/12\/NAUCALPAN-17-202x114.jpg 202w, https:\/\/www.diarioimagen.net\/wp-content\/uploads\/2018\/12\/NAUCALPAN-17-350x196.jpg 350w, https:\/\/www.diarioimagen.net\/wp-content\/uploads\/2018\/12\/NAUCALPAN-17-220x123.jpg 220w, https:\/\/www.diarioimagen.net\/wp-content\/uploads\/2018\/12\/NAUCALPAN-17-237x132.jpg 237w, https:\/\/www.diarioimagen.net\/wp-content\/uploads\/2018\/12\/NAUCALPAN-17.jpg 480w\" sizes=\"auto, (max-width: 460px) 100vw, 460px\" \/><\/a><\/p>\n<p>&nbsp;<\/p>\n<p><strong>Naucalpan, Estado de M\u00e9xico<\/strong><strong>.- <\/strong>En un ambiente de sana competencia, diversi\u00f3n y convivencia familiar, el gobierno de Naucalpan llev\u00f3 a cabo la Carrera del Pavo 2018 con una sola categor\u00eda para las ramas varonil y femenil, en la que participaron mil\u00a0 habitantes de diversas comunidades de esta localidad.<\/p>\n<p>En punto de las 8:00 horas, el\u00a0 Instituto Municipal de Cultura F\u00edsica y Deporte de Naucalpan, IMCUFIDEN, dio el disparo de salida a la carrera de 5 kil\u00f3metros en la pista de la Unidad Deportiva Cuauht\u00e9moc, recorriendo parte de la Avenida Gustavo Baz, previamente al arranque se realiz\u00f3 una \u201ccaminata de oro\u201d, en la que 80 personas adultas mayores recorrieron 30 metros de la pista.<\/p>\n","protected":false},"excerpt":{"rendered":"<p> En un ambiente de sana competencia, diversi\u00f3n y convivencia familiar, el gobierno de Naucalpan llev\u00f3 a cabo la Carrera del Pavo 2018 con una sola categor\u00eda para las ramas varonil y femenil, en la que participaron mil  habitantes de diversas comunidades de esta localidad.<\/p>\n","protected":false},"author":3,"featured_media":407856,"comment_status":"open","ping_status":"open","sticky":false,"template":"","format":"standard","meta":{"_monsterinsights_skip_tracking":false,"_monsterinsights_sitenote_active":false,"_monsterinsights_sitenote_note":"","_monsterinsights_sitenote_category":0,"footnotes":""},"categories":[35155],"tags":[81188,43675,970],"class_list":["post-407790","post","type-post","status-publish","format-standard","has-post-thumbnail","hentry","category-estado-de-mexico-estado-de-mexico","tag-carrera-del-pavo","tag-estado-de-mexico","tag-naucalpan"],"_links":{"self":[{"href":"https:\/\/www.diarioimagen.net\/index.php?rest_route=\/wp\/v2\/posts\/407790","targetHints":{"allow":["GET"]}}],"collection":[{"href":"https:\/\/www.diarioimagen.net\/index.php?rest_route=\/wp\/v2\/posts"}],"about":[{"href":"https:\/\/www.diarioimagen.net\/index.php?rest_route=\/wp\/v2\/types\/post"}],"author":[{"embeddable":true,"href":"https:\/\/www.diarioimagen.net\/index.php?rest_route=\/wp\/v2\/users\/3"}],"replies":[{"embeddable":true,"href":"https:\/\/www.diarioimagen.net\/index.php?rest_route=%2Fwp%2Fv2%2Fcomments&post=407790"}],"version-history":[{"count":0,"href":"https:\/\/www.diarioimagen.net\/index.php?rest_route=\/wp\/v2\/posts\/407790\/revisions"}],"wp:featuredmedia":[{"embeddable":true,"href":"https:\/\/www.diarioimagen.net\/index.php?rest_route=\/wp\/v2\/media\/407856"}],"wp:attachment":[{"href":"https:\/\/www.diarioimagen.net\/index.php?rest_route=%2Fwp%2Fv2%2Fmedia&parent=407790"}],"wp:term":[{"taxonomy":"category","embeddable":true,"href":"https:\/\/www.diarioimagen.net\/index.php?rest_route=%2Fwp%2Fv2%2Fcategories&post=407790"},{"taxonomy":"post_tag","embeddable":true,"href":"https:\/\/www.diarioimagen.net\/index.php?rest_route=%2Fwp%2Fv2%2Ftags&post=407790"}],"curies":[{"name":"wp","href":"https:\/\/api.w.org\/{rel}","templated":true}]}}