{"id":407792,"date":"2018-12-17T00:04:35","date_gmt":"2018-12-17T06:04:35","guid":{"rendered":"https:\/\/www.diarioimagen.net\/?p=407792"},"modified":"2018-12-17T03:29:29","modified_gmt":"2018-12-17T09:29:29","slug":"arrestan-a-sujeto-armado-dentro-de-plantel-de-tultitlan","status":"publish","type":"post","link":"https:\/\/www.diarioimagen.net\/?p=407792","title":{"rendered":"Arrestan a sujeto armado dentro de plantel de Tultitl\u00e1n"},"content":{"rendered":"<ul>\n<li><strong><em>Alumno del Cetis 36 tra\u00eda un rev\u00f3lver<\/em><\/strong><\/li>\n<\/ul>\n<p>&nbsp;<\/p>\n<div id=\"attachment_407859\" style=\"width: 309px\" class=\"wp-caption alignleft\"><a href=\"https:\/\/www.diarioimagen.net\/?attachment_id=407859\" rel=\"attachment wp-att-407859\"><img loading=\"lazy\" decoding=\"async\" aria-describedby=\"caption-attachment-407859\" class=\"wp-image-407859\" src=\"https:\/\/www.diarioimagen.net\/wp-content\/uploads\/2018\/12\/TULTITLAN-17-345x460.jpg\" alt=\"\" width=\"299\" height=\"399\" srcset=\"https:\/\/www.diarioimagen.net\/wp-content\/uploads\/2018\/12\/TULTITLAN-17-345x460.jpg 345w, https:\/\/www.diarioimagen.net\/wp-content\/uploads\/2018\/12\/TULTITLAN-17-180x240.jpg 180w, https:\/\/www.diarioimagen.net\/wp-content\/uploads\/2018\/12\/TULTITLAN-17.jpg 525w\" sizes=\"auto, (max-width: 299px) 100vw, 299px\" \/><\/a><p id=\"caption-attachment-407859\" class=\"wp-caption-text\">El arma de fuego rev\u00f3lver calibre 22, marca Llama espa\u00f1ola, estaba dentro de su mochila y la delaci\u00f3n fue por parte de los maestros.<\/p><\/div>\n<p><strong>Tultitl\u00e1n, Estado de M\u00e9xico<\/strong>.- Como parte de las acciones encaminadas al reforzamiento de la seguridad en Tultitl\u00e1n, autoridades municipales detuvieron a un joven por portar un arma de fuego.<\/p>\n<p>Los elementos de seguridad que participaron en dicha detenci\u00f3n, indicaron que al realizar un operativo de rutina sobre la avenida Jos\u00e9 L\u00f3pez Portillo, nos indican v\u00eda radio control un reporte sobre personas fumando sustancias t\u00f3xicas afuera de la escuela preparatoria denominada Cetis 36,\u00a0 ubicada sobre avenida Margarita Maza de Ju\u00e1rez, colonia San Francisco Chilpan.<\/p>\n<p>Al acudir a dicho lugar se les realiza inspecci\u00f3n a los adolescentes del lugar por labores de prevenci\u00f3n y es el cual uno de los menores quien responde al nombre de Francisco \u201cN\u201d,\u00a0 portaba un arma de fuego revolver calibre 22, marca Llama espa\u00f1ola, sin cartuchos en el interior de su mochila, por lo cual se le indican los derechos fundamentales, que la ley de confiere, indic\u00e1ndole el motivo de su detenci\u00f3n,\u00a0 portaci\u00f3n de arma prohibida.<\/p>\n<p>Asimismo, minutos despu\u00e9s de haber sido efectuada la detenci\u00f3n, el sujeto fue trasladado a la fiscal\u00eda especializada en menores infractores, con sede en el municipio de Tlalnepantla de Baz\u00a0 colonia San Pedro Barrientos,\u00a0 para ver su situaci\u00f3n jur\u00eddica.<\/p>\n<p>Finalmente, la comisar\u00eda de Seguridad P\u00fablica, Vialidad y Protecci\u00f3n Civil hizo un llamado a todos los tultitlenses para que no duden en pedir el apoyo de los elementos de seguridad, ya que d\u00eda a d\u00eda se busca hacer m\u00e1s eficiente la atenci\u00f3n de las llamadas de auxilio.<\/p>\n","protected":false},"excerpt":{"rendered":"<p>Como parte de las acciones encaminadas al reforzamiento de la seguridad en Tultitl\u00e1n, autoridades municipales detuvieron a un joven por portar un arma de fuego.<\/p>\n","protected":false},"author":3,"featured_media":407860,"comment_status":"open","ping_status":"open","sticky":false,"template":"","format":"standard","meta":{"_monsterinsights_skip_tracking":false,"_monsterinsights_sitenote_active":false,"_monsterinsights_sitenote_note":"","_monsterinsights_sitenote_category":0,"footnotes":""},"categories":[35155],"tags":[81189,43675,50152,578],"class_list":["post-407792","post","type-post","status-publish","format-standard","has-post-thumbnail","hentry","category-estado-de-mexico-estado-de-mexico","tag-dentro","tag-estado-de-mexico","tag-plantel","tag-tultitlan"],"_links":{"self":[{"href":"https:\/\/www.diarioimagen.net\/index.php?rest_route=\/wp\/v2\/posts\/407792","targetHints":{"allow":["GET"]}}],"collection":[{"href":"https:\/\/www.diarioimagen.net\/index.php?rest_route=\/wp\/v2\/posts"}],"about":[{"href":"https:\/\/www.diarioimagen.net\/index.php?rest_route=\/wp\/v2\/types\/post"}],"author":[{"embeddable":true,"href":"https:\/\/www.diarioimagen.net\/index.php?rest_route=\/wp\/v2\/users\/3"}],"replies":[{"embeddable":true,"href":"https:\/\/www.diarioimagen.net\/index.php?rest_route=%2Fwp%2Fv2%2Fcomments&post=407792"}],"version-history":[{"count":0,"href":"https:\/\/www.diarioimagen.net\/index.php?rest_route=\/wp\/v2\/posts\/407792\/revisions"}],"wp:featuredmedia":[{"embeddable":true,"href":"https:\/\/www.diarioimagen.net\/index.php?rest_route=\/wp\/v2\/media\/407860"}],"wp:attachment":[{"href":"https:\/\/www.diarioimagen.net\/index.php?rest_route=%2Fwp%2Fv2%2Fmedia&parent=407792"}],"wp:term":[{"taxonomy":"category","embeddable":true,"href":"https:\/\/www.diarioimagen.net\/index.php?rest_route=%2Fwp%2Fv2%2Fcategories&post=407792"},{"taxonomy":"post_tag","embeddable":true,"href":"https:\/\/www.diarioimagen.net\/index.php?rest_route=%2Fwp%2Fv2%2Ftags&post=407792"}],"curies":[{"name":"wp","href":"https:\/\/api.w.org\/{rel}","templated":true}]}}